{"id":44752,"date":"2023-11-06T15:18:46","date_gmt":"2023-11-06T20:18:46","guid":{"rendered":"https:\/\/esreviral.com\/?p=44752"},"modified":"2023-11-06T15:18:47","modified_gmt":"2023-11-06T20:18:47","slug":"manotengofe-estos-seran-los-hombres-que-defenderan-a-la-vinotinto-en-las-proximas-fechas-de-la-eliminatoria","status":"publish","type":"post","link":"https:\/\/esreviral.com\/?p=44752","title":{"rendered":"#Manotengofe Estos ser\u00e1n los hombres que defender\u00e1n a la Vinotinto en las pr\u00f3ximas fechas de la eliminatoria"},"content":{"rendered":"\n<p>Ya se conocieron los nombres de qui\u00e9nes ser\u00e1n los hombres que defender\u00e1n el tricolor nacional de cara a la doble fecha de las <strong>eliminatorias suramericanas 2026<\/strong>.<\/p>\n\n\n\n<p>El entrenador Fernando \u2018Bocha\u2019 Batista anunci\u00f3 este lunes 6 de noviembre la lista oficial de jugadores que estar\u00e1n en los duelos ante Ecuador, el pr\u00f3ximo 16 de noviembre, y ante Per\u00fa el 21 de noviembre.<\/p>\n\n\n\n<p>Para esta convocatoria, el\u00a0DT\u00a0argentino tom\u00f3 en cuenta a 3<strong>\u00a0porteros, 9 defensas, 12 mediocampistas y 3 delanteros<\/strong>. Est\u00e1n incluidos jugadores que demostraron ser claves en compromisos anteriores, como<strong>\u00a0Salom\u00f3n Rond\u00f3n,\u00a0Darwin Mach\u00eds\u00a0y\u00a0Yeferson Soteldo.<\/strong><\/p>\n\n\n\n<p>Entre los convocados a la Vinotinto destac\u00f3 la ausencia de<strong>\u00a0Josef Mart\u00ednez<\/strong>, quien dej\u00f3 de ser jugador del Inter Miami en octubre. Asimismo, el mediocampista Jes\u00fas Bueno, del Philadelphia Union, fue sustituido por Edson Castillo, quien pertenece al Kaizer Chiefs. Por lo dem\u00e1s, la convocatoria es similar a las anteriores.<\/p>\n\n\n\n<figure class=\"wp-block-image size-large\"><img decoding=\"async\" src=\"https:\/\/pbs.twimg.com\/media\/F-QadDEWkAAyXY6?format=jpg&amp;name=medium\" alt=\"\"\/><\/figure>\n","protected":false},"excerpt":{"rendered":"<p>Ya se conocieron los nombres de qui\u00e9nes ser\u00e1n los hombres que defender\u00e1n el tricolor nacional de cara a la doble fecha de las eliminatorias suramericanas 2026. El entrenador Fernando \u2018Bocha\u2019 Batista anunci\u00f3 este lunes 6 de noviembre la lista oficial de jugadores que estar\u00e1n en los duelos ante Ecuador, el pr\u00f3ximo 16 de noviembre, y [&hellip;]<\/p>\n","protected":false},"author":2,"featured_media":44753,"comment_status":"open","ping_status":"closed","sticky":false,"template":"","format":"standard","meta":{"jnews-multi-image_gallery":[],"jnews_single_post":{"subtitle":"","format":"standard","video":"","gallery":"","source_name":"","source_url":"","via_name":"","via_url":"","override_template":"0","override":[{"template":"4","single_blog_custom":"","parallax":"1","fullscreen":"1","layout":"right-sidebar","sidebar":"default-sidebar","second_sidebar":"default-sidebar","sticky_sidebar":"1","share_position":"top","share_float_style":"share-monocrhome","show_share_counter":"1","show_view_counter":"1","show_featured":"1","show_post_meta":"1","show_post_author":"1","show_post_author_image":"1","show_post_date":"1","post_date_format":"default","post_date_format_custom":"Y\/m\/d","show_post_category":"1","show_post_reading_time":"1","post_reading_time_wpm":"300","show_zoom_button":"1","zoom_button_out_step":"2","zoom_button_in_step":"3","show_post_tag":"1","show_prev_next_post":"1","show_popup_post":"1","number_popup_post":"1","show_author_box":"1","show_post_related":"1","show_inline_post_related":"0"}],"override_image_size":"0","image_override":[{"single_post_thumbnail_size":"crop-500","single_post_gallery_size":"crop-500"}],"trending_post":"0","trending_post_position":"meta","trending_post_label":"Trending","sponsored_post":"0","sponsored_post_label":"Sponsored by","sponsored_post_name":"","sponsored_post_url":"","sponsored_post_logo_enable":"0","sponsored_post_logo":"","sponsored_post_desc":"","disable_ad":"0"},"jnews_primary_category":{"id":"","hide":""},"jnews_social_meta":{"fb_title":"","fb_description":"","fb_image":"","twitter_title":"","twitter_description":"","twitter_image":""},"jnews_review":[],"enable_review":"0","type":"percentage","name":"","summary":"","brand":"","sku":"","good":[{"good_text":""}],"bad":[{"bad_text":""}],"score_override":"","override_value":"","rating":[{"rating_text":"","rating_number":"10"}],"price":[{"shop":"","price":"","link":"","icon":""}],"jnews_override_counter":{"override_view_counter":"0","view_counter_number":"0","override_share_counter":"0","share_counter_number":"0","override_like_counter":"0","like_counter_number":"0","override_dislike_counter":"0","dislike_counter_number":"0"},"jnews_post_split":{"enable_post_split":"0","post_split":[{"template":"1","tag":"h2","numbering":"asc","mode":"normal","first":"0","enable_toc":"0","toc_type":"normal"}]},"footnotes":""},"categories":[48],"tags":[12433,146,45,67,56],"class_list":["post-44752","post","type-post","status-publish","format-standard","has-post-thumbnail","hentry","category-deportes","tag-eliminatorias-2026","tag-la-vinotinto","tag-noticias","tag-venezolanos-en-argentina","tag-venezuela"],"amp_enabled":true,"_links":{"self":[{"href":"https:\/\/esreviral.com\/index.php?rest_route=\/wp\/v2\/posts\/44752"}],"collection":[{"href":"https:\/\/esreviral.com\/index.php?rest_route=\/wp\/v2\/posts"}],"about":[{"href":"https:\/\/esreviral.com\/index.php?rest_route=\/wp\/v2\/types\/post"}],"author":[{"embeddable":true,"href":"https:\/\/esreviral.com\/index.php?rest_route=\/wp\/v2\/users\/2"}],"replies":[{"embeddable":true,"href":"https:\/\/esreviral.com\/index.php?rest_route=%2Fwp%2Fv2%2Fcomments&post=44752"}],"version-history":[{"count":0,"href":"https:\/\/esreviral.com\/index.php?rest_route=\/wp\/v2\/posts\/44752\/revisions"}],"wp:featuredmedia":[{"embeddable":true,"href":"https:\/\/esreviral.com\/index.php?rest_route=\/wp\/v2\/media\/44753"}],"wp:attachment":[{"href":"https:\/\/esreviral.com\/index.php?rest_route=%2Fwp%2Fv2%2Fmedia&parent=44752"}],"wp:term":[{"taxonomy":"category","embeddable":true,"href":"https:\/\/esreviral.com\/index.php?rest_route=%2Fwp%2Fv2%2Fcategories&post=44752"},{"taxonomy":"post_tag","embeddable":true,"href":"https:\/\/esreviral.com\/index.php?rest_route=%2Fwp%2Fv2%2Ftags&post=44752"}],"curies":[{"name":"wp","href":"https:\/\/api.w.org\/{rel}","templated":true}]}}