{"id":44533,"date":"2023-11-01T06:34:41","date_gmt":"2023-11-01T11:34:41","guid":{"rendered":"https:\/\/esreviral.com\/?p=44533"},"modified":"2023-11-01T06:34:42","modified_gmt":"2023-11-01T11:34:42","slug":"sergio-massa-arraso-en-las-carceles-con-56-puntos-por-encima-de-javier-milei","status":"publish","type":"post","link":"https:\/\/esreviral.com\/?p=44533","title":{"rendered":"Sergio Massa arras\u00f3 en las c\u00e1rceles con 56 puntos por encima de Javier Milei"},"content":{"rendered":"\n<p>La provincia de Santiago del Estero era donde hab\u00eda sacado su marca m\u00e1s alta Sergio Massa en las elecciones generales, con el 65,5% de los votos afirmativos. Pero ahora\u00a0Massa super\u00f3 ese registro, con el 71,9%,\u00a0que obtuvo entre las personas privadas de su libertad en todo el pa\u00eds, superando por 56,4 puntos a la f\u00f3rmula encabezada por Javier\u00a0Milei.<\/p>\n\n\n\n<p><strong>El dato se conoci\u00f3 este martes, cuando la C\u00e1mara Nacional Electoral finaliz\u00f3 el\u00a0escrutinio definitivo en c\u00e1rceles e institutos de menores, que tuvieron una muy baja participaci\u00f3n, ya que votaron 25.526 personas, el 36,7% del padr\u00f3n electoral (frente al 77,6% registrado a nivel general).<\/strong><\/p>\n\n\n\n<p>Seg\u00fan las actas a las que tuvo acceso<a href=\"https:\/\/www.clarin.com\/politica\/sergio-massa-arraso-carceles-aventajo-56-puntos-javier-milei_0_9NN7W5k5W5.html\" data-type=\"link\" data-id=\"https:\/\/www.clarin.com\/politica\/sergio-massa-arraso-carceles-aventajo-56-puntos-javier-milei_0_9NN7W5k5W5.html\">\u00a0Clar\u00edn,<\/a> la f\u00f3rmula encabezada por\u00a0Massa\u00a0obtuvo 17.268 votos (71,9%); seguida de lejos por Milei, con 3.722 votos (15,5%); en tercer lugar\u00a0Patricia Bullrich, que tuvo 1.257 votos (5,2%); luego Juan Schiaretti, con 1053 (4,4%); y Myriam Bregman, con 728 votos (3%).<\/p>\n\n\n\n<p>El quinto lugar fue para los votos en blanco, con 965, y los nulos se ubicaron en \u00faltimo lugar, con 533 votos. Pero en las elecciones generales no se contabilizan, porque solo se cuentan los votos afirmativos que fueron para algunos de los candidatos presidenciales.<\/p>\n\n\n\n<p><strong>La f\u00f3rmula presidencial de Uni\u00f3n por la Patria fue la que m\u00e1s creci\u00f3, con respecto a las Primarias Abiertas, Simult\u00e1neas y Obligatorias (PASO), ya que\u00a0en esa ocasi\u00f3n\u00a0Massa obtuvo el 42% y Juan Grabois el 5%. En las elecciones generales sac\u00f3 25 puntos m\u00e1s que en agosto pasado.<\/strong><\/p>\n\n\n\n<p><strong><em>Con informaci\u00f3n de El Clar\u00edn<\/em><\/strong><\/p>\n","protected":false},"excerpt":{"rendered":"<p>La provincia de Santiago del Estero era donde hab\u00eda sacado su marca m\u00e1s alta Sergio Massa en las elecciones generales, con el 65,5% de los votos afirmativos. Pero ahora\u00a0Massa super\u00f3 ese registro, con el 71,9%,\u00a0que obtuvo entre las personas privadas de su libertad en todo el pa\u00eds, superando por 56,4 puntos a la f\u00f3rmula encabezada [&hellip;]<\/p>\n","protected":false},"author":5,"featured_media":44534,"comment_status":"closed","ping_status":"closed","sticky":false,"template":"","format":"standard","meta":{"jnews-multi-image_gallery":[],"jnews_single_post":{"subtitle":"","format":"standard","video":"","gallery":"","source_name":"","source_url":"","via_name":"","via_url":"","override_template":"0","override":[{"template":"4","single_blog_custom":"","parallax":"1","fullscreen":"1","layout":"right-sidebar","sidebar":"default-sidebar","second_sidebar":"default-sidebar","sticky_sidebar":"1","share_position":"top","share_float_style":"share-monocrhome","show_share_counter":"1","show_view_counter":"1","show_featured":"1","show_post_meta":"1","show_post_author":"1","show_post_author_image":"1","show_post_date":"1","post_date_format":"default","post_date_format_custom":"Y\/m\/d","show_post_category":"1","show_post_reading_time":"1","post_reading_time_wpm":"300","show_zoom_button":"1","zoom_button_out_step":"2","zoom_button_in_step":"3","show_post_tag":"1","show_prev_next_post":"1","show_popup_post":"1","number_popup_post":"1","show_author_box":"1","show_post_related":"1","show_inline_post_related":"0"}],"override_image_size":"0","image_override":[{"single_post_thumbnail_size":"crop-500","single_post_gallery_size":"crop-500"}],"trending_post":"0","trending_post_position":"meta","trending_post_label":"Trending","sponsored_post":"0","sponsored_post_label":"Sponsored by","sponsored_post_name":"","sponsored_post_url":"","sponsored_post_logo_enable":"0","sponsored_post_logo":"","sponsored_post_desc":"","disable_ad":"0"},"jnews_primary_category":{"id":"","hide":""},"jnews_social_meta":{"fb_title":"","fb_description":"","fb_image":"","twitter_title":"","twitter_description":"","twitter_image":""},"jnews_review":[],"enable_review":"0","type":"percentage","name":"","summary":"","brand":"","sku":"","good":[{"good_text":""}],"bad":[{"bad_text":""}],"score_override":"","override_value":"","rating":[{"rating_text":"","rating_number":"10"}],"price":[{"shop":"","price":"","link":"","icon":""}],"jnews_override_counter":{"override_view_counter":"0","view_counter_number":"0","override_share_counter":"0","share_counter_number":"0","override_like_counter":"0","like_counter_number":"0","override_dislike_counter":"0","dislike_counter_number":"0"},"jnews_post_split":{"enable_post_split":"0","post_split":[{"template":"1","tag":"h2","numbering":"asc","mode":"normal","first":"0","enable_toc":"0","toc_type":"normal"}]},"footnotes":""},"categories":[43,59],"tags":[63,3516,12652],"class_list":["post-44533","post","type-post","status-publish","format-standard","has-post-thumbnail","hentry","category-actualidad","category-politica","tag-carceles","tag-sergio-massa","tag-union-por-la-patria"],"amp_enabled":true,"_links":{"self":[{"href":"https:\/\/esreviral.com\/index.php?rest_route=\/wp\/v2\/posts\/44533"}],"collection":[{"href":"https:\/\/esreviral.com\/index.php?rest_route=\/wp\/v2\/posts"}],"about":[{"href":"https:\/\/esreviral.com\/index.php?rest_route=\/wp\/v2\/types\/post"}],"author":[{"embeddable":true,"href":"https:\/\/esreviral.com\/index.php?rest_route=\/wp\/v2\/users\/5"}],"replies":[{"embeddable":true,"href":"https:\/\/esreviral.com\/index.php?rest_route=%2Fwp%2Fv2%2Fcomments&post=44533"}],"version-history":[{"count":0,"href":"https:\/\/esreviral.com\/index.php?rest_route=\/wp\/v2\/posts\/44533\/revisions"}],"wp:featuredmedia":[{"embeddable":true,"href":"https:\/\/esreviral.com\/index.php?rest_route=\/wp\/v2\/media\/44534"}],"wp:attachment":[{"href":"https:\/\/esreviral.com\/index.php?rest_route=%2Fwp%2Fv2%2Fmedia&parent=44533"}],"wp:term":[{"taxonomy":"category","embeddable":true,"href":"https:\/\/esreviral.com\/index.php?rest_route=%2Fwp%2Fv2%2Fcategories&post=44533"},{"taxonomy":"post_tag","embeddable":true,"href":"https:\/\/esreviral.com\/index.php?rest_route=%2Fwp%2Fv2%2Ftags&post=44533"}],"curies":[{"name":"wp","href":"https:\/\/api.w.org\/{rel}","templated":true}]}}