{"id":44426,"date":"2023-10-30T07:22:16","date_gmt":"2023-10-30T12:22:16","guid":{"rendered":"https:\/\/esreviral.com\/?p=44426"},"modified":"2023-10-30T07:22:17","modified_gmt":"2023-10-30T12:22:17","slug":"el-pedido-de-la-justicia-electoral-sobre-el-feriado-del-20-de-noviembre-por-el-balotaje","status":"publish","type":"post","link":"https:\/\/esreviral.com\/?p=44426","title":{"rendered":"El pedido de la Justicia Electoral sobre el feriado del 20 de noviembre por el balotaje"},"content":{"rendered":"\n<p>Con el objetivo de promover la participaci\u00f3n en la\u00a0segunda vuelta\u00a0de las\u00a0elecciones presidenciales 2023\u00a0de este\u00a019 de noviembre, la\u00a0C\u00e1mara Nacional Electoral\u00a0(CNE) solicit\u00f3 de manera formal al Poder Ejecutivo que traslade el\u00a0feriado del 20 de noviembre\u00a0para evitar el ausentismo en el\u00a0balotaje, una propuesta que\u00a0d\u00edas antes el Gobierno hab\u00eda descartado.<\/p>\n\n\n\n<p><strong>En una nota firmada por su titular,\u00a0Alberto Dalla V\u00eda, la Justicia Electoral le pidi\u00f3 al secretario General,\u00a0Julio Vitobello,\u00a0que reconsidere mover el d\u00eda no laborable, correspondiente al\u00a0D\u00eda de la Soberan\u00eda, en recuerdo de la\u00a0Batalla de la Vuelta de Obligado. El feriado genera un\u00a0fin de semana largo\u00a0de tres d\u00edas justo durante la segunda vuelta electoral en donde se definir\u00e1 el futuro presidente y vicepresidente.<\/strong><\/p>\n\n\n\n<p>En tanto, motivados <strong><em>\u201cla necesidad de\u00a0favorecer y garantizar la concurrencia de la ciudadan\u00eda a ejercer el sufragio\u00a0en dichos comicios, que se ver\u00eda indudablemente afectada si se mantuviera el fin de semana extendido con el referido feriado\u201d,<\/em><\/strong> el funcionario solicit\u00f3 formalmente el traslado.<\/p>\n\n\n\n<p>La fecha del feriado fue una discusi\u00f3n abierta en los \u00faltimos d\u00edas, cuando ante los rumores de que el Gobierno analizaba moverlo, debieron salir a aclarar que no estaba en evaluaci\u00f3n. Despu\u00e9s, el vicejefe de Gabinete,\u00a0Juan Manuel Olmos, ratific\u00f3 que el feriado no se alterar\u00eda porque ya se encuentra programado de esa forma por ley.<\/p>\n\n\n\n<blockquote class=\"wp-block-quote is-layout-flow wp-block-quote-is-layout-flow\">\n<p><strong><em>\u00abNo se va a modificar. Desarmarlo es desarmarle a varios argentinos sus vacaciones y la verdad que no nos parece. Si hay argentinos que programaron sus descansos reprogramarlo ahora me parece que traer\u00eda m\u00e1s problemas que beneficios\u00bb<\/em><\/strong>, expres\u00f3. Ahora, con el pedido de la CNE, se reabre la discusi\u00f3n, faltando poco m\u00e1s de tres semanas para el balotaje.<\/p>\n<\/blockquote>\n\n\n\n<p>Una situaci\u00f3n similar se dio en\u00a02015, cuando el\u00a0balotaje entre Daniel Scioli y Mauricio Macri, celebrado el domingo 22 de noviembre, provoc\u00f3 la postergaci\u00f3n del feriado, que pas\u00f3 al fin de semana siguiente.<\/p>\n\n\n\n<p><strong><em>Con informaci\u00f3n de P\u00e1gina 12<\/em><\/strong><\/p>\n","protected":false},"excerpt":{"rendered":"<p>Con el objetivo de promover la participaci\u00f3n en la\u00a0segunda vuelta\u00a0de las\u00a0elecciones presidenciales 2023\u00a0de este\u00a019 de noviembre, la\u00a0C\u00e1mara Nacional Electoral\u00a0(CNE) solicit\u00f3 de manera formal al Poder Ejecutivo que traslade el\u00a0feriado del 20 de noviembre\u00a0para evitar el ausentismo en el\u00a0balotaje, una propuesta que\u00a0d\u00edas antes el Gobierno hab\u00eda descartado. En una nota firmada por su titular,\u00a0Alberto Dalla V\u00eda, [&hellip;]<\/p>\n","protected":false},"author":5,"featured_media":44427,"comment_status":"closed","ping_status":"closed","sticky":false,"template":"","format":"standard","meta":{"jnews-multi-image_gallery":[],"jnews_single_post":{"subtitle":"","format":"standard","video":"","gallery":"","source_name":"","source_url":"","via_name":"","via_url":"","override_template":"0","override":[{"template":"4","single_blog_custom":"","parallax":"1","fullscreen":"1","layout":"right-sidebar","sidebar":"default-sidebar","second_sidebar":"default-sidebar","sticky_sidebar":"1","share_position":"top","share_float_style":"share-monocrhome","show_share_counter":"1","show_view_counter":"1","show_featured":"1","show_post_meta":"1","show_post_author":"1","show_post_author_image":"1","show_post_date":"1","post_date_format":"default","post_date_format_custom":"Y\/m\/d","show_post_category":"1","show_post_reading_time":"1","post_reading_time_wpm":"300","show_zoom_button":"1","zoom_button_out_step":"2","zoom_button_in_step":"3","show_post_tag":"1","show_prev_next_post":"1","show_popup_post":"1","number_popup_post":"1","show_author_box":"1","show_post_related":"1","show_inline_post_related":"0"}],"override_image_size":"0","image_override":[{"single_post_thumbnail_size":"crop-500","single_post_gallery_size":"crop-500"}],"trending_post":"0","trending_post_position":"meta","trending_post_label":"Trending","sponsored_post":"0","sponsored_post_label":"Sponsored by","sponsored_post_name":"","sponsored_post_url":"","sponsored_post_logo_enable":"0","sponsored_post_logo":"","sponsored_post_desc":"","disable_ad":"0"},"jnews_primary_category":{"id":"","hide":""},"jnews_social_meta":{"fb_title":"","fb_description":"","fb_image":"","twitter_title":"","twitter_description":"","twitter_image":""},"jnews_review":[],"enable_review":"0","type":"percentage","name":"","summary":"","brand":"","sku":"","good":[{"good_text":""}],"bad":[{"bad_text":""}],"score_override":"","override_value":"","rating":[{"rating_text":"","rating_number":"10"}],"price":[{"shop":"","price":"","link":"","icon":""}],"jnews_override_counter":{"override_view_counter":"0","view_counter_number":"0","override_share_counter":"0","share_counter_number":"0","override_like_counter":"0","like_counter_number":"0","override_dislike_counter":"0","dislike_counter_number":"0"},"jnews_post_split":{"enable_post_split":"0","post_split":[{"template":"1","tag":"h2","numbering":"asc","mode":"normal","first":"0","enable_toc":"0","toc_type":"normal"}]},"footnotes":""},"categories":[43,58],"tags":[12589,12638],"class_list":["post-44426","post","type-post","status-publish","format-standard","has-post-thumbnail","hentry","category-actualidad","category-argentina","tag-balotaje","tag-justicia-electoral"],"amp_enabled":true,"_links":{"self":[{"href":"https:\/\/esreviral.com\/index.php?rest_route=\/wp\/v2\/posts\/44426"}],"collection":[{"href":"https:\/\/esreviral.com\/index.php?rest_route=\/wp\/v2\/posts"}],"about":[{"href":"https:\/\/esreviral.com\/index.php?rest_route=\/wp\/v2\/types\/post"}],"author":[{"embeddable":true,"href":"https:\/\/esreviral.com\/index.php?rest_route=\/wp\/v2\/users\/5"}],"replies":[{"embeddable":true,"href":"https:\/\/esreviral.com\/index.php?rest_route=%2Fwp%2Fv2%2Fcomments&post=44426"}],"version-history":[{"count":0,"href":"https:\/\/esreviral.com\/index.php?rest_route=\/wp\/v2\/posts\/44426\/revisions"}],"wp:featuredmedia":[{"embeddable":true,"href":"https:\/\/esreviral.com\/index.php?rest_route=\/wp\/v2\/media\/44427"}],"wp:attachment":[{"href":"https:\/\/esreviral.com\/index.php?rest_route=%2Fwp%2Fv2%2Fmedia&parent=44426"}],"wp:term":[{"taxonomy":"category","embeddable":true,"href":"https:\/\/esreviral.com\/index.php?rest_route=%2Fwp%2Fv2%2Fcategories&post=44426"},{"taxonomy":"post_tag","embeddable":true,"href":"https:\/\/esreviral.com\/index.php?rest_route=%2Fwp%2Fv2%2Ftags&post=44426"}],"curies":[{"name":"wp","href":"https:\/\/api.w.org\/{rel}","templated":true}]}}