{"id":44309,"date":"2023-10-25T06:30:56","date_gmt":"2023-10-25T11:30:56","guid":{"rendered":"https:\/\/esreviral.com\/?p=44309"},"modified":"2023-10-25T06:30:56","modified_gmt":"2023-10-25T11:30:56","slug":"la-generala-de-las-brasas-venezolana-brilla-en-el-mundo-de-la-parrilla-internacional","status":"publish","type":"post","link":"https:\/\/esreviral.com\/?p=44309","title":{"rendered":"\u00abLa generala de las Brasas\u00bb: Venezolana brilla en el mundo de la parrilla internacional"},"content":{"rendered":"\n<p>En Venezuela, como en otros pa\u00edses de Latinoam\u00e9rica, la preparaci\u00f3n de la parrilla es una tarea que com\u00fanmente se asocia a los hombres.<\/p>\n\n\n\n<p>Sin embargo, la disciplina y audacia de una mujer ha logrado derrumbar estos estereotipos en el pa\u00eds sudamericano, al punto de que actualmente la venezolana Raim\u00e9 Camacho es conocida en el mundo de la parrilla como \u201cla generala de las brasas\u201d.<\/p>\n\n\n\n<figure class=\"wp-block-image size-large\"><img decoding=\"async\" src=\"https:\/\/elestimulo.com\/wp-content\/uploads\/2023\/05\/WhatsApp-Image-2023-05-31-at-17.18.03-1080x572.jpeg\" alt=\"\"\/><\/figure>\n\n\n\n<p>Recientemente Camacho y un equipo formado por otros maestros parrilleros ganaron el Primer Torneo de Parrilla Ancestral que se celebr\u00f3 en Medell\u00edn, Colombia. Una experiencia que ella califica como gratificante y que afirma <strong><em>\u201cfue como tener un tercer hijo\u201d.<\/em><\/strong><\/p>\n\n\n\n<blockquote class=\"wp-block-quote is-layout-flow wp-block-quote-is-layout-flow\">\n<p><em><strong>\u201cLa emoci\u00f3n que tuve en ese campeonato fue igual a cuando tuve a mis hijos. Ese tipo de emoci\u00f3n que te embarga, que te llena el pecho de emoci\u00f3n y los ojos de alegr\u00eda. Ese triunfo para m\u00ed fue la emoci\u00f3n de un tercer hijo\u201d,<\/strong><\/em> relat\u00f3 en una entrevista con la<a href=\"https:\/\/www.vozdeamerica.com\/a\/raime-camacho-venezolana-que-rompe-barreras-en-mundo-de-la-parrilla\/7317623.html\" data-type=\"link\" data-id=\"https:\/\/www.vozdeamerica.com\/a\/raime-camacho-venezolana-que-rompe-barreras-en-mundo-de-la-parrilla\/7317623.html\">\u00a0<em><strong>Voz de Am\u00e9rica<\/strong><\/em>.<\/a><\/p>\n<\/blockquote>\n\n\n<div class=\"wp-block-image\">\n<figure class=\"aligncenter size-large\"><img decoding=\"async\" src=\"https:\/\/elestimulo.com\/wp-content\/uploads\/2023\/06\/WhatsApp-Image-2023-05-31-at-19.51.16-461x1024.jpeg\" alt=\"\"\/><\/figure><\/div>\n\n\n<p>La distinci\u00f3n que recibi\u00f3 en Medell\u00edn no fue la \u00fanica del a\u00f1o, pues hace unos meses tambi\u00e9n obtuvo el s\u00e9ptimo lugar en el Primer Panamericano de Parrilla.<\/p>\n\n\n\n<p>Para Raim\u00e9 Camacho este tipo de distinciones son un impulso para seguir con lo que denomina el arte de la parrilla. Comenta adem\u00e1s los pasos esenciales para lograr que el platillo sea perfecto.<\/p>\n\n\n\n<p><strong><em>Con informaci\u00f3n de La Voz de Am\u00e9rica<\/em><\/strong><\/p>\n","protected":false},"excerpt":{"rendered":"<p>En Venezuela, como en otros pa\u00edses de Latinoam\u00e9rica, la preparaci\u00f3n de la parrilla es una tarea que com\u00fanmente se asocia a los hombres. Sin embargo, la disciplina y audacia de una mujer ha logrado derrumbar estos estereotipos en el pa\u00eds sudamericano, al punto de que actualmente la venezolana Raim\u00e9 Camacho es conocida en el mundo [&hellip;]<\/p>\n","protected":false},"author":5,"featured_media":44310,"comment_status":"closed","ping_status":"closed","sticky":false,"template":"","format":"standard","meta":{"jnews-multi-image_gallery":[],"jnews_single_post":{"subtitle":"","format":"standard","video":"","gallery":"","source_name":"","source_url":"","via_name":"","via_url":"","override_template":"0","override":[{"template":"4","single_blog_custom":"","parallax":"1","fullscreen":"1","layout":"right-sidebar","sidebar":"default-sidebar","second_sidebar":"default-sidebar","sticky_sidebar":"1","share_position":"top","share_float_style":"share-monocrhome","show_share_counter":"1","show_view_counter":"1","show_featured":"1","show_post_meta":"1","show_post_author":"1","show_post_author_image":"1","show_post_date":"1","post_date_format":"default","post_date_format_custom":"Y\/m\/d","show_post_category":"1","show_post_reading_time":"1","post_reading_time_wpm":"300","show_zoom_button":"1","zoom_button_out_step":"2","zoom_button_in_step":"3","show_post_tag":"1","show_prev_next_post":"1","show_popup_post":"1","number_popup_post":"1","show_author_box":"1","show_post_related":"1","show_inline_post_related":"0"}],"override_image_size":"0","image_override":[{"single_post_thumbnail_size":"crop-500","single_post_gallery_size":"crop-500"}],"trending_post":"0","trending_post_position":"meta","trending_post_label":"Trending","sponsored_post":"0","sponsored_post_label":"Sponsored by","sponsored_post_name":"","sponsored_post_url":"","sponsored_post_logo_enable":"0","sponsored_post_logo":"","sponsored_post_desc":"","disable_ad":"0"},"jnews_primary_category":{"id":"","hide":""},"jnews_social_meta":{"fb_title":"","fb_description":"","fb_image":"","twitter_title":"","twitter_description":"","twitter_image":""},"jnews_review":[],"enable_review":"0","type":"percentage","name":"","summary":"","brand":"","sku":"","good":[{"good_text":""}],"bad":[{"bad_text":""}],"score_override":"","override_value":"","rating":[{"rating_text":"","rating_number":"10"}],"price":[{"shop":"","price":"","link":"","icon":""}],"jnews_override_counter":{"override_view_counter":"0","view_counter_number":"0","override_share_counter":"0","share_counter_number":"0","override_like_counter":"0","like_counter_number":"0","override_dislike_counter":"0","dislike_counter_number":"0"},"jnews_post_split":{"enable_post_split":"0","post_split":[{"template":"1","tag":"h2","numbering":"asc","mode":"normal","first":"0","enable_toc":"0","toc_type":"normal"}]},"footnotes":""},"categories":[43,50],"tags":[12610,12611],"class_list":["post-44309","post","type-post","status-publish","format-standard","has-post-thumbnail","hentry","category-actualidad","category-entretenimiento","tag-la-generala-de-las-brasas","tag-raime-camacho"],"amp_enabled":true,"_links":{"self":[{"href":"https:\/\/esreviral.com\/index.php?rest_route=\/wp\/v2\/posts\/44309"}],"collection":[{"href":"https:\/\/esreviral.com\/index.php?rest_route=\/wp\/v2\/posts"}],"about":[{"href":"https:\/\/esreviral.com\/index.php?rest_route=\/wp\/v2\/types\/post"}],"author":[{"embeddable":true,"href":"https:\/\/esreviral.com\/index.php?rest_route=\/wp\/v2\/users\/5"}],"replies":[{"embeddable":true,"href":"https:\/\/esreviral.com\/index.php?rest_route=%2Fwp%2Fv2%2Fcomments&post=44309"}],"version-history":[{"count":0,"href":"https:\/\/esreviral.com\/index.php?rest_route=\/wp\/v2\/posts\/44309\/revisions"}],"wp:featuredmedia":[{"embeddable":true,"href":"https:\/\/esreviral.com\/index.php?rest_route=\/wp\/v2\/media\/44310"}],"wp:attachment":[{"href":"https:\/\/esreviral.com\/index.php?rest_route=%2Fwp%2Fv2%2Fmedia&parent=44309"}],"wp:term":[{"taxonomy":"category","embeddable":true,"href":"https:\/\/esreviral.com\/index.php?rest_route=%2Fwp%2Fv2%2Fcategories&post=44309"},{"taxonomy":"post_tag","embeddable":true,"href":"https:\/\/esreviral.com\/index.php?rest_route=%2Fwp%2Fv2%2Ftags&post=44309"}],"curies":[{"name":"wp","href":"https:\/\/api.w.org\/{rel}","templated":true}]}}