{"id":44256,"date":"2023-10-24T07:30:48","date_gmt":"2023-10-24T12:30:48","guid":{"rendered":"https:\/\/esreviral.com\/?p=44256"},"modified":"2023-10-24T07:30:49","modified_gmt":"2023-10-24T12:30:49","slug":"una-declaracion-clave-en-el-juicio-contra-seis-jovenes-involucrados-en-la-violacion-grupal-de-palermo","status":"publish","type":"post","link":"https:\/\/esreviral.com\/?p=44256","title":{"rendered":"Una declaraci\u00f3n clave en el juicio contra seis j\u00f3venes involucrados en la violaci\u00f3n grupal de Palermo"},"content":{"rendered":"\n<p>El juicio por la\u00a0violaci\u00f3n grupal en\u00a0Palermo\u00a0de la que son acusados seis j\u00f3venes tendr\u00e1 este martes una audiencia clave, con la declaraci\u00f3n de uno de los m\u00e1s comprometidos en la causa.<\/p>\n\n\n\n<p>Fuentes judiciales revelaron que ser\u00e1 a las 14.30 ante el Tribunal Oral en lo Criminal (TOC) 14, en el edificio de la calle Lavalle 1171, en los Tribunales de la Ciudad de Buenos Aires.<\/p>\n\n\n\n<p>Seg\u00fan <a href=\"https:\/\/www.clarin.com\/policiales\/violacion-grupal-palermo-declaracion-clave-juicio-jovenes_0_9QwixpEgZY.html\" data-type=\"link\" data-id=\"https:\/\/www.clarin.com\/policiales\/violacion-grupal-palermo-declaracion-clave-juicio-jovenes_0_9QwixpEgZY.html\">El Clar\u00edn,<\/a> \u00c1ngel Pascual Ramos (24) -el m\u00e1s complicado por las pericias de ADN y por los videos-, dar\u00e1 su versi\u00f3n de los hechos ocurridos el 28 de febrero de 2022, en inmediaciones de la Plaza Serrano, ante los jueces Gabriel Vega, Gustavo Valle y Domingo Altieri.<\/p>\n\n\n\n<p>Ramos ya hab\u00eda dicho algunas palabras en la primera jornada del juicio, el pasado 28 de agosto, cuando, sin contestar preguntas, les dijo a los miembros del TOC 5 que \u00e9l no conoc\u00eda previamente a los otros cinco imputados, que no abus\u00f3 de la joven y que \u00ab<strong><em>no hubo un plan para abusar de nadie\u00bb.<\/em><\/strong><\/p>\n\n\n\n<p><strong>Se trata del acusado m\u00e1s comprometido en la causa, ya que los videos lo identifican como el primero en abusar de la denunciante en el asiento delantero del auto.<\/strong><\/p>\n\n\n\n<p>Adem\u00e1s, su perfil gen\u00e9tico fue identificado no s\u00f3lo en el l\u00edquido seminal hallado en la ropa interior y en los hisopados practicados a la v\u00edctima, sino tambi\u00e9n bajo las u\u00f1as de la chica, lo que para fiscal\u00eda indica que \u00e9sta\u00a0se resisti\u00f3 al <strong><em>\u00abacto sexual\u00bb <\/em><\/strong>y lleg\u00f3 a rasgu\u00f1arlo,\u00a0indic\u00f3\u00a0<em>T\u00e9lam<\/em>.<\/p>\n\n\n\n<p><strong>Al t\u00e9rmino de su declaraci\u00f3n, el tribunal dar\u00e1 por concluida la etapa de prueba y pasar\u00e1 a\u00a0un cuarto intermedio hasta el pr\u00f3ximo viernes,\u00a0cuando empezar\u00e1n\u00a0los alegatos de la querella, mientras que los del fiscal general Fernando Klappenbach y las defensas ser\u00e1n programados para otras fechas.<\/strong><\/p>\n\n\n\n<p><strong><em>Con informaci\u00f3n de El Clar\u00edn<\/em><\/strong><\/p>\n","protected":false},"excerpt":{"rendered":"<p>El juicio por la\u00a0violaci\u00f3n grupal en\u00a0Palermo\u00a0de la que son acusados seis j\u00f3venes tendr\u00e1 este martes una audiencia clave, con la declaraci\u00f3n de uno de los m\u00e1s comprometidos en la causa. Fuentes judiciales revelaron que ser\u00e1 a las 14.30 ante el Tribunal Oral en lo Criminal (TOC) 14, en el edificio de la calle Lavalle 1171, [&hellip;]<\/p>\n","protected":false},"author":5,"featured_media":44257,"comment_status":"closed","ping_status":"closed","sticky":false,"template":"","format":"standard","meta":{"jnews-multi-image_gallery":[],"jnews_single_post":{"subtitle":"","format":"standard","video":"","gallery":"","source_name":"","source_url":"","via_name":"","via_url":"","override_template":"0","override":[{"template":"4","single_blog_custom":"","parallax":"1","fullscreen":"1","layout":"right-sidebar","sidebar":"default-sidebar","second_sidebar":"default-sidebar","sticky_sidebar":"1","share_position":"top","share_float_style":"share-monocrhome","show_share_counter":"1","show_view_counter":"1","show_featured":"1","show_post_meta":"1","show_post_author":"1","show_post_author_image":"1","show_post_date":"1","post_date_format":"default","post_date_format_custom":"Y\/m\/d","show_post_category":"1","show_post_reading_time":"1","post_reading_time_wpm":"300","show_zoom_button":"1","zoom_button_out_step":"2","zoom_button_in_step":"3","show_post_tag":"1","show_prev_next_post":"1","show_popup_post":"1","number_popup_post":"1","show_author_box":"1","show_post_related":"1","show_inline_post_related":"0"}],"override_image_size":"0","image_override":[{"single_post_thumbnail_size":"crop-500","single_post_gallery_size":"crop-500"}],"trending_post":"0","trending_post_position":"meta","trending_post_label":"Trending","sponsored_post":"0","sponsored_post_label":"Sponsored by","sponsored_post_name":"","sponsored_post_url":"","sponsored_post_logo_enable":"0","sponsored_post_logo":"","sponsored_post_desc":"","disable_ad":"0"},"jnews_primary_category":{"id":"","hide":""},"jnews_social_meta":{"fb_title":"","fb_description":"","fb_image":"","twitter_title":"","twitter_description":"","twitter_image":""},"jnews_review":[],"enable_review":"0","type":"percentage","name":"","summary":"","brand":"","sku":"","good":[{"good_text":""}],"bad":[{"bad_text":""}],"score_override":"","override_value":"","rating":[{"rating_text":"","rating_number":"10"}],"price":[{"shop":"","price":"","link":"","icon":""}],"jnews_override_counter":{"override_view_counter":"0","view_counter_number":"0","override_share_counter":"0","share_counter_number":"0","override_like_counter":"0","like_counter_number":"0","override_dislike_counter":"0","dislike_counter_number":"0"},"jnews_post_split":{"enable_post_split":"0","post_split":[{"template":"1","tag":"h2","numbering":"asc","mode":"normal","first":"0","enable_toc":"0","toc_type":"normal"}]},"footnotes":""},"categories":[43,64],"tags":[784,65,2656],"class_list":["post-44256","post","type-post","status-publish","format-standard","has-post-thumbnail","hentry","category-actualidad","category-sucesos","tag-palermo","tag-sucesos","tag-violacion-grupal-en-palermo"],"amp_enabled":true,"_links":{"self":[{"href":"https:\/\/esreviral.com\/index.php?rest_route=\/wp\/v2\/posts\/44256"}],"collection":[{"href":"https:\/\/esreviral.com\/index.php?rest_route=\/wp\/v2\/posts"}],"about":[{"href":"https:\/\/esreviral.com\/index.php?rest_route=\/wp\/v2\/types\/post"}],"author":[{"embeddable":true,"href":"https:\/\/esreviral.com\/index.php?rest_route=\/wp\/v2\/users\/5"}],"replies":[{"embeddable":true,"href":"https:\/\/esreviral.com\/index.php?rest_route=%2Fwp%2Fv2%2Fcomments&post=44256"}],"version-history":[{"count":0,"href":"https:\/\/esreviral.com\/index.php?rest_route=\/wp\/v2\/posts\/44256\/revisions"}],"wp:featuredmedia":[{"embeddable":true,"href":"https:\/\/esreviral.com\/index.php?rest_route=\/wp\/v2\/media\/44257"}],"wp:attachment":[{"href":"https:\/\/esreviral.com\/index.php?rest_route=%2Fwp%2Fv2%2Fmedia&parent=44256"}],"wp:term":[{"taxonomy":"category","embeddable":true,"href":"https:\/\/esreviral.com\/index.php?rest_route=%2Fwp%2Fv2%2Fcategories&post=44256"},{"taxonomy":"post_tag","embeddable":true,"href":"https:\/\/esreviral.com\/index.php?rest_route=%2Fwp%2Fv2%2Ftags&post=44256"}],"curies":[{"name":"wp","href":"https:\/\/api.w.org\/{rel}","templated":true}]}}