{"id":44225,"date":"2023-10-23T14:30:33","date_gmt":"2023-10-23T19:30:33","guid":{"rendered":"https:\/\/esreviral.com\/?p=44225"},"modified":"2023-10-23T14:30:35","modified_gmt":"2023-10-23T19:30:35","slug":"gobierno-desmintio-que-haya-un-cambio-de-feriado-por-la-segunda-vuelta-de-las-elecciones","status":"publish","type":"post","link":"https:\/\/esreviral.com\/?p=44225","title":{"rendered":"Gobierno desminti\u00f3 que haya un cambio de feriado por la segunda vuelta de las elecciones"},"content":{"rendered":"\n<p>La portavoz del Gobierno nacional, Gabriela Cerruti, inform\u00f3 en sus redes sociales que no han evaluado la posibilidad de mover el feriado previsto para el<strong>\u00a020 de noviembre por el D\u00eda de la Soberan\u00eda Nacional<\/strong>, el cual se especul\u00f3 ser\u00eda corrido una semana, y se fijar\u00eda el 27 de noviembre.<\/p>\n\n\n\n<p>Y es que, como es sabe, el 19 de noviembre es el d\u00eda de la segunda vuelta del proceso electoral que enfrentar\u00e1 a Javier Milei y Sergio Massa por la presidencia y a Jorge Macri con Leandro Santoro por la jefatura de Gobierno de la capital. <\/p>\n\n\n\n<p>Lea tambi\u00e9n:<strong><a href=\"https:\/\/esreviral.com\/se-avecina-un-feriado-de-seis-dias-en-2024-sera-posible\/\"> Se avecina un feriado de seis d\u00edas en 2024 \u00bfSer\u00e1 posible?<\/a><\/strong><\/p>\n\n\n\n<p><a rel=\"noreferrer noopener\" href=\"https:\/\/www.infobae.com\/politica\/2023\/10\/18\/cuantos-votos-necesitan-los-candidatos-a-presidente-para-ganar-en-primera-vuelta-las-elecciones-2023\/\" target=\"_blank\"><\/a><\/p>\n\n\n\n<figure class=\"wp-block-embed is-type-rich is-provider-twitter wp-block-embed-twitter\"><div class=\"wp-block-embed__wrapper\">\nhttps:\/\/twitter.com\/gabicerru\/status\/1716533496842182802?s=20\n<\/div><\/figure>\n","protected":false},"excerpt":{"rendered":"<p>La portavoz del Gobierno nacional, Gabriela Cerruti, inform\u00f3 en sus redes sociales que no han evaluado la posibilidad de mover el feriado previsto para el\u00a020 de noviembre por el D\u00eda de la Soberan\u00eda Nacional, el cual se especul\u00f3 ser\u00eda corrido una semana, y se fijar\u00eda el 27 de noviembre. Y es que, como es sabe, [&hellip;]<\/p>\n","protected":false},"author":2,"featured_media":44226,"comment_status":"open","ping_status":"closed","sticky":false,"template":"","format":"standard","meta":{"jnews-multi-image_gallery":[],"jnews_single_post":{"subtitle":"","format":"standard","video":"","gallery":"","source_name":"","source_url":"","via_name":"","via_url":"","override_template":"0","override":[{"template":"4","single_blog_custom":"","parallax":"1","fullscreen":"1","layout":"right-sidebar","sidebar":"default-sidebar","second_sidebar":"default-sidebar","sticky_sidebar":"1","share_position":"top","share_float_style":"share-monocrhome","show_share_counter":"1","show_view_counter":"1","show_featured":"1","show_post_meta":"1","show_post_author":"1","show_post_author_image":"1","show_post_date":"1","post_date_format":"default","post_date_format_custom":"Y\/m\/d","show_post_category":"1","show_post_reading_time":"1","post_reading_time_wpm":"300","show_zoom_button":"1","zoom_button_out_step":"2","zoom_button_in_step":"3","show_post_tag":"1","show_prev_next_post":"1","show_popup_post":"1","number_popup_post":"1","show_author_box":"1","show_post_related":"1","show_inline_post_related":"0"}],"override_image_size":"0","image_override":[{"single_post_thumbnail_size":"crop-500","single_post_gallery_size":"crop-500"}],"trending_post":"0","trending_post_position":"meta","trending_post_label":"Trending","sponsored_post":"0","sponsored_post_label":"Sponsored by","sponsored_post_name":"","sponsored_post_url":"","sponsored_post_logo_enable":"0","sponsored_post_logo":"","sponsored_post_desc":"","disable_ad":"0"},"jnews_primary_category":{"id":"","hide":""},"jnews_social_meta":{"fb_title":"","fb_description":"","fb_image":"","twitter_title":"","twitter_description":"","twitter_image":""},"jnews_review":[],"enable_review":"0","type":"percentage","name":"","summary":"","brand":"","sku":"","good":[{"good_text":""}],"bad":[{"bad_text":""}],"score_override":"","override_value":"","rating":[{"rating_text":"","rating_number":"10"}],"price":[{"shop":"","price":"","link":"","icon":""}],"jnews_override_counter":{"override_view_counter":"0","view_counter_number":"0","override_share_counter":"0","share_counter_number":"0","override_like_counter":"0","like_counter_number":"0","override_dislike_counter":"0","dislike_counter_number":"0"},"jnews_post_split":{"enable_post_split":"0","post_split":[{"template":"1","tag":"h2","numbering":"asc","mode":"normal","first":"0","enable_toc":"0","toc_type":"normal"}]},"footnotes":""},"categories":[58],"tags":[44,836,12597],"class_list":["post-44225","post","type-post","status-publish","format-standard","has-post-thumbnail","hentry","category-argentina","tag-argentina","tag-feriado","tag-fin-de-semana-xxl"],"amp_enabled":true,"_links":{"self":[{"href":"https:\/\/esreviral.com\/index.php?rest_route=\/wp\/v2\/posts\/44225"}],"collection":[{"href":"https:\/\/esreviral.com\/index.php?rest_route=\/wp\/v2\/posts"}],"about":[{"href":"https:\/\/esreviral.com\/index.php?rest_route=\/wp\/v2\/types\/post"}],"author":[{"embeddable":true,"href":"https:\/\/esreviral.com\/index.php?rest_route=\/wp\/v2\/users\/2"}],"replies":[{"embeddable":true,"href":"https:\/\/esreviral.com\/index.php?rest_route=%2Fwp%2Fv2%2Fcomments&post=44225"}],"version-history":[{"count":0,"href":"https:\/\/esreviral.com\/index.php?rest_route=\/wp\/v2\/posts\/44225\/revisions"}],"wp:featuredmedia":[{"embeddable":true,"href":"https:\/\/esreviral.com\/index.php?rest_route=\/wp\/v2\/media\/44226"}],"wp:attachment":[{"href":"https:\/\/esreviral.com\/index.php?rest_route=%2Fwp%2Fv2%2Fmedia&parent=44225"}],"wp:term":[{"taxonomy":"category","embeddable":true,"href":"https:\/\/esreviral.com\/index.php?rest_route=%2Fwp%2Fv2%2Fcategories&post=44225"},{"taxonomy":"post_tag","embeddable":true,"href":"https:\/\/esreviral.com\/index.php?rest_route=%2Fwp%2Fv2%2Ftags&post=44225"}],"curies":[{"name":"wp","href":"https:\/\/api.w.org\/{rel}","templated":true}]}}