{"id":44125,"date":"2023-10-22T10:37:59","date_gmt":"2023-10-22T15:37:59","guid":{"rendered":"https:\/\/esreviral.com\/?p=44125"},"modified":"2023-10-22T10:38:00","modified_gmt":"2023-10-22T15:38:00","slug":"la-cabala-del-candidato-presidencial-juan-schiaretti-al-momento-de-votar","status":"publish","type":"post","link":"https:\/\/esreviral.com\/?p=44125","title":{"rendered":"La c\u00e1bala del candidato presidencial Juan Schiaretti al momento de votar"},"content":{"rendered":"\n<p>En el Instituto Domingo Savio de calle Ram\u00f3n C\u00e1rcano 75 de la capital de C\u00f3rdoba, todos sab\u00edan c\u00f3mo iba a llegar vestido el candidato a presidente de Hacemos Unidos por Nuestro Pa\u00eds, Juan Schiaretti, seg\u00fan rese\u00f1\u00f3 Infobae. <\/p>\n\n\n\n<p>A las once de la ma\u00f1ana, el actual gobernador de la provincia se present\u00f3 con un jean cl\u00e1sico, una camisa celeste y\u00a0<strong>su prenda predilecta para estas ocasiones: su tradicional campera roja que la utiliza en cada una de las elecciones<\/strong>\u00a0y que asegura que le da suerte. La us\u00f3 aunque en la ciudad haya m\u00e1s de veinte grados. <\/p>\n\n\n\n<p>En la secuencia de su voto se puede observar que la mayor\u00eda eligi\u00f3 usar remeras sin un abrigo extra. Aunque haya repetido el color, no es la misma campera que utiliz\u00f3 en otros domingos de comicios.<\/p>\n\n\n\n<p><strong><em>\u201cTienen que hacer uso del derecho del voto para manifestar la Argentina que queremos. Es una jornada democr\u00e1tica, nosotros estamos confiado y esperando con tranquilidad la expresi\u00f3n del pueblo argentino. Hoy se define qu\u00e9 Argentina tendremos en los pr\u00f3ximos cuatro a\u00f1os\u201d, <\/em><\/strong>expres\u00f3 el candidato a presidente en di\u00e1logo con los periodistas.<\/p>\n\n\n\n<p><strong><em>Con informaci\u00f3n de Infobae<\/em><\/strong><\/p>\n","protected":false},"excerpt":{"rendered":"<p>En el Instituto Domingo Savio de calle Ram\u00f3n C\u00e1rcano 75 de la capital de C\u00f3rdoba, todos sab\u00edan c\u00f3mo iba a llegar vestido el candidato a presidente de Hacemos Unidos por Nuestro Pa\u00eds, Juan Schiaretti, seg\u00fan rese\u00f1\u00f3 Infobae. A las once de la ma\u00f1ana, el actual gobernador de la provincia se present\u00f3 con un jean cl\u00e1sico, [&hellip;]<\/p>\n","protected":false},"author":5,"featured_media":44126,"comment_status":"closed","ping_status":"closed","sticky":false,"template":"","format":"standard","meta":{"jnews-multi-image_gallery":[],"jnews_single_post":{"subtitle":"","format":"standard","video":"","gallery":"","source_name":"","source_url":"","via_name":"","via_url":"","override_template":"0","override":[{"template":"4","single_blog_custom":"","parallax":"1","fullscreen":"1","layout":"right-sidebar","sidebar":"default-sidebar","second_sidebar":"default-sidebar","sticky_sidebar":"1","share_position":"top","share_float_style":"share-monocrhome","show_share_counter":"1","show_view_counter":"1","show_featured":"1","show_post_meta":"1","show_post_author":"1","show_post_author_image":"1","show_post_date":"1","post_date_format":"default","post_date_format_custom":"Y\/m\/d","show_post_category":"1","show_post_reading_time":"1","post_reading_time_wpm":"300","show_zoom_button":"1","zoom_button_out_step":"2","zoom_button_in_step":"3","show_post_tag":"1","show_prev_next_post":"1","show_popup_post":"1","number_popup_post":"1","show_author_box":"1","show_post_related":"1","show_inline_post_related":"0"}],"override_image_size":"0","image_override":[{"single_post_thumbnail_size":"crop-500","single_post_gallery_size":"crop-500"}],"trending_post":"0","trending_post_position":"meta","trending_post_label":"Trending","sponsored_post":"0","sponsored_post_label":"Sponsored by","sponsored_post_name":"","sponsored_post_url":"","sponsored_post_logo_enable":"0","sponsored_post_logo":"","sponsored_post_desc":"","disable_ad":"0"},"jnews_primary_category":{"id":"","hide":""},"jnews_social_meta":{"fb_title":"","fb_description":"","fb_image":"","twitter_title":"","twitter_description":"","twitter_image":""},"jnews_review":[],"enable_review":"0","type":"percentage","name":"","summary":"","brand":"","sku":"","good":[{"good_text":""}],"bad":[{"bad_text":""}],"score_override":"","override_value":"","rating":[{"rating_text":"","rating_number":"10"}],"price":[{"shop":"","price":"","link":"","icon":""}],"jnews_override_counter":{"override_view_counter":"0","view_counter_number":"0","override_share_counter":"0","share_counter_number":"0","override_like_counter":"0","like_counter_number":"0","override_dislike_counter":"0","dislike_counter_number":"0"},"jnews_post_split":{"enable_post_split":"0","post_split":[{"template":"1","tag":"h2","numbering":"asc","mode":"normal","first":"0","enable_toc":"0","toc_type":"normal"}]},"footnotes":""},"categories":[43,58],"tags":[12585,12425],"class_list":["post-44125","post","type-post","status-publish","format-standard","has-post-thumbnail","hentry","category-actualidad","category-argentina","tag-cabala","tag-juan-schiaretti"],"_links":{"self":[{"href":"https:\/\/esreviral.com\/index.php?rest_route=\/wp\/v2\/posts\/44125","targetHints":{"allow":["GET"]}}],"collection":[{"href":"https:\/\/esreviral.com\/index.php?rest_route=\/wp\/v2\/posts"}],"about":[{"href":"https:\/\/esreviral.com\/index.php?rest_route=\/wp\/v2\/types\/post"}],"author":[{"embeddable":true,"href":"https:\/\/esreviral.com\/index.php?rest_route=\/wp\/v2\/users\/5"}],"replies":[{"embeddable":true,"href":"https:\/\/esreviral.com\/index.php?rest_route=%2Fwp%2Fv2%2Fcomments&post=44125"}],"version-history":[{"count":0,"href":"https:\/\/esreviral.com\/index.php?rest_route=\/wp\/v2\/posts\/44125\/revisions"}],"wp:featuredmedia":[{"embeddable":true,"href":"https:\/\/esreviral.com\/index.php?rest_route=\/wp\/v2\/media\/44126"}],"wp:attachment":[{"href":"https:\/\/esreviral.com\/index.php?rest_route=%2Fwp%2Fv2%2Fmedia&parent=44125"}],"wp:term":[{"taxonomy":"category","embeddable":true,"href":"https:\/\/esreviral.com\/index.php?rest_route=%2Fwp%2Fv2%2Fcategories&post=44125"},{"taxonomy":"post_tag","embeddable":true,"href":"https:\/\/esreviral.com\/index.php?rest_route=%2Fwp%2Fv2%2Ftags&post=44125"}],"curies":[{"name":"wp","href":"https:\/\/api.w.org\/{rel}","templated":true}]}}