{"id":44027,"date":"2023-10-19T07:25:11","date_gmt":"2023-10-19T12:25:11","guid":{"rendered":"https:\/\/esreviral.com\/?p=44027"},"modified":"2023-10-19T07:25:12","modified_gmt":"2023-10-19T12:25:12","slug":"lo-que-tienes-que-saber-sobre-las-elecciones-generales-de-este-domingo-en-argentina","status":"publish","type":"post","link":"https:\/\/esreviral.com\/?p=44027","title":{"rendered":"Lo que tienes que saber sobre las elecciones generales de este domingo en Argentina"},"content":{"rendered":"\n<p>Las elecciones presidenciales de Argentina de 2023 se llevar\u00e1n a cabo el domingo 22 de octubre junto con las elecciones legislativas, de acuerdo a lo establecido en la Constituci\u00f3n Nacional y las leyes electorales.<\/p>\n\n\n\n<h5 class=\"wp-block-heading\" id=\"1\"><strong>\u00bfQu\u00e9 cargos se eligen en las elecciones generales 2023?<\/strong><\/h5>\n\n\n\n<p>Presidente\/a y vicepresidente\/a<br><strong>130<\/strong>&nbsp;diputados\/as en todo el pa\u00eds y&nbsp;<strong>24<\/strong>&nbsp;senadores\/as en&nbsp;<strong>8 provincias<\/strong>.<br><strong>19 parlamentarios\/as del Mercosur<\/strong>&nbsp;por distrito nacional y&nbsp;<strong>24<\/strong>&nbsp;por distrito regional.<\/p>\n\n\n\n<p><strong>Buenos Aires<\/strong><br>3 senadores\/as nacionales<br>35 diputados\/as nacionales<br>1 parlamentario\/a del Mercosur<\/p>\n\n\n\n<p><strong>CABA<\/strong><br>12 diputados\/as nacionales<br>1 parlamentario\/a del Mercosur<\/p>\n\n\n\n<p><strong>Catamarca<\/strong><br>2 diputados\/as nacionales<br>1 parlamentario\/a del Mercosur<\/p>\n\n\n\n<p><strong>Chaco<\/strong><br>3 diputados\/as nacionales<br>1 parlamentario\/a del Mercosur<\/p>\n\n\n\n<p><strong>Chubut<\/strong><br>3 diputados\/as nacionales<br>1 parlamentario\/a del Mercosur<\/p>\n\n\n\n<p><strong>C\u00f3rdoba<\/strong><br>9 diputados\/as nacionales<br>1 parlamentario\/a del Mercosur<\/p>\n\n\n\n<p><strong>Corrientes<\/strong><br>4 diputados\/as nacionales<br>1 parlamentario\/a del Mercosur<\/p>\n\n\n\n<p><strong>Entre R\u00edos<\/strong><br>4 diputados\/as nacionales<br>1 parlamentario\/a del Mercosur<\/p>\n\n\n\n<p><strong>Formosa<\/strong><br>3 senadores\/as nacionales<br>3 diputados\/as nacionales<br>1 parlamentario\/a del Mercosur<\/p>\n\n\n\n<p><strong>Jujuy<\/strong><br>3 senadores\/as nacionales<br>3 diputados\/as nacionales<br>1 parlamentario\/a del Mercosur<\/p>\n\n\n\n<p><strong>La Pampa<\/strong><br>2 diputados\/as nacionales<br>1 parlamentario\/a del Mercosur<\/p>\n\n\n\n<p><strong>La Rioja<\/strong><br>3 senadores\/as nacionales<br>3 diputados\/as nacionales<br>1 parlamentario\/a del Mercosur<\/p>\n\n\n\n<p><strong>Mendoza<\/strong><br>5 diputados\/as nacionales<br>1 parlamentario\/a del Mercosur<\/p>\n\n\n\n<p><strong>Misiones<\/strong><br>3 senadores\/as nacionales<br>4 diputados\/as nacionales<br>1 parlamentario\/a del Mercosur<\/p>\n\n\n\n<p><strong>Neuqu\u00e9n<\/strong><br>2 diputados\/as nacionales<br>1 parlamentario\/a del Mercosur<\/p>\n\n\n\n<p><strong>R\u00edo Negro<\/strong><br>3 diputados\/as nacionales<br>1 parlamentario\/a del Mercosur<\/p>\n\n\n\n<p><strong>Salta<\/strong><br>4 diputados\/as nacionales<br>1 parlamentario\/a del Mercosur<\/p>\n\n\n\n<p><strong>San Juan<\/strong><br>3 senadores\/as nacionales<br>3 diputados\/as nacionales<br>1 parlamentario\/a del Mercosur<\/p>\n\n\n\n<p><strong>San Luis<\/strong><br>3 senadores\/as nacionales<br>2 diputados\/as nacionales<br>1 parlamentario\/a del Mercosur<\/p>\n\n\n\n<p><strong>Santa Cruz<\/strong><br>3 senadores\/as nacionales<br>2 diputados\/as nacionales<br>1 parlamentario\/a del Mercosur<\/p>\n\n\n\n<p><strong>Santa Fe<\/strong><br>10 diputados\/as nacionales<br>1 parlamentario\/a del Mercosur<\/p>\n\n\n\n<p><strong>Santiago del Estero<\/strong><br>4 diputados\/as nacionales<br>1 parlamentario\/a del Mercosur<\/p>\n\n\n\n<p><strong>Tierra del Fuego AeIAS<\/strong><br>3 diputados\/as nacionales<br>1 parlamentario\/a del Mercosur<\/p>\n\n\n\n<p><strong>Tucum\u00e1n<\/strong><br>5 diputados\/as nacionales<br>1 parlamentario\/a del Mercosur<\/p>\n\n\n\n<h5 class=\"wp-block-heading\" id=\"2\"><strong>\u00bfCuando y d\u00f3nde voto en las elecciones generales 2023?<\/strong><\/h5>\n\n\n\n<p>Las elecciones generales se llevar\u00e1n a cabo el&nbsp;<strong>22 de octubre entre las 8:00 y las 18:00 horas<\/strong>. Si es necesaria una&nbsp;<strong>segunda vuelta<\/strong>&nbsp;para la elecci\u00f3n del cargo presidencial y vicepresidencial esta ser\u00e1 el&nbsp;<strong>19 de noviembre<\/strong>.<br>A partir del&nbsp;<strong>14 de julio<\/strong>, pod\u00e9s verificar el establecimiento de votaci\u00f3n, el N\u00b0 de mesa donde vot\u00e1s, el N\u00b0 de orden y el ejemplar del documento ingresando a&nbsp;<a href=\"https:\/\/www.padron.gob.ar.\/\">www.padron.gob.ar<\/a><br>El lugar de votaci\u00f3n de las elecciones generales suele ser el mismo del de las P.A.S.O. pero puede ocurrir que haya cambios, por lo que es conveniente que antes del d\u00eda de la elecci\u00f3n hagas una nueva consulta.<br>Se recomienda que esa informaci\u00f3n la conserves hasta el d\u00eda de la elecci\u00f3n.<br>S\u00f3lo pod\u00e9s votar en el establecimiento y la mesa que te corresponden de acuerdo con el domicilio que ten\u00e9s registrado en tu documento.<\/p>\n\n\n\n<h5 class=\"wp-block-heading\" id=\"3\"><strong>\u00bfC\u00f3mo se elige al\/ a la presidente\/a y vicepresidente\/a?<\/strong><\/h5>\n\n\n\n<p>La elecci\u00f3n presidencial es efectuada considerando a todo el territorio nacional como un distrito \u00fanico.<br>Si la f\u00f3rmula m\u00e1s votada obtiene&nbsp;<strong>m\u00e1s del 45% del voto v\u00e1lidamente emitido o m\u00e1s del 40% con una diferencia mayor al 10% con la f\u00f3rmula que le sigue en votos<\/strong>, queda consagrada como presidente\/a y vicepresidente\/a de la Rep\u00fablica.<br>Si eso no ocurre, es necesario realizar una segunda vuelta electoral.<br>De ser necesario, el pr\u00f3ximo&nbsp;<strong>19 de noviembre<\/strong>&nbsp;se har\u00e1 el ballotage entre las dos f\u00f3rmulas m\u00e1s votadas de la primera elecci\u00f3n. El binomio ganador de esa elecci\u00f3n ser\u00e1 elegido\/a como presidente\/a y vicepresidenta\/a.<\/p>\n\n\n\n<h5 class=\"wp-block-heading\" id=\"4\"><strong>\u00bfC\u00f3mo se eligen los\/as parlamentarios\/as del Mercosur?<\/strong><\/h5>\n\n\n\n<p>La Argentina, desde que en 2014 sancion\u00f3 la&nbsp;<strong>Ley 27.120<\/strong>, elige de manera directa a sus 43 representantes al Parlamento del Mercosur a trav\u00e9s de un sistema mixto:<br>\u2022 24 son seleccionados\/as por distrito regional, eligiendo 1 por cada una de las 23 provincias y la Ciudad Aut\u00f3noma de Buenos Aires.<br>\u2022 19 son elegidos\/as por distrito nacional, de forma tal que el pa\u00eds constituye un distrito \u00fanico.<br>Las listas deben conformarse en su totalidad con criterios paritarios intercal\u00e1ndose varones y mujeres y deben superar el piso de participaci\u00f3n requerido en las P.A.S.O.<\/p>\n\n\n\n<h5 class=\"wp-block-heading\" id=\"5\"><strong>\u00bfC\u00f3mo se eligen las diputadas y diputados nacionales?<\/strong><\/h5>\n\n\n\n<p>La Honorable C\u00e1mara de Diputados de la Naci\u00f3n (HCDN) est\u00e1 integrada por&nbsp;<strong>257 miembros elegidos directamente por el pueblo de cada una de las provincias y de la Ciudad Aut\u00f3noma de Buenos Aires<\/strong>, a simple pluralidad de sufragios. La HCDN se renueva por mitades cada dos a\u00f1os, por lo que en 2021 se terminan los mandatos de los 127 diputados elegidos en 2017.<\/p>\n\n\n\n<p>La cantidad de bancas guarda cierta relaci\u00f3n proporcional con la cantidad de habitantes de cada uno de los distritos, y se garantiza un piso de cinco representantes para las provincias con menor cantidad de electores.<\/p>\n\n\n\n<p>Son elegidos por&nbsp;<strong>lista de candidatas y candidatos cerrada<\/strong>&nbsp;(porque incluye la totalidad de los cargos a cubrir) y&nbsp;<strong>bloqueada<\/strong>&nbsp;(porque no se admiten tachaduras o sustituciones de candidaturas). Las listas deben conformarse en su totalidad&nbsp;<strong>con criterios paritarios<\/strong>, intercalando mujeres y varones.<\/p>\n\n\n\n<p>Para que una agrupaci\u00f3n pol\u00edtica participe en la distribuci\u00f3n de las bancas en disputa en la elecci\u00f3n deber\u00e1 superar un m\u00ednimo de votos o \u201cumbral electoral\u201d del 3% del padr\u00f3n del distrito en cuesti\u00f3n.<\/p>\n\n\n\n<p>Los cargos a cubrir se asignan a trav\u00e9s del sistema D\u00b4hont. Se divide el total de los votos obtenidos por cada lista que haya alcanzado el 3% del padr\u00f3n electoral entre 1, 2, 3 y as\u00ed sucesivamente y se ordenan los cocientes de mayor a menor hasta alcanzar la cantidad total de cargos en disputa, correspondi\u00e9ndole a cada lista tantos cargos como veces sus cocientes figuren en ese ordenamiento.<\/p>\n\n\n\n<h5 class=\"wp-block-heading\" id=\"6\"><strong>\u00bfC\u00f3mo se eligen las senadoras y senadores nacionales?<\/strong><\/h5>\n\n\n\n<p>La C\u00e1mara de Senadores de la Naci\u00f3n est\u00e1 compuesta por&nbsp;<strong>72 miembros<\/strong>&nbsp;y&nbsp;<strong>renueva su integraci\u00f3n por tercios cada dos a\u00f1os<\/strong>. Este a\u00f1o terminan sus mandatos de seis a\u00f1os las senadoras y senadores elegidos en 2015.&nbsp;<strong>Cada provincia y la Ciudad Aut\u00f3noma de Buenos Aires tienen la misma cantidad de senadores, tres<\/strong>.<\/p>\n\n\n\n<p>Son votados en forma&nbsp;<strong>directa<\/strong>&nbsp;y&nbsp;<strong>conjunta<\/strong>. Se eligen por lista de candidatos cerrada que incluye la totalidad de los cargos a cubrir y bloqueada en el sentido de que&nbsp;<strong>no se admiten tachaduras o sustituciones<\/strong>&nbsp;de candidatas y\/o candidatos. Las listas deben conformarse con&nbsp;<strong>criterios paritarios<\/strong>, intercal\u00e1ndose mujeres y varones.<\/p>\n\n\n\n<p>La agrupaci\u00f3n pol\u00edtica que salga en primer lugar obtendr\u00e1&nbsp;<strong>dos bancas<\/strong>&nbsp;y la que le siga en n\u00famero de votos,&nbsp;<strong>una<\/strong>.<\/p>\n\n\n\n<p>En 2023 elegir\u00e1n senadores\/as nacionales las siguientes ocho provincias: Buenos Aires, Formosa, Jujuy, La Rioja, Misiones, San Juan, San Luis y Santa Cruz.<\/p>\n\n\n\n<h5 class=\"wp-block-heading\" id=\"7\"><strong>\u00bfHay tambi\u00e9n elecciones para cargos provinciales y municipales?<\/strong><\/h5>\n\n\n\n<p>Cada provincia decide c\u00f3mo, cu\u00e1ndo y de qu\u00e9 manera elige a sus gobernantes y como est\u00e1n conformados sus poderes.<br>Sin embargo, el pr\u00f3ximo 13 de agosto, cuando se lleven a cabo las P.A.S.O a nivel nacional tambi\u00e9n habr\u00e1 elecciones primarias para elegir candidaturas a cargos provinciales y\/o municipales en:<br>\u2022&nbsp;<strong>Buenos Aires<\/strong><br>\u2022&nbsp;<strong>Ciudad Aut\u00f3noma de Buenos Aires<\/strong><br>\u2022&nbsp;<strong>Catamarca<\/strong><br>\u2022&nbsp;<strong>Entre R\u00edos<\/strong><br>Asimismo, la provincia de Santa Cruz elegir\u00e1 a su gobernador\/a, y diputados\/as provinciales, por municipios y representantes del Pueblo de la Provincia en el Consejo de la Magistratura.<\/p>\n\n\n\n<p>El\u00a0<strong>22 de octubre<\/strong>, en la misma fecha que el comicio nacional, se celebrar\u00e1n elecciones generales para elegir cargos provinciales y\/o municipales en:<br>Buenos Aires<br>Ciudad Aut\u00f3noma de Buenos Aires.<br>Catamarca<br>Entre R\u00edos<br>Santa Cruz<\/p>\n\n\n\n<p><strong><em>Fuente: <a href=\"https:\/\/www.argentina.gob.ar\/elecciones-2023\/lo-que-hay-que-saber-sobre-las-elecciones\/lo-que-hay-que-saber-sobre-las-elecciones\" data-type=\"link\" data-id=\"https:\/\/www.argentina.gob.ar\/elecciones-2023\/lo-que-hay-que-saber-sobre-las-elecciones\/lo-que-hay-que-saber-sobre-las-elecciones\">Gobierno de Argentina <\/a><\/em><\/strong><\/p>\n","protected":false},"excerpt":{"rendered":"<p>Las elecciones presidenciales de Argentina de 2023 se llevar\u00e1n a cabo el domingo 22 de octubre junto con las elecciones legislativas, de acuerdo a lo establecido en la Constituci\u00f3n Nacional y las leyes electorales. \u00bfQu\u00e9 cargos se eligen en las elecciones generales 2023? Presidente\/a y vicepresidente\/a130&nbsp;diputados\/as en todo el pa\u00eds y&nbsp;24&nbsp;senadores\/as en&nbsp;8 provincias.19 parlamentarios\/as del [&hellip;]<\/p>\n","protected":false},"author":5,"featured_media":44028,"comment_status":"closed","ping_status":"closed","sticky":false,"template":"","format":"standard","meta":{"jnews-multi-image_gallery":[],"jnews_single_post":{"subtitle":"","format":"standard","video":"","gallery":"","source_name":"","source_url":"","via_name":"","via_url":"","override_template":"0","override":[{"template":"4","single_blog_custom":"","parallax":"1","fullscreen":"1","layout":"right-sidebar","sidebar":"default-sidebar","second_sidebar":"default-sidebar","sticky_sidebar":"1","share_position":"top","share_float_style":"share-monocrhome","show_share_counter":"1","show_view_counter":"1","show_featured":"1","show_post_meta":"1","show_post_author":"1","show_post_author_image":"1","show_post_date":"1","post_date_format":"default","post_date_format_custom":"Y\/m\/d","show_post_category":"1","show_post_reading_time":"1","post_reading_time_wpm":"300","show_zoom_button":"1","zoom_button_out_step":"2","zoom_button_in_step":"3","show_post_tag":"1","show_prev_next_post":"1","show_popup_post":"1","number_popup_post":"1","show_author_box":"1","show_post_related":"1","show_inline_post_related":"0"}],"override_image_size":"0","image_override":[{"single_post_thumbnail_size":"crop-500","single_post_gallery_size":"crop-500"}],"trending_post":"0","trending_post_position":"meta","trending_post_label":"Trending","sponsored_post":"0","sponsored_post_label":"Sponsored by","sponsored_post_name":"","sponsored_post_url":"","sponsored_post_logo_enable":"0","sponsored_post_logo":"","sponsored_post_desc":"","disable_ad":"0"},"jnews_primary_category":{"id":"","hide":""},"jnews_social_meta":{"fb_title":"","fb_description":"","fb_image":"","twitter_title":"","twitter_description":"","twitter_image":""},"jnews_review":[],"enable_review":"0","type":"percentage","name":"","summary":"","brand":"","sku":"","good":[{"good_text":""}],"bad":[{"bad_text":""}],"score_override":"","override_value":"","rating":[{"rating_text":"","rating_number":"10"}],"price":[{"shop":"","price":"","link":"","icon":""}],"jnews_override_counter":{"override_view_counter":"0","view_counter_number":"0","override_share_counter":"0","share_counter_number":"0","override_like_counter":"0","like_counter_number":"0","override_dislike_counter":"0","dislike_counter_number":"0"},"jnews_post_split":{"enable_post_split":"0","post_split":[{"template":"1","tag":"h2","numbering":"asc","mode":"normal","first":"0","enable_toc":"0","toc_type":"normal"}]},"footnotes":""},"categories":[43,58,59],"tags":[44,6965,12571],"class_list":["post-44027","post","type-post","status-publish","format-standard","has-post-thumbnail","hentry","category-actualidad","category-argentina","category-politica","tag-argentina","tag-elecciones-2023","tag-elecciones-generales"],"_links":{"self":[{"href":"https:\/\/esreviral.com\/index.php?rest_route=\/wp\/v2\/posts\/44027","targetHints":{"allow":["GET"]}}],"collection":[{"href":"https:\/\/esreviral.com\/index.php?rest_route=\/wp\/v2\/posts"}],"about":[{"href":"https:\/\/esreviral.com\/index.php?rest_route=\/wp\/v2\/types\/post"}],"author":[{"embeddable":true,"href":"https:\/\/esreviral.com\/index.php?rest_route=\/wp\/v2\/users\/5"}],"replies":[{"embeddable":true,"href":"https:\/\/esreviral.com\/index.php?rest_route=%2Fwp%2Fv2%2Fcomments&post=44027"}],"version-history":[{"count":0,"href":"https:\/\/esreviral.com\/index.php?rest_route=\/wp\/v2\/posts\/44027\/revisions"}],"wp:featuredmedia":[{"embeddable":true,"href":"https:\/\/esreviral.com\/index.php?rest_route=\/wp\/v2\/media\/44028"}],"wp:attachment":[{"href":"https:\/\/esreviral.com\/index.php?rest_route=%2Fwp%2Fv2%2Fmedia&parent=44027"}],"wp:term":[{"taxonomy":"category","embeddable":true,"href":"https:\/\/esreviral.com\/index.php?rest_route=%2Fwp%2Fv2%2Fcategories&post=44027"},{"taxonomy":"post_tag","embeddable":true,"href":"https:\/\/esreviral.com\/index.php?rest_route=%2Fwp%2Fv2%2Ftags&post=44027"}],"curies":[{"name":"wp","href":"https:\/\/api.w.org\/{rel}","templated":true}]}}