{"id":43889,"date":"2023-10-16T17:57:54","date_gmt":"2023-10-16T22:57:54","guid":{"rendered":"https:\/\/esreviral.com\/?p=43889"},"modified":"2023-10-16T22:10:31","modified_gmt":"2023-10-17T03:10:31","slug":"patricia-a-milei-en-su-cierre-de-campana-sus-ideas-son-malas","status":"publish","type":"post","link":"https:\/\/esreviral.com\/?p=43889","title":{"rendered":"Patricia a Milei en su cierre de campa\u00f1a: \u00absus ideas son malas\u00bb (+VIDEO)"},"content":{"rendered":"\n<p><strong><em>CIS.- <\/em><\/strong>La candidata de J<strong>untos por el Cambio, Patricia Bullrich,<\/strong> hizo su primer cierre de campa\u00f1a desde Barracas de Belgrano, delante de m\u00e1s de 10 mil personas, desde donde record\u00f3 que aprendieron de los errores del pasado y que buscar\u00e1 una mejor Argentina con su gobierno, donde ha reunido a un gran equipo para bajar la inflaci\u00f3n y mantener una educaci\u00f3n de calidad. <\/p>\n\n\n\n<p>Bullrich apunt\u00f3 contra sus contrincantes. Empez\u00f3 con Sergio Massa y se pregunt\u00f3:<strong> \u00ab\u00bfqui\u00e9n va a votar a Massa? por su culpa tenemos una inflaci\u00f3n que se ha duplicado. Es el ministro de econom\u00eda y gobierna al pa\u00eds\u00bb. <\/strong><\/p>\n\n\n\n<p>Pero el momento \u00e1lgido fue cuando apunto contra Javier Milei, a quien le record\u00f3 que <strong>\u00abla casta la ten\u00e9s adentro con Barrio Obrero\u00bb, <\/strong>reiter\u00f3 que las ideas del candidato de La Libertad Avanza, \u00abno son buenas. No se puede dolarizar un pa\u00eds que no tiene d\u00f3lares. <\/p>\n\n\n\n<p>Bullrich estuvo acompa\u00f1ada en tarima de Horacio Rodr\u00edguez Larreta, quien ser\u00eda su Jefe de Gabinete en caso de ganar las elecciones y de Jorge Macri, candidato a suceder a Rodr\u00edguez Larreta en el Gobierno de la Ciudad. <\/p>\n\n\n\n<figure class=\"wp-block-embed is-type-video is-provider-youtube wp-block-embed-youtube wp-embed-aspect-16-9 wp-has-aspect-ratio\"><div class=\"wp-block-embed__wrapper\">\n<div class=\"jeg_video_container jeg_video_content\"><iframe title=\"Duras cr\u00edticas de Bullrich a Milei y Massa\" width=\"500\" height=\"281\" src=\"https:\/\/www.youtube.com\/embed\/ym1v8P0MA5U?feature=oembed\" frameborder=\"0\" allow=\"accelerometer; autoplay; clipboard-write; encrypted-media; gyroscope; picture-in-picture; web-share\" referrerpolicy=\"strict-origin-when-cross-origin\" allowfullscreen><\/iframe><\/div>\n<\/div><\/figure>\n","protected":false},"excerpt":{"rendered":"<p>CIS.- La candidata de Juntos por el Cambio, Patricia Bullrich, hizo su primer cierre de campa\u00f1a desde Barracas de Belgrano, delante de m\u00e1s de 10 mil personas, desde donde record\u00f3 que aprendieron de los errores del pasado y que buscar\u00e1 una mejor Argentina con su gobierno, donde ha reunido a un gran equipo para bajar [&hellip;]<\/p>\n","protected":false},"author":2,"featured_media":43890,"comment_status":"open","ping_status":"closed","sticky":false,"template":"","format":"standard","meta":{"jnews-multi-image_gallery":[],"jnews_single_post":{"subtitle":"","format":"standard","video":"","gallery":"","source_name":"","source_url":"","via_name":"","via_url":"","override_template":"0","override":[{"template":"4","single_blog_custom":"","parallax":"1","fullscreen":"1","layout":"right-sidebar","sidebar":"default-sidebar","second_sidebar":"default-sidebar","sticky_sidebar":"1","share_position":"top","share_float_style":"share-monocrhome","show_share_counter":"1","show_view_counter":"1","show_featured":"1","show_post_meta":"1","show_post_author":"1","show_post_author_image":"1","show_post_date":"1","post_date_format":"default","post_date_format_custom":"Y\/m\/d","show_post_category":"1","show_post_reading_time":"1","post_reading_time_wpm":"300","show_zoom_button":"1","zoom_button_out_step":"2","zoom_button_in_step":"3","show_post_tag":"1","show_prev_next_post":"1","show_popup_post":"1","number_popup_post":"1","show_author_box":"1","show_post_related":"1","show_inline_post_related":"0"}],"override_image_size":"0","image_override":[{"single_post_thumbnail_size":"crop-500","single_post_gallery_size":"crop-500"}],"trending_post":"0","trending_post_position":"meta","trending_post_label":"Trending","sponsored_post":"0","sponsored_post_label":"Sponsored by","sponsored_post_name":"","sponsored_post_url":"","sponsored_post_logo_enable":"0","sponsored_post_logo":"","sponsored_post_desc":"","disable_ad":"0"},"jnews_primary_category":{"id":"","hide":""},"jnews_social_meta":{"fb_title":"","fb_description":"","fb_image":"","twitter_title":"","twitter_description":"","twitter_image":""},"jnews_review":[],"enable_review":"0","type":"percentage","name":"","summary":"","brand":"","sku":"","good":[{"good_text":""}],"bad":[{"bad_text":""}],"score_override":"","override_value":"","rating":[{"rating_text":"","rating_number":"10"}],"price":[{"shop":"","price":"","link":"","icon":""}],"jnews_override_counter":{"override_view_counter":"0","view_counter_number":"0","override_share_counter":"0","share_counter_number":"0","override_like_counter":"0","like_counter_number":"0","override_dislike_counter":"0","dislike_counter_number":"0"},"jnews_post_split":{"enable_post_split":"0","post_split":[{"template":"1","tag":"h2","numbering":"asc","mode":"normal","first":"0","enable_toc":"0","toc_type":"normal"}]},"footnotes":""},"categories":[58,59],"tags":[44,1150,1158,45,391,3516],"class_list":["post-43889","post","type-post","status-publish","format-standard","has-post-thumbnail","hentry","category-argentina","category-politica","tag-argentina","tag-cierre-de-campana","tag-javier-milei","tag-noticias","tag-patricia-bullrich","tag-sergio-massa"],"_links":{"self":[{"href":"https:\/\/esreviral.com\/index.php?rest_route=\/wp\/v2\/posts\/43889","targetHints":{"allow":["GET"]}}],"collection":[{"href":"https:\/\/esreviral.com\/index.php?rest_route=\/wp\/v2\/posts"}],"about":[{"href":"https:\/\/esreviral.com\/index.php?rest_route=\/wp\/v2\/types\/post"}],"author":[{"embeddable":true,"href":"https:\/\/esreviral.com\/index.php?rest_route=\/wp\/v2\/users\/2"}],"replies":[{"embeddable":true,"href":"https:\/\/esreviral.com\/index.php?rest_route=%2Fwp%2Fv2%2Fcomments&post=43889"}],"version-history":[{"count":0,"href":"https:\/\/esreviral.com\/index.php?rest_route=\/wp\/v2\/posts\/43889\/revisions"}],"wp:featuredmedia":[{"embeddable":true,"href":"https:\/\/esreviral.com\/index.php?rest_route=\/wp\/v2\/media\/43890"}],"wp:attachment":[{"href":"https:\/\/esreviral.com\/index.php?rest_route=%2Fwp%2Fv2%2Fmedia&parent=43889"}],"wp:term":[{"taxonomy":"category","embeddable":true,"href":"https:\/\/esreviral.com\/index.php?rest_route=%2Fwp%2Fv2%2Fcategories&post=43889"},{"taxonomy":"post_tag","embeddable":true,"href":"https:\/\/esreviral.com\/index.php?rest_route=%2Fwp%2Fv2%2Ftags&post=43889"}],"curies":[{"name":"wp","href":"https:\/\/api.w.org\/{rel}","templated":true}]}}