{"id":43760,"date":"2023-10-12T14:57:35","date_gmt":"2023-10-12T19:57:35","guid":{"rendered":"https:\/\/esreviral.com\/?p=43760"},"modified":"2023-10-12T14:57:35","modified_gmt":"2023-10-12T19:57:35","slug":"la-inflacion-de-septiembre-fue-de-127-y-acumulo-1383-en-el-ultimo-ano","status":"publish","type":"post","link":"https:\/\/esreviral.com\/?p=43760","title":{"rendered":"La inflaci\u00f3n de septiembre fue de 12,7% y acumul\u00f3 138,3% en el \u00faltimo a\u00f1o"},"content":{"rendered":"\n<p>La\u00a0<strong>inflaci\u00f3n<\/strong>\u00a0de septiembre fue de\u00a0<strong>12,7%<\/strong>, difundi\u00f3 este jueves el Instituto Nacional de Estad\u00edstica y Censos (INDEC). En lo que va del a\u00f1o, el\u00a0<strong>\u00cdndice de Precios al Consumidor\u00a0<\/strong>(IPC) acumul\u00f3 un\u00a0<strong>103,2%<\/strong>, en tanto que en la medici\u00f3n interanual se ubic\u00f3 en el\u00a0<strong>138,3%<\/strong>.<\/p>\n\n\n\n<figure class=\"wp-block-embed is-type-rich is-provider-twitter wp-block-embed-twitter\"><div class=\"wp-block-embed__wrapper\">\n<blockquote class=\"twitter-tweet\" data-width=\"500\" data-dnt=\"true\"><p lang=\"es\" dir=\"ltr\"><a href=\"https:\/\/twitter.com\/hashtag\/DatoINDEC?src=hash&amp;ref_src=twsrc%5Etfw\">#DatoINDEC<\/a><br>Los precios al consumidor (<a href=\"https:\/\/twitter.com\/hashtag\/IPC?src=hash&amp;ref_src=twsrc%5Etfw\">#IPC<\/a>) aumentaron 12,7% en septiembre de 2023 respecto de agosto y 138,3% interanual. Acumularon un alza de 103,2% en los primeros nueve meses del a\u00f1o <a href=\"https:\/\/t.co\/GTVFgmYq1J\">https:\/\/t.co\/GTVFgmYq1J<\/a> <a href=\"https:\/\/t.co\/xof6yqYE3W\">pic.twitter.com\/xof6yqYE3W<\/a><\/p>&mdash; INDEC Argentina (@INDECArgentina) <a href=\"https:\/\/twitter.com\/INDECArgentina\/status\/1712543707411657101?ref_src=twsrc%5Etfw\">October 12, 2023<\/a><\/blockquote><script async src=\"https:\/\/platform.twitter.com\/widgets.js\" charset=\"utf-8\"><\/script>\n<\/div><\/figure>\n\n\n\n<p>El\u00a0<strong>rubro<\/strong>\u00a0que registr\u00f3 el mayor aumento en el mes fue<strong>\u00a0Prendas de vestir y calzado<\/strong>\u00a0(15,7%), impulsada por el cambio de temporada. Le siguieron Recreaci\u00f3n y cultura (15,1%) \u2013principalmente por la suba en los servicios de televisi\u00f3n por cable\u2013 y Alimentos y bebidas no alcoh\u00f3licas (14,3%).<\/p>\n\n\n\n<p class=\"has-text-align-right\"><strong><em>TN.-<\/em><\/strong><\/p>\n","protected":false},"excerpt":{"rendered":"<p>La\u00a0inflaci\u00f3n\u00a0de septiembre fue de\u00a012,7%, difundi\u00f3 este jueves el Instituto Nacional de Estad\u00edstica y Censos (INDEC). En lo que va del a\u00f1o, el\u00a0\u00cdndice de Precios al Consumidor\u00a0(IPC) acumul\u00f3 un\u00a0103,2%, en tanto que en la medici\u00f3n interanual se ubic\u00f3 en el\u00a0138,3%. El\u00a0rubro\u00a0que registr\u00f3 el mayor aumento en el mes fue\u00a0Prendas de vestir y calzado\u00a0(15,7%), impulsada por el [&hellip;]<\/p>\n","protected":false},"author":2,"featured_media":43761,"comment_status":"open","ping_status":"closed","sticky":false,"template":"","format":"standard","meta":{"jnews-multi-image_gallery":[],"jnews_single_post":{"subtitle":"","format":"standard","video":"","gallery":"","source_name":"","source_url":"","via_name":"","via_url":"","override_template":"0","override":[{"template":"4","single_blog_custom":"","parallax":"1","fullscreen":"1","layout":"right-sidebar","sidebar":"default-sidebar","second_sidebar":"default-sidebar","sticky_sidebar":"1","share_position":"top","share_float_style":"share-monocrhome","show_share_counter":"1","show_view_counter":"1","show_featured":"1","show_post_meta":"1","show_post_author":"1","show_post_author_image":"1","show_post_date":"1","post_date_format":"default","post_date_format_custom":"Y\/m\/d","show_post_category":"1","show_post_reading_time":"1","post_reading_time_wpm":"300","show_zoom_button":"1","zoom_button_out_step":"2","zoom_button_in_step":"3","show_post_tag":"1","show_prev_next_post":"1","show_popup_post":"1","number_popup_post":"1","show_author_box":"1","show_post_related":"1","show_inline_post_related":"0"}],"override_image_size":"0","image_override":[{"single_post_thumbnail_size":"crop-500","single_post_gallery_size":"crop-500"}],"trending_post":"0","trending_post_position":"meta","trending_post_label":"Trending","sponsored_post":"0","sponsored_post_label":"Sponsored by","sponsored_post_name":"","sponsored_post_url":"","sponsored_post_logo_enable":"0","sponsored_post_logo":"","sponsored_post_desc":"","disable_ad":"0"},"jnews_primary_category":{"id":"","hide":""},"jnews_social_meta":{"fb_title":"","fb_description":"","fb_image":"","twitter_title":"","twitter_description":"","twitter_image":""},"jnews_review":[],"enable_review":"0","type":"percentage","name":"","summary":"","brand":"","sku":"","good":[{"good_text":""}],"bad":[{"bad_text":""}],"score_override":"","override_value":"","rating":[{"rating_text":"","rating_number":"10"}],"price":[{"shop":"","price":"","link":"","icon":""}],"jnews_override_counter":{"override_view_counter":"0","view_counter_number":"0","override_share_counter":"0","share_counter_number":"0","override_like_counter":"0","like_counter_number":"0","override_dislike_counter":"0","dislike_counter_number":"0"},"jnews_post_split":{"enable_post_split":"0","post_split":[{"template":"1","tag":"h2","numbering":"asc","mode":"normal","first":"0","enable_toc":"0","toc_type":"normal"}]},"footnotes":""},"categories":[61],"tags":[44,5559,45],"class_list":["post-43760","post","type-post","status-publish","format-standard","has-post-thumbnail","hentry","category-economia","tag-argentina","tag-inflacion-2","tag-noticias"],"amp_enabled":true,"_links":{"self":[{"href":"https:\/\/esreviral.com\/index.php?rest_route=\/wp\/v2\/posts\/43760"}],"collection":[{"href":"https:\/\/esreviral.com\/index.php?rest_route=\/wp\/v2\/posts"}],"about":[{"href":"https:\/\/esreviral.com\/index.php?rest_route=\/wp\/v2\/types\/post"}],"author":[{"embeddable":true,"href":"https:\/\/esreviral.com\/index.php?rest_route=\/wp\/v2\/users\/2"}],"replies":[{"embeddable":true,"href":"https:\/\/esreviral.com\/index.php?rest_route=%2Fwp%2Fv2%2Fcomments&post=43760"}],"version-history":[{"count":0,"href":"https:\/\/esreviral.com\/index.php?rest_route=\/wp\/v2\/posts\/43760\/revisions"}],"wp:featuredmedia":[{"embeddable":true,"href":"https:\/\/esreviral.com\/index.php?rest_route=\/wp\/v2\/media\/43761"}],"wp:attachment":[{"href":"https:\/\/esreviral.com\/index.php?rest_route=%2Fwp%2Fv2%2Fmedia&parent=43760"}],"wp:term":[{"taxonomy":"category","embeddable":true,"href":"https:\/\/esreviral.com\/index.php?rest_route=%2Fwp%2Fv2%2Fcategories&post=43760"},{"taxonomy":"post_tag","embeddable":true,"href":"https:\/\/esreviral.com\/index.php?rest_route=%2Fwp%2Fv2%2Ftags&post=43760"}],"curies":[{"name":"wp","href":"https:\/\/api.w.org\/{rel}","templated":true}]}}