{"id":43740,"date":"2023-10-12T08:44:29","date_gmt":"2023-10-12T13:44:29","guid":{"rendered":"https:\/\/esreviral.com\/?p=43740"},"modified":"2023-10-12T08:50:17","modified_gmt":"2023-10-12T13:50:17","slug":"los-supuestos-audios-de-carlos-melconian-candidato-a-ministro-de-economia-de-patricia-bullrich-que-ponen-a-arder-la-campana-video","status":"publish","type":"post","link":"https:\/\/esreviral.com\/?p=43740","title":{"rendered":"Los supuestos audios de Carlos Melconian, candidato a Ministro de Econom\u00eda de Patricia Bullrich, que ponen a arder la campa\u00f1a (+VIDEO)"},"content":{"rendered":"\n<p>El conductor de televisi\u00f3n Tom\u00e1s M\u00e9ndez difundi\u00f3 audios que supuestamente complican al economista Carlos Melconian, a quien lo acus\u00f3 de ser un \u201cdepravado sexual que mete chicas en el Estado a cambio de favores en la cama\u201d y que, adem\u00e1s, \u201cmont\u00f3 una organizaci\u00f3n para sacar cosas del Banco Naci\u00f3n\u201d.<\/p>\n\n\n\n<p>En algunos de esos audios, el supuesto Melconian habla con su mano derecha, Facundo Maino. <strong><em>\u00abA ver si te arm\u00e1s algo ah\u00ed, dale. A mi chiquita me la boicote\u00e1s. Si ten\u00e9s huevo trae a la otra. Arreglame el fato con Mariela, con todo. Ponete a laburar. Yo te dir\u00eda que empieces a hacer la tarea sucia porque va a ser crisis lo de Soledad\u00bb,<\/em><\/strong> dice el economista en uno de los audios.<\/p>\n\n\n\n<p>En otro habla con una mujer con la que aparentemente ya se hab\u00eda visto en la intimidad y que se niega a concertar una nueva cita. En ese audio se infiere una conversaci\u00f3n sobre un cargo para la mujer en el Banco Naci\u00f3n.<\/p>\n\n\n\n<p>Bullrich dijo que <strong><em>\u00abya con este tema entre que te hacen voces con inteligencia artificial, te recortan videos, te meten audios que nadie sabe de d\u00f3nde salen, la verdad es que vayamos a las cosas que son expl\u00edcitas y concretas\u00bb<\/em><\/strong>.<\/p>\n\n\n\n<blockquote class=\"wp-block-quote is-layout-flow wp-block-quote-is-layout-flow\">\n<p><strong><em>\u00abYo creo que estas operaciones de quinta categor\u00eda en la Argentina est\u00e1 acostumbrada a que ten\u00e9s gente que toma audios que nadie sabe c\u00f3mo los recortan, de d\u00f3nde salen. Me parece todo sucio, hoy las campa\u00f1as sucias son un instrumento lamentablemente de las campa\u00f1as\u00bb, <\/em><\/strong>dijo Bullrich.<\/p>\n<\/blockquote>\n\n\n\n<p>Tras la difusi\u00f3n de los fragmentos, el mi\u00e9rcoles a la noche, y de que en Twitter los seguidores de Javier Milei lograran convertir #MelcoGate en trending topic,\u00a0<strong>la candidata presidencial de Juntos por el Cambio, Patricia Bullrich, sali\u00f3 a denunciar una \u201ccampa\u00f1a sucia\u201d en su contra<\/strong>.<\/p>\n\n\n\n<figure class=\"wp-block-embed is-type-video is-provider-youtube wp-block-embed-youtube wp-embed-aspect-16-9 wp-has-aspect-ratio\"><div class=\"wp-block-embed__wrapper\">\nhttps:\/\/www.youtube.com\/watch?v=MbG_Idc7JOM\n<\/div><\/figure>\n\n\n\n<p><strong><em>Con informaci\u00f3n de El Diario Arg<\/em><\/strong><\/p>\n","protected":false},"excerpt":{"rendered":"<p>El conductor de televisi\u00f3n Tom\u00e1s M\u00e9ndez difundi\u00f3 audios que supuestamente complican al economista Carlos Melconian, a quien lo acus\u00f3 de ser un \u201cdepravado sexual que mete chicas en el Estado a cambio de favores en la cama\u201d y que, adem\u00e1s, \u201cmont\u00f3 una organizaci\u00f3n para sacar cosas del Banco Naci\u00f3n\u201d. En algunos de esos audios, el [&hellip;]<\/p>\n","protected":false},"author":5,"featured_media":43741,"comment_status":"closed","ping_status":"closed","sticky":false,"template":"","format":"standard","meta":{"jnews-multi-image_gallery":[],"jnews_single_post":{"subtitle":"","format":"standard","video":"","gallery":"","source_name":"","source_url":"","via_name":"","via_url":"","override_template":"0","override":[{"template":"4","single_blog_custom":"","parallax":"1","fullscreen":"1","layout":"right-sidebar","sidebar":"default-sidebar","second_sidebar":"default-sidebar","sticky_sidebar":"1","share_position":"top","share_float_style":"share-monocrhome","show_share_counter":"1","show_view_counter":"1","show_featured":"1","show_post_meta":"1","show_post_author":"1","show_post_author_image":"1","show_post_date":"1","post_date_format":"default","post_date_format_custom":"Y\/m\/d","show_post_category":"1","show_post_reading_time":"1","post_reading_time_wpm":"300","show_zoom_button":"1","zoom_button_out_step":"2","zoom_button_in_step":"3","show_post_tag":"1","show_prev_next_post":"1","show_popup_post":"1","number_popup_post":"1","show_author_box":"1","show_post_related":"1","show_inline_post_related":"0"}],"override_image_size":"0","image_override":[{"single_post_thumbnail_size":"crop-500","single_post_gallery_size":"crop-500"}],"trending_post":"0","trending_post_position":"meta","trending_post_label":"Trending","sponsored_post":"0","sponsored_post_label":"Sponsored by","sponsored_post_name":"","sponsored_post_url":"","sponsored_post_logo_enable":"0","sponsored_post_logo":"","sponsored_post_desc":"","disable_ad":"0"},"jnews_primary_category":{"id":"","hide":""},"jnews_social_meta":{"fb_title":"","fb_description":"","fb_image":"","twitter_title":"","twitter_description":"","twitter_image":""},"jnews_review":[],"enable_review":"0","type":"percentage","name":"","summary":"","brand":"","sku":"","good":[{"good_text":""}],"bad":[{"bad_text":""}],"score_override":"","override_value":"","rating":[{"rating_text":"","rating_number":"10"}],"price":[{"shop":"","price":"","link":"","icon":""}],"jnews_override_counter":{"override_view_counter":"0","view_counter_number":"0","override_share_counter":"0","share_counter_number":"0","override_like_counter":"0","like_counter_number":"0","override_dislike_counter":"0","dislike_counter_number":"0"},"jnews_post_split":{"enable_post_split":"0","post_split":[{"template":"1","tag":"h2","numbering":"asc","mode":"normal","first":"0","enable_toc":"0","toc_type":"normal"}]},"footnotes":""},"categories":[43,59],"tags":[12526,391],"class_list":["post-43740","post","type-post","status-publish","format-standard","has-post-thumbnail","hentry","category-actualidad","category-politica","tag-carlos-melconian","tag-patricia-bullrich"],"amp_enabled":true,"_links":{"self":[{"href":"https:\/\/esreviral.com\/index.php?rest_route=\/wp\/v2\/posts\/43740"}],"collection":[{"href":"https:\/\/esreviral.com\/index.php?rest_route=\/wp\/v2\/posts"}],"about":[{"href":"https:\/\/esreviral.com\/index.php?rest_route=\/wp\/v2\/types\/post"}],"author":[{"embeddable":true,"href":"https:\/\/esreviral.com\/index.php?rest_route=\/wp\/v2\/users\/5"}],"replies":[{"embeddable":true,"href":"https:\/\/esreviral.com\/index.php?rest_route=%2Fwp%2Fv2%2Fcomments&post=43740"}],"version-history":[{"count":0,"href":"https:\/\/esreviral.com\/index.php?rest_route=\/wp\/v2\/posts\/43740\/revisions"}],"wp:featuredmedia":[{"embeddable":true,"href":"https:\/\/esreviral.com\/index.php?rest_route=\/wp\/v2\/media\/43741"}],"wp:attachment":[{"href":"https:\/\/esreviral.com\/index.php?rest_route=%2Fwp%2Fv2%2Fmedia&parent=43740"}],"wp:term":[{"taxonomy":"category","embeddable":true,"href":"https:\/\/esreviral.com\/index.php?rest_route=%2Fwp%2Fv2%2Fcategories&post=43740"},{"taxonomy":"post_tag","embeddable":true,"href":"https:\/\/esreviral.com\/index.php?rest_route=%2Fwp%2Fv2%2Ftags&post=43740"}],"curies":[{"name":"wp","href":"https:\/\/api.w.org\/{rel}","templated":true}]}}