{"id":43708,"date":"2023-10-11T15:53:25","date_gmt":"2023-10-11T20:53:25","guid":{"rendered":"https:\/\/esreviral.com\/?p=43708"},"modified":"2023-10-11T16:49:07","modified_gmt":"2023-10-11T21:49:07","slug":"crean-el-primer-movimiento-politico-venezolano-en-argentina-renovacion-ciudadana","status":"publish","type":"post","link":"https:\/\/esreviral.com\/?p=43708","title":{"rendered":"Crean el primer movimiento pol\u00edtico venezolano en Argentina: Renovaci\u00f3n Ciudadana"},"content":{"rendered":"\n<p>Yonnier Rodr\u00edguez dirigente pol\u00edtico cre\u00f3 el primer movimiento pol\u00edtico social Renovaci\u00f3n Ciudadana a fin de integrar l\u00edderes vecinales para trabajar por el bienestar de los ciudadanos<\/p>\n\n\n\n<p>Rodr\u00edguez manifest\u00f3 que <strong>este movimiento naci\u00f3 en Pilar pero que la meta es poder tener liderazgo locales en toda la provincia de Buenos Aires<\/strong> y los diferentes lugares donde la gente se organicen y se sumen al proyecto.<\/p>\n\n\n\n<p>Este movimiento fue creado <strong>\u00abpara hacer una nueva forma de ver la pol\u00edtica, que los vecinos se sumen y puedan manifestar su ideas y proyectos que entre todos se van a lograr grandes cosas<\/strong> ya que, es importante que el ciudadano se involucre y sean los voceros de sus comunidades\u00bb, asever\u00f3 Rodr\u00edguez, quien durante los \u00faltimos a\u00f1os ha prestado una gran ayuda a los venezolanos en Argentina.  <\/p>\n\n\n\n<p>Este dirigente pol\u00edtico, dijo que <strong>\u00abla idea es que siempre se puedan recorrer los barrios y poder llevar ideas y propuestas para su mejor\u00eda\u00bb.<\/strong><\/p>\n\n\n\n<figure class=\"wp-block-image size-large\"><img fetchpriority=\"high\" decoding=\"async\" width=\"1024\" height=\"768\" src=\"https:\/\/esreviral.com\/wp-content\/uploads\/2023\/10\/WhatsApp-Image-2023-10-10-at-20.27.53-1024x768.webp\" alt=\"\" class=\"wp-image-43710\" srcset=\"https:\/\/esreviral.com\/wp-content\/uploads\/2023\/10\/WhatsApp-Image-2023-10-10-at-20.27.53-1024x768.webp 1024w, https:\/\/esreviral.com\/wp-content\/uploads\/2023\/10\/WhatsApp-Image-2023-10-10-at-20.27.53-300x225.webp 300w, https:\/\/esreviral.com\/wp-content\/uploads\/2023\/10\/WhatsApp-Image-2023-10-10-at-20.27.53-768x576.webp 768w, https:\/\/esreviral.com\/wp-content\/uploads\/2023\/10\/WhatsApp-Image-2023-10-10-at-20.27.53-1536x1152.webp 1536w, https:\/\/esreviral.com\/wp-content\/uploads\/2023\/10\/WhatsApp-Image-2023-10-10-at-20.27.53-750x563.webp 750w, https:\/\/esreviral.com\/wp-content\/uploads\/2023\/10\/WhatsApp-Image-2023-10-10-at-20.27.53-1140x855.webp 1140w, https:\/\/esreviral.com\/wp-content\/uploads\/2023\/10\/WhatsApp-Image-2023-10-10-at-20.27.53.webp 1600w\" sizes=\"(max-width: 1024px) 100vw, 1024px\" \/><\/figure>\n\n\n\n<p>Hizo un llamado para que este espacio pol\u00edtico no s\u00f3lo <strong>sea construido por venezolanos sino por diferentes migrantes y argentinos. <\/strong><\/p>\n\n\n\n<p>\u00abNuestra meta es <strong>realizar m\u00ednino dos actividades sociales mnsualmente en diferentes sectores, <\/strong>por eso hacemos el llamado a las personas que se quieran sumar al proyecto que ser\u00e1n bien recibidos para que juntos podamos trabajar por el bienestar de todos\u00bb.<\/p>\n\n\n\n<p>Cabe destacar que, Yonnier Rodr\u00edguez es un joven con una amplia trayectoria pol\u00edtica en Venezuela y espec\u00edficamente en el estado Cojedes de donde es nativo y que <strong>actualmente su t\u00edo, Alberto Galindez, es el Gobernador de dicho estado<\/strong>.Y Argentina se ha dedicado al asesoramiento y orientaci\u00f3n en los tr\u00e1mites migratorios y brindar diferentes ayudas a las personas que lo han necesitado<\/p>\n\n\n\n<p>Coordenada: <strong><a href=\"https:\/\/www.instagram.com\/renovacionciudadana.va\/\">@renovacionciudadana.va<\/a><\/strong><\/p>\n","protected":false},"excerpt":{"rendered":"<p>Yonnier Rodr\u00edguez dirigente pol\u00edtico cre\u00f3 el primer movimiento pol\u00edtico social Renovaci\u00f3n Ciudadana a fin de integrar l\u00edderes vecinales para trabajar por el bienestar de los ciudadanos Rodr\u00edguez manifest\u00f3 que este movimiento naci\u00f3 en Pilar pero que la meta es poder tener liderazgo locales en toda la provincia de Buenos Aires y los diferentes lugares donde [&hellip;]<\/p>\n","protected":false},"author":2,"featured_media":43709,"comment_status":"open","ping_status":"closed","sticky":false,"template":"","format":"standard","meta":{"jnews-multi-image_gallery":[],"jnews_single_post":{"subtitle":"","format":"standard","video":"","gallery":"","source_name":"","source_url":"","via_name":"","via_url":"","override_template":"0","override":[{"template":"4","single_blog_custom":"","parallax":"1","fullscreen":"1","layout":"right-sidebar","sidebar":"default-sidebar","second_sidebar":"default-sidebar","sticky_sidebar":"1","share_position":"top","share_float_style":"share-monocrhome","show_share_counter":"1","show_view_counter":"1","show_featured":"1","show_post_meta":"1","show_post_author":"1","show_post_author_image":"1","show_post_date":"1","post_date_format":"default","post_date_format_custom":"Y\/m\/d","show_post_category":"1","show_post_reading_time":"1","post_reading_time_wpm":"300","show_zoom_button":"1","zoom_button_out_step":"2","zoom_button_in_step":"3","show_post_tag":"1","show_prev_next_post":"1","show_popup_post":"1","number_popup_post":"1","show_author_box":"1","show_post_related":"1","show_inline_post_related":"0"}],"override_image_size":"0","image_override":[{"single_post_thumbnail_size":"crop-500","single_post_gallery_size":"crop-500"}],"trending_post":"0","trending_post_position":"meta","trending_post_label":"Trending","sponsored_post":"0","sponsored_post_label":"Sponsored by","sponsored_post_name":"","sponsored_post_url":"","sponsored_post_logo_enable":"0","sponsored_post_logo":"","sponsored_post_desc":"","disable_ad":"0"},"jnews_primary_category":{"id":"","hide":""},"jnews_social_meta":{"fb_title":"","fb_description":"","fb_image":"","twitter_title":"","twitter_description":"","twitter_image":""},"jnews_review":[],"enable_review":"0","type":"percentage","name":"","summary":"","brand":"","sku":"","good":[{"good_text":""}],"bad":[{"bad_text":""}],"score_override":"","override_value":"","rating":[{"rating_text":"","rating_number":"10"}],"price":[{"shop":"","price":"","link":"","icon":""}],"jnews_override_counter":{"override_view_counter":"0","view_counter_number":"0","override_share_counter":"0","share_counter_number":"0","override_like_counter":"0","like_counter_number":"0","override_dislike_counter":"0","dislike_counter_number":"0"},"jnews_post_split":{"enable_post_split":"0","post_split":[{"template":"1","tag":"h2","numbering":"asc","mode":"normal","first":"0","enable_toc":"0","toc_type":"normal"}]},"footnotes":""},"categories":[1],"tags":[44,45,429,67],"class_list":["post-43708","post","type-post","status-publish","format-standard","has-post-thumbnail","hentry","category-uncategorized","tag-argentina","tag-noticias","tag-pilar","tag-venezolanos-en-argentina"],"_links":{"self":[{"href":"https:\/\/esreviral.com\/index.php?rest_route=\/wp\/v2\/posts\/43708","targetHints":{"allow":["GET"]}}],"collection":[{"href":"https:\/\/esreviral.com\/index.php?rest_route=\/wp\/v2\/posts"}],"about":[{"href":"https:\/\/esreviral.com\/index.php?rest_route=\/wp\/v2\/types\/post"}],"author":[{"embeddable":true,"href":"https:\/\/esreviral.com\/index.php?rest_route=\/wp\/v2\/users\/2"}],"replies":[{"embeddable":true,"href":"https:\/\/esreviral.com\/index.php?rest_route=%2Fwp%2Fv2%2Fcomments&post=43708"}],"version-history":[{"count":0,"href":"https:\/\/esreviral.com\/index.php?rest_route=\/wp\/v2\/posts\/43708\/revisions"}],"wp:featuredmedia":[{"embeddable":true,"href":"https:\/\/esreviral.com\/index.php?rest_route=\/wp\/v2\/media\/43709"}],"wp:attachment":[{"href":"https:\/\/esreviral.com\/index.php?rest_route=%2Fwp%2Fv2%2Fmedia&parent=43708"}],"wp:term":[{"taxonomy":"category","embeddable":true,"href":"https:\/\/esreviral.com\/index.php?rest_route=%2Fwp%2Fv2%2Fcategories&post=43708"},{"taxonomy":"post_tag","embeddable":true,"href":"https:\/\/esreviral.com\/index.php?rest_route=%2Fwp%2Fv2%2Ftags&post=43708"}],"curies":[{"name":"wp","href":"https:\/\/api.w.org\/{rel}","templated":true}]}}