{"id":43694,"date":"2023-10-11T10:34:10","date_gmt":"2023-10-11T15:34:10","guid":{"rendered":"https:\/\/esreviral.com\/?p=43694"},"modified":"2023-10-11T17:19:26","modified_gmt":"2023-10-11T22:19:26","slug":"el-presidente-fernandez-denuncio-a-milei-por-intimidacion-publica","status":"publish","type":"post","link":"https:\/\/esreviral.com\/?p=43694","title":{"rendered":"El presidente Fern\u00e1ndez denunci\u00f3 a Milei por \u00abintimidaci\u00f3n p\u00fablica\u00bb"},"content":{"rendered":"\n<p>El presidente de Argentina, Alberto Fern\u00e1ndez denunci\u00f3 este mi\u00e9rcoles al candidato presidencial por La Libertad Avanza&nbsp;<a href=\"https:\/\/www.instagram.com\/explore\/tags\/lla\/\">#LLA<\/a>, Javier Milei, por el delito de \u00abintimidaci\u00f3n p\u00fablica\u00bb, tras sus declaraciones en contra de la moneda nacional, seg\u00fan inform\u00f3 la agencia de noticias del Estado, Telam.<\/p>\n\n\n\n<p>La presentaci\u00f3n fue realizada en los tribunales federales de Retiro y qued\u00f3 a cargo de la jueza Mar\u00eda Servini, seg\u00fan informaron fuentes judiciales.<\/p>\n\n\n\n<p>El candidato a jefe de Gobierno del mismo partido, Ramiro Marra, tambi\u00e9n habr\u00eda sido denunciado por el mismo delito.<\/p>\n\n\n\n<p>Lea tambi\u00e9n: <strong><a href=\"https:\/\/esreviral.com\/envivo-javier-milei-responde-a-la-denuncia-del-presidente-fernandez\/\">Milei respondi\u00f3 a la demanda del Presidente: \u00abEl kirchnerismo nos quiere proscribir\u00bb<\/a><\/strong><\/p>\n\n\n\n<p class=\"has-text-align-right\"><strong><em>Con info de Telam.-<\/em><\/strong><\/p>\n","protected":false},"excerpt":{"rendered":"<p>El presidente de Argentina, Alberto Fern\u00e1ndez denunci\u00f3 este mi\u00e9rcoles al candidato presidencial por La Libertad Avanza&nbsp;#LLA, Javier Milei, por el delito de \u00abintimidaci\u00f3n p\u00fablica\u00bb, tras sus declaraciones en contra de la moneda nacional, seg\u00fan inform\u00f3 la agencia de noticias del Estado, Telam. La presentaci\u00f3n fue realizada en los tribunales federales de Retiro y qued\u00f3 a [&hellip;]<\/p>\n","protected":false},"author":2,"featured_media":43695,"comment_status":"open","ping_status":"closed","sticky":false,"template":"","format":"standard","meta":{"jnews-multi-image_gallery":[],"jnews_single_post":{"subtitle":"","format":"standard","video":"","gallery":"","source_name":"","source_url":"","via_name":"","via_url":"","override_template":"0","override":[{"template":"4","single_blog_custom":"","parallax":"1","fullscreen":"1","layout":"right-sidebar","sidebar":"default-sidebar","second_sidebar":"default-sidebar","sticky_sidebar":"1","share_position":"top","share_float_style":"share-monocrhome","show_share_counter":"1","show_view_counter":"1","show_featured":"1","show_post_meta":"1","show_post_author":"1","show_post_author_image":"1","show_post_date":"1","post_date_format":"default","post_date_format_custom":"Y\/m\/d","show_post_category":"1","show_post_reading_time":"1","post_reading_time_wpm":"300","show_zoom_button":"1","zoom_button_out_step":"2","zoom_button_in_step":"3","show_post_tag":"1","show_prev_next_post":"1","show_popup_post":"1","number_popup_post":"1","show_author_box":"1","show_post_related":"1","show_inline_post_related":"0"}],"override_image_size":"0","image_override":[{"single_post_thumbnail_size":"crop-500","single_post_gallery_size":"crop-500"}],"trending_post":"0","trending_post_position":"meta","trending_post_label":"Trending","sponsored_post":"0","sponsored_post_label":"Sponsored by","sponsored_post_name":"","sponsored_post_url":"","sponsored_post_logo_enable":"0","sponsored_post_logo":"","sponsored_post_desc":"","disable_ad":"0"},"jnews_primary_category":{"id":"","hide":""},"jnews_social_meta":{"fb_title":"","fb_description":"","fb_image":"","twitter_title":"","twitter_description":"","twitter_image":""},"jnews_review":[],"enable_review":"0","type":"percentage","name":"","summary":"","brand":"","sku":"","good":[{"good_text":""}],"bad":[{"bad_text":""}],"score_override":"","override_value":"","rating":[{"rating_text":"","rating_number":"10"}],"price":[{"shop":"","price":"","link":"","icon":""}],"jnews_override_counter":{"override_view_counter":"0","view_counter_number":"0","override_share_counter":"0","share_counter_number":"0","override_like_counter":"0","like_counter_number":"0","override_dislike_counter":"0","dislike_counter_number":"0"},"jnews_post_split":{"enable_post_split":"0","post_split":[{"template":"1","tag":"h2","numbering":"asc","mode":"normal","first":"0","enable_toc":"0","toc_type":"normal"}]},"footnotes":""},"categories":[58,59],"tags":[86,44,1251,45],"class_list":["post-43694","post","type-post","status-publish","format-standard","has-post-thumbnail","hentry","category-argentina","category-politica","tag-alberto-fernandez","tag-argentina","tag-milei","tag-noticias"],"amp_enabled":true,"_links":{"self":[{"href":"https:\/\/esreviral.com\/index.php?rest_route=\/wp\/v2\/posts\/43694"}],"collection":[{"href":"https:\/\/esreviral.com\/index.php?rest_route=\/wp\/v2\/posts"}],"about":[{"href":"https:\/\/esreviral.com\/index.php?rest_route=\/wp\/v2\/types\/post"}],"author":[{"embeddable":true,"href":"https:\/\/esreviral.com\/index.php?rest_route=\/wp\/v2\/users\/2"}],"replies":[{"embeddable":true,"href":"https:\/\/esreviral.com\/index.php?rest_route=%2Fwp%2Fv2%2Fcomments&post=43694"}],"version-history":[{"count":0,"href":"https:\/\/esreviral.com\/index.php?rest_route=\/wp\/v2\/posts\/43694\/revisions"}],"wp:featuredmedia":[{"embeddable":true,"href":"https:\/\/esreviral.com\/index.php?rest_route=\/wp\/v2\/media\/43695"}],"wp:attachment":[{"href":"https:\/\/esreviral.com\/index.php?rest_route=%2Fwp%2Fv2%2Fmedia&parent=43694"}],"wp:term":[{"taxonomy":"category","embeddable":true,"href":"https:\/\/esreviral.com\/index.php?rest_route=%2Fwp%2Fv2%2Fcategories&post=43694"},{"taxonomy":"post_tag","embeddable":true,"href":"https:\/\/esreviral.com\/index.php?rest_route=%2Fwp%2Fv2%2Ftags&post=43694"}],"curies":[{"name":"wp","href":"https:\/\/api.w.org\/{rel}","templated":true}]}}