{"id":43688,"date":"2023-10-11T10:21:29","date_gmt":"2023-10-11T15:21:29","guid":{"rendered":"https:\/\/esreviral.com\/?p=43688"},"modified":"2023-10-11T10:21:30","modified_gmt":"2023-10-11T15:21:30","slug":"macri-ganaria-la-jefatura-de-gobierno-en-la-ciudad-pero-en-2da-vuelta-segun-encuesta","status":"publish","type":"post","link":"https:\/\/esreviral.com\/?p=43688","title":{"rendered":"Macri ganar\u00eda la jefatura de Gobierno en la ciudad pero en 2da vuelta, seg\u00fan encuesta"},"content":{"rendered":"\n<p>Una nueva encuesta mantiene la incertidumbre con las dos grandes inc\u00f3gnitas para parecen plantearse <strong>para la elecci\u00f3n de jefe de Gobierno de la Ciudad: \u00bfhabr\u00e1 balotaje? \u00bfEsa segunda vuelta ser\u00eda entre Jorge Macri y qui\u00e9n m\u00e1s? <\/strong>El estudio al que accedi\u00f3 Clar\u00edn este lunes es de Federico Gonz\u00e1lez. Se trata de un consultor m\u00e1s vinculado al peronismo (midi\u00f3 para Sergio Massa y Agust\u00edn Rossi, entre otros), y que viene siguiendo la pelea porte\u00f1a antes de las PASO. Sus estudios suelen circular en el equipo de <strong>Jorge Macri y es justamente el ministro de Gobierno porte\u00f1o el gran favorito. <\/strong><\/p>\n\n\n\n<p>De todos modos, el sondeo no le da a\u00fan n\u00fameros para ganar en primera vuelta. En la Ciudad, se recuerda, se votar\u00e1 el mismo d\u00eda que en la presidencial, pero con boletas separadas. Despu\u00e9s de las demoras y pol\u00e9mica por el uso de la urna electr\u00f3nica, el 22 de octubre se usar\u00e1 un solo sobre por elector, pero habr\u00e1 papeletas por separado (una para la nacional y otra para la local). Los n\u00fameros de la encuesta Entre el 28 y el 30 de septiembre, Gonz\u00e1lez hizo un relevamiento online en la Ciudad con 1.200 casos y present\u00f3 los resultados con +\/3,54% de margen de error. De arranque se les pide a los entrevistados identificar los principales problemas de CABA. Y, obviando la inflaci\u00f3n, que aparece en todas las encuestas nacionales, lideran \u00abinseguridad\u00bb (60%), \u00abpiquetes y cortes de calles\u00bb (58,8%) y \u00abalquileres\u00bb (58,5%). Se pod\u00edan elegir varias opciones a la vez. Luego, el planteo ped\u00eda identificar los \u00absentimientos respecto a la situaci\u00f3n actual\u00bb. <\/p>\n\n\n\n<p>Tambi\u00e9n se pod\u00eda optar por respuestas m\u00faltiples y se destacaron todas negativas: \u00abbronca\u00bb, \u00abimpotencia\u00bb y \u00abangustia\u00bb, las tres en torno al 50%. Y sobre el final, s\u00ed, aparece la pregunta electoral, con la intenci\u00f3n de voto para jefe de Gobierno, en la disputa por suceder a Rodr\u00edguez Larreta. En las PASO, Juntos se acerc\u00f3 a los 56 puntos de votos v\u00e1lidos (incluidos los blancos), en una disputa m\u00e1s pareja de lo esperado: Jorge Macri lleg\u00f3 a 28,7% y Mart\u00edn Lousteau a 27,2%. La gran inc\u00f3gnita es cu\u00e1nto podr\u00e1 retener el primo del ex presidente. Para ganar sin balotaje, en la Ciudad, se necesita el 50% de los votos positivos. <strong>Jorge Macri parte desde un 30%. Dif\u00edcil. Sin internas, Leandro Santoro (Uni\u00f3n por la Patria) apenas super\u00f3 el 22% y el libertario Ramiro Marra alcanz\u00f3 el 13%. La otra que super\u00f3 el filtro es Vanina Biasi, del Frente de Izquierda. Federico Gonz\u00e1lez, proyectando indecisos (6,7%) y votos en blanco (2,9%), les da estos n\u00fameros: 1) Jorge Macri 45,8%. 2) Leandro Santoro 25,8%. 3) Ramiro Marra 24,8%. 4) Vanina Biasi 3,7%. <\/strong><\/p>\n\n\n\n<p>As\u00ed, se suma a todas las encuestas publicadas<strong> hasta ahora que pronostican un balotaje entre Macri y Santoro. <\/strong>Ning\u00fan sondeo ubic\u00f3 segundo a Marra, por el momento, aunque s\u00ed lo dan mucho m\u00e1s cerca que en las PASO. Tanto, que abren ah\u00ed una duda y explican la campa\u00f1a del libertario, recordando que \u00abSantoro es kirchnerista\u00bb. Hasta ahora, desde que se vota para jefe de Gobierno en la Ciudad, s\u00f3lo Larreta consigui\u00f3 superar los 50 puntos en una primera vuelta, en la elecci\u00f3n de 2019. En el 2000 no hubo balotaje, pero porque Domingo Cavallo acept\u00f3 bajarse frente a An\u00edbal Ibarra pese a que estaba en condiciones legales de enfrentarlo.<\/p>\n\n\n\n<p class=\"has-text-align-right\"><strong><em>Clarin.-<\/em><\/strong><\/p>\n","protected":false},"excerpt":{"rendered":"<p>Una nueva encuesta mantiene la incertidumbre con las dos grandes inc\u00f3gnitas para parecen plantearse para la elecci\u00f3n de jefe de Gobierno de la Ciudad: \u00bfhabr\u00e1 balotaje? \u00bfEsa segunda vuelta ser\u00eda entre Jorge Macri y qui\u00e9n m\u00e1s? El estudio al que accedi\u00f3 Clar\u00edn este lunes es de Federico Gonz\u00e1lez. Se trata de un consultor m\u00e1s vinculado [&hellip;]<\/p>\n","protected":false},"author":2,"featured_media":43690,"comment_status":"open","ping_status":"closed","sticky":false,"template":"","format":"standard","meta":{"jnews-multi-image_gallery":[],"jnews_single_post":{"subtitle":"","format":"standard","video":"","gallery":"","source_name":"","source_url":"","via_name":"","via_url":"","override_template":"0","override":[{"template":"4","single_blog_custom":"","parallax":"1","fullscreen":"1","layout":"right-sidebar","sidebar":"default-sidebar","second_sidebar":"default-sidebar","sticky_sidebar":"1","share_position":"top","share_float_style":"share-monocrhome","show_share_counter":"1","show_view_counter":"1","show_featured":"1","show_post_meta":"1","show_post_author":"1","show_post_author_image":"1","show_post_date":"1","post_date_format":"default","post_date_format_custom":"Y\/m\/d","show_post_category":"1","show_post_reading_time":"1","post_reading_time_wpm":"300","show_zoom_button":"1","zoom_button_out_step":"2","zoom_button_in_step":"3","show_post_tag":"1","show_prev_next_post":"1","show_popup_post":"1","number_popup_post":"1","show_author_box":"1","show_post_related":"1","show_inline_post_related":"0"}],"override_image_size":"0","image_override":[{"single_post_thumbnail_size":"crop-500","single_post_gallery_size":"crop-500"}],"trending_post":"0","trending_post_position":"meta","trending_post_label":"Trending","sponsored_post":"0","sponsored_post_label":"Sponsored by","sponsored_post_name":"","sponsored_post_url":"","sponsored_post_logo_enable":"0","sponsored_post_logo":"","sponsored_post_desc":"","disable_ad":"0"},"jnews_primary_category":{"id":"","hide":""},"jnews_social_meta":{"fb_title":"","fb_description":"","fb_image":"","twitter_title":"","twitter_description":"","twitter_image":""},"jnews_review":[],"enable_review":"0","type":"percentage","name":"","summary":"","brand":"","sku":"","good":[{"good_text":""}],"bad":[{"bad_text":""}],"score_override":"","override_value":"","rating":[{"rating_text":"","rating_number":"10"}],"price":[{"shop":"","price":"","link":"","icon":""}],"jnews_override_counter":{"override_view_counter":"0","view_counter_number":"0","override_share_counter":"0","share_counter_number":"0","override_like_counter":"0","like_counter_number":"0","override_dislike_counter":"0","dislike_counter_number":"0"},"jnews_post_split":{"enable_post_split":"0","post_split":[{"template":"1","tag":"h2","numbering":"asc","mode":"normal","first":"0","enable_toc":"0","toc_type":"normal"}]},"footnotes":""},"categories":[58,59],"tags":[44,110,7886,1327,45],"class_list":["post-43688","post","type-post","status-publish","format-standard","has-post-thumbnail","hentry","category-argentina","category-politica","tag-argentina","tag-elecciones","tag-jefe-de-gobierno","tag-jorge-macri","tag-noticias"],"amp_enabled":true,"_links":{"self":[{"href":"https:\/\/esreviral.com\/index.php?rest_route=\/wp\/v2\/posts\/43688"}],"collection":[{"href":"https:\/\/esreviral.com\/index.php?rest_route=\/wp\/v2\/posts"}],"about":[{"href":"https:\/\/esreviral.com\/index.php?rest_route=\/wp\/v2\/types\/post"}],"author":[{"embeddable":true,"href":"https:\/\/esreviral.com\/index.php?rest_route=\/wp\/v2\/users\/2"}],"replies":[{"embeddable":true,"href":"https:\/\/esreviral.com\/index.php?rest_route=%2Fwp%2Fv2%2Fcomments&post=43688"}],"version-history":[{"count":0,"href":"https:\/\/esreviral.com\/index.php?rest_route=\/wp\/v2\/posts\/43688\/revisions"}],"wp:featuredmedia":[{"embeddable":true,"href":"https:\/\/esreviral.com\/index.php?rest_route=\/wp\/v2\/media\/43690"}],"wp:attachment":[{"href":"https:\/\/esreviral.com\/index.php?rest_route=%2Fwp%2Fv2%2Fmedia&parent=43688"}],"wp:term":[{"taxonomy":"category","embeddable":true,"href":"https:\/\/esreviral.com\/index.php?rest_route=%2Fwp%2Fv2%2Fcategories&post=43688"},{"taxonomy":"post_tag","embeddable":true,"href":"https:\/\/esreviral.com\/index.php?rest_route=%2Fwp%2Fv2%2Ftags&post=43688"}],"curies":[{"name":"wp","href":"https:\/\/api.w.org\/{rel}","templated":true}]}}