{"id":43679,"date":"2023-10-11T10:07:30","date_gmt":"2023-10-11T15:07:30","guid":{"rendered":"https:\/\/esreviral.com\/?p=43679"},"modified":"2023-10-11T10:15:29","modified_gmt":"2023-10-11T15:15:29","slug":"prision-preventiva-para-el-presunto-asesino-del-ingeniero-en-palermo-mariano-barbieri","status":"publish","type":"post","link":"https:\/\/esreviral.com\/?p=43679","title":{"rendered":"Prisi\u00f3n preventiva para el presunto asesino del ingeniero en Palermo, Mariano Barbieri"},"content":{"rendered":"\n<p>La C\u00e1mara Nacional de Apelaciones en lo Criminal y Correccional confirm\u00f3 el procesamiento y la prisi\u00f3n preventiva para el \u00fanico detenido por\u00a0el crimen de Mariano Barbieri, el ingeniero civil asesinado de una pu\u00f1alada el 30 de agosto de 2023, cuando le robaron el celular en los bosques del barrio porte\u00f1o de Palermo.<\/p>\n\n\n\n<p>La Sala V del mencionado tribunal rechaz\u00f3 una apelaci\u00f3n de la defensa y confirm\u00f3 para Isa\u00edas Jos\u00e9 Su\u00e1rez (29) el auto de prisi\u00f3n preventiva que el 13 de septiembre pasado le hab\u00eda dictado la jueza nacional en lo Criminal y Correccional 8, Yamile Susana Bernan.<\/p>\n\n\n\n<p><strong>De esta manera, Su\u00e1rez continuar\u00e1 detenido -y en camino a ser elevado a juicio oral-, como presunto autor de un\u00a0<em>\u00abhomicidio agravado por haber sido perpetrado para consumar otro delito (criminis causae) en concurso real con robo con armas\u00bb<\/em>, delito por el que en un futuro juicio oral podr\u00eda ser condenado a la pena de prisi\u00f3n perpetua.<\/strong><\/p>\n\n\n\n<p>En el fallo, los camaristas Ricardo Mat\u00edas Pinto y Rodolfo Pociello Argerich afirman que<strong><em> \u00abel profuso cuadro probatorio recabado en el legajo es suficiente para desvirtuar el descargo del imputado y acredita -con la certeza que caracteriza a esta instancia-, su intervenci\u00f3n en las maniobras endilgadas\u00bb.<\/em><\/strong><\/p>\n\n\n\n<p>Al igual que hizo la jueza Bernan en el procesamiento original, la C\u00e1mara le dio un valor probatorio determinante tanto a los videos de las c\u00e1maras de seguridad con los que los investigadores de la Polic\u00eda de la Ciudad reconstruyeron el recorrido del sospechoso, como al testimonio del testigo clave de la causa que vio el ataque, llam\u00f3 al 911 y luego reconoci\u00f3 al imputado en rueda de personas.<\/p>\n\n\n\n<blockquote class=\"wp-block-quote is-layout-flow wp-block-quote-is-layout-flow\">\n<p><strong><em>\u00abEl nombrado manifest\u00f3 que estaba paseando a su mascota en el parque cuando oy\u00f3 un fuerte grito y advirti\u00f3 que hab\u00eda dos sujetos forcejeando y rodando sobre el suelo. Al cabo de un instante, el atacante huy\u00f3 del lugar portando un celular en sus manos que ten\u00eda la linterna encendida, mientras que el damnificado se levant\u00f3 tom\u00e1ndose el pecho y exclamando por ayuda\u00bb, <\/em><\/strong>mencionaron los camaristas.<\/p>\n<\/blockquote>\n\n\n\n<blockquote class=\"wp-block-quote is-layout-flow wp-block-quote-is-layout-flow\">\n<p><strong><em>\u00abSi bien Su\u00e1rez aleg\u00f3 que se hallaba en su domicilio cuando ocurrieron los hechos investigados, lo cierto es que ello se desvanece frente al an\u00e1lisis mancomunado del testimonio de \u2026 (se resguarda la identidad del testigo) -quien incluso lo sindic\u00f3 en la rueda de reconocimiento- , los registros f\u00edlmicos incorporados al legajo, los testimonios de los agentes de seguridad que actuaron durante su individualizaci\u00f3n, las lesiones que luc\u00eda en su cuerpo y el resultado del experticia antropol\u00f3gica y antropom\u00e9trica\u00bb,<\/em><\/strong> sostiene el fallo.<\/p>\n<\/blockquote>\n\n\n\n<h3 class=\"wp-block-heading\"><strong><em>Lee tambi\u00e9n: <a href=\"https:\/\/esreviral.com\/crimen-del-ingeniero-mariano-barbieri-creen-que-el-asesino-podria-ser-un-indigente\/\" data-type=\"post\" data-id=\"41780\">Crimen del ingeniero Mariano Barbieri: Creen que el asesino podr\u00eda ser un indigente<\/a><\/em><\/strong><\/h3>\n\n\n\n<figure class=\"wp-block-image size-large\"><img decoding=\"async\" src=\"https:\/\/www.telam.com.ar\/thumbs\/bluesteel\/advf\/imagenes\/2023\/09\/64fbb583158a7_1200.jpg\" alt=\"\"\/><\/figure>\n\n\n\n<p>Los jueces destacan que ese peritaje, realizado por la Divisi\u00f3n Reconocimiento Antroposcopom\u00e9trico de la Polic\u00eda de la Ciudad, concluy\u00f3 que <strong><em>\u00aba pesar de que los videos carec\u00edan de la idoneidad y calidad necesaria\u00bb<\/em><\/strong>, Su\u00e1rez y el individuo que se visualiza en las im\u00e1genes<strong><em> \u00abpresentan caracter\u00edsticas antropol\u00f3gicas y antropom\u00e9tricas compatibles entre s\u00ed\u00bb y \u00abcoincidencias en la forma de su desplazamiento\u00bb.<\/em><\/strong><\/p>\n\n\n\n<p>Asimismo, valoraron que <strong><em>\u00abSu\u00e1rez pose\u00eda una gorra y una bufanda similares a las que se visualiza en los videos, destac\u00e1ndose que la \u00faltima de ellas pose\u00eda rastros de sangre humana\u00bb<\/em><\/strong>, que a\u00fan est\u00e1 siendo analizada por peritos en ADN para confirmar si pertenece a Barbieri.<\/p>\n\n\n\n<p>El homicidio de Barbieri (42) fue cometido cerca de las 22.40 de la noche del 30 de agosto pasado, cuando sali\u00f3 de la casa de un amigo en la que circunstancialmente ese d\u00eda paraba y se encamin\u00f3 hacia la zona de los Bosques de Palermo para ver la luna llena, seg\u00fan le cont\u00f3 a algunos allegados con los que se mensaje\u00f3 minutos antes del crimen.<\/p>\n\n\n\n<figure class=\"wp-block-image size-large\"><img decoding=\"async\" src=\"https:\/\/www.telam.com.ar\/thumbs\/bluesteel\/advf\/imagenes\/2023\/09\/6505c946ce6b9_1200.jpg\" alt=\"\"\/><\/figure>\n\n\n\n<p><strong><em>Con informaci\u00f3n de Telam <\/em><\/strong><\/p>\n\n\n\n<p><a href=\"javascript:void(0);\"><\/a><\/p>\n","protected":false},"excerpt":{"rendered":"<p>La C\u00e1mara Nacional de Apelaciones en lo Criminal y Correccional confirm\u00f3 el procesamiento y la prisi\u00f3n preventiva para el \u00fanico detenido por\u00a0el crimen de Mariano Barbieri, el ingeniero civil asesinado de una pu\u00f1alada el 30 de agosto de 2023, cuando le robaron el celular en los bosques del barrio porte\u00f1o de Palermo. La Sala V [&hellip;]<\/p>\n","protected":false},"author":5,"featured_media":43681,"comment_status":"closed","ping_status":"closed","sticky":false,"template":"","format":"standard","meta":{"jnews-multi-image_gallery":[],"jnews_single_post":{"subtitle":"","format":"standard","video":"","gallery":"","source_name":"","source_url":"","via_name":"","via_url":"","override_template":"0","override":[{"template":"4","single_blog_custom":"","parallax":"1","fullscreen":"1","layout":"right-sidebar","sidebar":"default-sidebar","second_sidebar":"default-sidebar","sticky_sidebar":"1","share_position":"top","share_float_style":"share-monocrhome","show_share_counter":"1","show_view_counter":"1","show_featured":"1","show_post_meta":"1","show_post_author":"1","show_post_author_image":"1","show_post_date":"1","post_date_format":"default","post_date_format_custom":"Y\/m\/d","show_post_category":"1","show_post_reading_time":"1","post_reading_time_wpm":"300","show_zoom_button":"1","zoom_button_out_step":"2","zoom_button_in_step":"3","show_post_tag":"1","show_prev_next_post":"1","show_popup_post":"1","number_popup_post":"1","show_author_box":"1","show_post_related":"1","show_inline_post_related":"0"}],"override_image_size":"0","image_override":[{"single_post_thumbnail_size":"crop-500","single_post_gallery_size":"crop-500"}],"trending_post":"0","trending_post_position":"meta","trending_post_label":"Trending","sponsored_post":"0","sponsored_post_label":"Sponsored by","sponsored_post_name":"","sponsored_post_url":"","sponsored_post_logo_enable":"0","sponsored_post_logo":"","sponsored_post_desc":"","disable_ad":"0"},"jnews_primary_category":{"id":"","hide":""},"jnews_social_meta":{"fb_title":"","fb_description":"","fb_image":"","twitter_title":"","twitter_description":"","twitter_image":""},"jnews_review":[],"enable_review":"0","type":"percentage","name":"","summary":"","brand":"","sku":"","good":[{"good_text":""}],"bad":[{"bad_text":""}],"score_override":"","override_value":"","rating":[{"rating_text":"","rating_number":"10"}],"price":[{"shop":"","price":"","link":"","icon":""}],"jnews_override_counter":{"override_view_counter":"0","view_counter_number":"0","override_share_counter":"0","share_counter_number":"0","override_like_counter":"0","like_counter_number":"0","override_dislike_counter":"0","dislike_counter_number":"0"},"jnews_post_split":{"enable_post_split":"0","post_split":[{"template":"1","tag":"h2","numbering":"asc","mode":"normal","first":"0","enable_toc":"0","toc_type":"normal"}]},"footnotes":""},"categories":[43,64],"tags":[12196,12143,784],"class_list":["post-43679","post","type-post","status-publish","format-standard","has-post-thumbnail","hentry","category-actualidad","category-sucesos","tag-isaias-jose-suarez","tag-mariano-barbieri","tag-palermo"],"amp_enabled":true,"_links":{"self":[{"href":"https:\/\/esreviral.com\/index.php?rest_route=\/wp\/v2\/posts\/43679"}],"collection":[{"href":"https:\/\/esreviral.com\/index.php?rest_route=\/wp\/v2\/posts"}],"about":[{"href":"https:\/\/esreviral.com\/index.php?rest_route=\/wp\/v2\/types\/post"}],"author":[{"embeddable":true,"href":"https:\/\/esreviral.com\/index.php?rest_route=\/wp\/v2\/users\/5"}],"replies":[{"embeddable":true,"href":"https:\/\/esreviral.com\/index.php?rest_route=%2Fwp%2Fv2%2Fcomments&post=43679"}],"version-history":[{"count":0,"href":"https:\/\/esreviral.com\/index.php?rest_route=\/wp\/v2\/posts\/43679\/revisions"}],"wp:featuredmedia":[{"embeddable":true,"href":"https:\/\/esreviral.com\/index.php?rest_route=\/wp\/v2\/media\/43681"}],"wp:attachment":[{"href":"https:\/\/esreviral.com\/index.php?rest_route=%2Fwp%2Fv2%2Fmedia&parent=43679"}],"wp:term":[{"taxonomy":"category","embeddable":true,"href":"https:\/\/esreviral.com\/index.php?rest_route=%2Fwp%2Fv2%2Fcategories&post=43679"},{"taxonomy":"post_tag","embeddable":true,"href":"https:\/\/esreviral.com\/index.php?rest_route=%2Fwp%2Fv2%2Ftags&post=43679"}],"curies":[{"name":"wp","href":"https:\/\/api.w.org\/{rel}","templated":true}]}}