{"id":43637,"date":"2023-10-10T09:06:40","date_gmt":"2023-10-10T14:06:40","guid":{"rendered":"https:\/\/esreviral.com\/?p=43637"},"modified":"2023-10-10T09:06:41","modified_gmt":"2023-10-10T14:06:41","slug":"quien-es-ayrton-costa-el-jugador-de-independiente-senalado-de-encubrir-a-su-hermano-en-un-femicidio","status":"publish","type":"post","link":"https:\/\/esreviral.com\/?p=43637","title":{"rendered":"\u00bfQui\u00e9n es Ayrton Costa, el jugador de Independiente se\u00f1alado de encubrir a su hermano en un femicidio?"},"content":{"rendered":"\n<p>El lateral izquierdo de\u00a0Independiente,\u00a0Ayrton Costa fue se\u00f1alado de encubrir el femicidio de Agustina Bel\u00e9n Aguilar\u00a0cometido por su hermano Carlos Costa el pasado domingo en Bernal, localidad del partido de Quilmes.<\/p>\n\n\n\n<p><strong>La v\u00edctima, de 21 a\u00f1os y madre de dos menores hijos de Carlos Costa,\u00a0habr\u00eda recibido una paliza en la casa de planta baja y primer piso en la que viv\u00eda con \u00e9l, quien ten\u00eda prisi\u00f3n domiciliaria y lleva una pulsera electr\u00f3nica luego de que hace pocos meses sali\u00f3 de un penal donde estuvo preso por m\u00e1s de tres a\u00f1os por una causa de robo y secuestro.<\/strong><\/p>\n\n\n\n<p>Por esto, el jugador de Independiente<strong>\u00a0Ayrton Costa, fue se\u00f1alado por Jorge Aguilar, padre de la mujer asesinada<\/strong>: <strong><em>\u201c\u00c9l (por Carlos Costa) y el hermano,\u00a0Ayrton, que juega en Primera, es c\u00f3mplice junto con \u00e9l y su familia, la madre.\u00a0Ellos limpiaron todo, un amigo nuestro entr\u00f3 y vio c\u00f3mo hab\u00edan limpiado todo\u201d<\/em><\/strong>, expres\u00f3 en declaraciones a\u00a0<em>Arriba Argentinos<\/em>, en\u00a0<em>El 13<\/em>.<\/p>\n\n\n\n<p>En 2020,\u00a0Agustina Bel\u00e9n Aguilar hab\u00eda denunciado a Carlos Costa\u00a0por en el Juzgado de Familia N\u00b01 del Departamento Judicial de Quilmes\u00a0por amenazas\u00a0y al acusado, entonces detenido, se le prohibi\u00f3<strong><em> \u201cpracticar cualquier tipo de perturbaci\u00f3n, intimidaci\u00f3n, hostigamiento y la ejecuci\u00f3n de cualquier acto o hecho de violencia de car\u00e1cter fisico y\/o verbal y\/o psicol\u00f3gico sobre la actora, sea en forma personal o por el empleo de cualquier medio de comunicaci\u00f3n\u201d.<\/em><\/strong><\/p>\n\n\n\n<figure class=\"wp-block-image size-large\"><img decoding=\"async\" src=\"https:\/\/tn.com.ar\/resizer\/1SzuUeVhnNsKeN-JeeUsUJgLUwA=\/1440x0\/smart\/filters:format(webp)\/cloudfront-us-east-1.images.arcpublishing.com\/artear\/TEGBVSNKDNCC7IF4KXSVGDLUWM.jfif\" alt=\"\"\/><\/figure>\n\n\n\n<h2 class=\"wp-block-heading\">Qui\u00e9n es Ayrton Costa<\/h2>\n\n\n\n<p><strong>Ayrton Enrique Costa naci\u00f3 en Quilmes el 12 de julio de 1999.\u00a0Se form\u00f3 en Independiente, donde debut\u00f3 como profesional el 6 de diciembre de 2020, en la victoria ante Defensa y Justicia por la Liga Profesional en un equipo que era dirigido por Lucas Pusineri. Tiene contrato con el club de Avellaneda\u00a0hasta diciembre de 2025.<\/strong><\/p>\n\n\n\n<p>Es zurdo y se puede desempe\u00f1ar como zaguero central o lateral izquierdo.<\/p>\n\n\n\n<p>En su etapa formativa, se inici\u00f3 en el club de Avellaneda, tuvo un paso por Arsenal, Victoriano Arenas, Platense y luego volvi\u00f3 al Rojo. Sus referentes en su posici\u00f3n son Marcos Rojo, Virgil van Dijk y Nicol\u00e1s Figal.<\/p>\n\n\n\n<h2 class=\"wp-block-heading\">\u00bfQu\u00e9 dice el C\u00f3digo Penal argentino sobre el \u201cencubrimiento\u201d?<\/h2>\n\n\n\n<p>Art. 277:&nbsp;<strong>\u201c1.-&nbsp;<\/strong>Ser\u00e1 reprimido con prisi\u00f3n&nbsp;<strong>de seis (6) meses a tres (3) a\u00f1os<\/strong>&nbsp;el que, tras la comisi\u00f3n de un delito ejecutado por otro, en el que no hubiera participado:<\/p>\n\n\n\n<ul class=\"wp-block-list\">\n<li>a) Ayudara a alguien a eludir las investigaciones de la autoridad o sustraerse a la acci\u00f3n de \u00e9sta.<\/li>\n\n\n\n<li>b) Ocultare, alterare o hiciere desaparecer los rastros, pruebas o instrumentos del delito, o ayudare al autor o part\u00edcipe a ocultarlos, alterarlos o hacerlos desaparecer.<\/li>\n\n\n\n<li>c) Adquiriere, recibiere u ocultare dinero, cosas o efectos provenientes de un delito.<\/li>\n\n\n\n<li>d) No denunciare la perpetraci\u00f3n de un delito o no individualizare al autor o part\u00edcipe de un delito ya conocido, cuando estuviere obligado a promover la persecuci\u00f3n penal de un delito de esa \u00edndole.<\/li>\n\n\n\n<li>e) Asegurare o ayudare al autor o part\u00edcipe a asegurar el producto o provecho del delito.<\/li>\n<\/ul>\n\n\n\n<p><strong>2.-&nbsp;<\/strong>En el caso del inciso 1, c), precedente, la pena m\u00ednima ser\u00e1 de un (1) mes de prisi\u00f3n, si, de acuerdo con las circunstancia, el autor pod\u00eda sospechar que proven\u00edan de un delito.<\/p>\n\n\n\n<p><strong>3.- La escala penal ser\u00e1 aumentada al doble de su m\u00ednimo y m\u00e1ximo, cuando:<\/strong><\/p>\n\n\n\n<ul class=\"wp-block-list\">\n<li><strong>a) El hecho precedente fuera un delito especialmente grave,&nbsp;<\/strong>siendo tal aquel cuya pena m\u00ednima fuera superior a tres (3) a\u00f1os de prisi\u00f3n.<\/li>\n\n\n\n<li>b) El autor actuare con \u00e1nimo de lucro.<\/li>\n\n\n\n<li>c) El autor se dedicare con habitualidad a la comisi\u00f3n de hechos de encubrimiento.<\/li>\n\n\n\n<li>d) El autor fuere funcionario p\u00fablico.<\/li>\n<\/ul>\n\n\n\n<p>La agravaci\u00f3n de la escala penal, prevista en este inciso solo operar\u00e1 una vez, aun cuando concurrieren mas de una de sus circunstancias calificantes. En este caso, el tribunal podr\u00e1 tomar en cuenta la pluralidad de causales al individualizar la pena.<\/p>\n\n\n\n<p><strong>4)\u00a0<\/strong>Est\u00e1n exentos de responsabilidad criminal los que hubieren obrado en favor del c\u00f3nyuge, de un pariente cuyo v\u00ednculo no excediere del cuarto grado de consanguinidad o segundo de afinidad o de un amigo \u00edntimo o persona a la que se debiese especial gratitud. La exenci\u00f3n no rige respecto de los casos del inciso 1, e) y del inciso 3, b) y c).\u201d<\/p>\n\n\n\n<p><strong><em>Con informaci\u00f3n de TN<\/em><\/strong><\/p>\n","protected":false},"excerpt":{"rendered":"<p>El lateral izquierdo de\u00a0Independiente,\u00a0Ayrton Costa fue se\u00f1alado de encubrir el femicidio de Agustina Bel\u00e9n Aguilar\u00a0cometido por su hermano Carlos Costa el pasado domingo en Bernal, localidad del partido de Quilmes. La v\u00edctima, de 21 a\u00f1os y madre de dos menores hijos de Carlos Costa,\u00a0habr\u00eda recibido una paliza en la casa de planta baja y primer [&hellip;]<\/p>\n","protected":false},"author":5,"featured_media":43638,"comment_status":"closed","ping_status":"closed","sticky":false,"template":"","format":"standard","meta":{"jnews-multi-image_gallery":[],"jnews_single_post":{"subtitle":"","format":"standard","video":"","gallery":"","source_name":"","source_url":"","via_name":"","via_url":"","override_template":"0","override":[{"template":"4","single_blog_custom":"","parallax":"1","fullscreen":"1","layout":"right-sidebar","sidebar":"default-sidebar","second_sidebar":"default-sidebar","sticky_sidebar":"1","share_position":"top","share_float_style":"share-monocrhome","show_share_counter":"1","show_view_counter":"1","show_featured":"1","show_post_meta":"1","show_post_author":"1","show_post_author_image":"1","show_post_date":"1","post_date_format":"default","post_date_format_custom":"Y\/m\/d","show_post_category":"1","show_post_reading_time":"1","post_reading_time_wpm":"300","show_zoom_button":"1","zoom_button_out_step":"2","zoom_button_in_step":"3","show_post_tag":"1","show_prev_next_post":"1","show_popup_post":"1","number_popup_post":"1","show_author_box":"1","show_post_related":"1","show_inline_post_related":"0"}],"override_image_size":"0","image_override":[{"single_post_thumbnail_size":"crop-500","single_post_gallery_size":"crop-500"}],"trending_post":"0","trending_post_position":"meta","trending_post_label":"Trending","sponsored_post":"0","sponsored_post_label":"Sponsored by","sponsored_post_name":"","sponsored_post_url":"","sponsored_post_logo_enable":"0","sponsored_post_logo":"","sponsored_post_desc":"","disable_ad":"0"},"jnews_primary_category":{"id":"","hide":""},"jnews_social_meta":{"fb_title":"","fb_description":"","fb_image":"","twitter_title":"","twitter_description":"","twitter_image":""},"jnews_review":[],"enable_review":"0","type":"percentage","name":"","summary":"","brand":"","sku":"","good":[{"good_text":""}],"bad":[{"bad_text":""}],"score_override":"","override_value":"","rating":[{"rating_text":"","rating_number":"10"}],"price":[{"shop":"","price":"","link":"","icon":""}],"jnews_override_counter":{"override_view_counter":"0","view_counter_number":"0","override_share_counter":"0","share_counter_number":"0","override_like_counter":"0","like_counter_number":"0","override_dislike_counter":"0","dislike_counter_number":"0"},"jnews_post_split":{"enable_post_split":"0","post_split":[{"template":"1","tag":"h2","numbering":"asc","mode":"normal","first":"0","enable_toc":"0","toc_type":"normal"}]},"footnotes":""},"categories":[43,64],"tags":[12508,555],"class_list":["post-43637","post","type-post","status-publish","format-standard","has-post-thumbnail","hentry","category-actualidad","category-sucesos","tag-ayrton-costa","tag-femicidio"],"_links":{"self":[{"href":"https:\/\/esreviral.com\/index.php?rest_route=\/wp\/v2\/posts\/43637","targetHints":{"allow":["GET"]}}],"collection":[{"href":"https:\/\/esreviral.com\/index.php?rest_route=\/wp\/v2\/posts"}],"about":[{"href":"https:\/\/esreviral.com\/index.php?rest_route=\/wp\/v2\/types\/post"}],"author":[{"embeddable":true,"href":"https:\/\/esreviral.com\/index.php?rest_route=\/wp\/v2\/users\/5"}],"replies":[{"embeddable":true,"href":"https:\/\/esreviral.com\/index.php?rest_route=%2Fwp%2Fv2%2Fcomments&post=43637"}],"version-history":[{"count":0,"href":"https:\/\/esreviral.com\/index.php?rest_route=\/wp\/v2\/posts\/43637\/revisions"}],"wp:featuredmedia":[{"embeddable":true,"href":"https:\/\/esreviral.com\/index.php?rest_route=\/wp\/v2\/media\/43638"}],"wp:attachment":[{"href":"https:\/\/esreviral.com\/index.php?rest_route=%2Fwp%2Fv2%2Fmedia&parent=43637"}],"wp:term":[{"taxonomy":"category","embeddable":true,"href":"https:\/\/esreviral.com\/index.php?rest_route=%2Fwp%2Fv2%2Fcategories&post=43637"},{"taxonomy":"post_tag","embeddable":true,"href":"https:\/\/esreviral.com\/index.php?rest_route=%2Fwp%2Fv2%2Ftags&post=43637"}],"curies":[{"name":"wp","href":"https:\/\/api.w.org\/{rel}","templated":true}]}}