{"id":43628,"date":"2023-10-10T08:11:12","date_gmt":"2023-10-10T13:11:12","guid":{"rendered":"https:\/\/esreviral.com\/?p=43628"},"modified":"2023-10-10T08:11:13","modified_gmt":"2023-10-10T13:11:13","slug":"dia-mundial-de-la-salud-mental-por-que-es-tan-importante-cuidarla","status":"publish","type":"post","link":"https:\/\/esreviral.com\/?p=43628","title":{"rendered":"D\u00eda Mundial de la Salud Mental \u00bfPor qu\u00e9 es tan importante cuidarla?"},"content":{"rendered":"\n<p>El D\u00eda Mundial de la Salud Mental 2023 es una oportunidad para que las personas y las comunidades se unan en torno al lema&nbsp;<em><strong>La salud mental es un derecho humano universal<\/strong><\/em>&nbsp;a fin de mejorar los conocimientos, sensibilizar e impulsar medidas que promuevan y protejan la salud mental de todos como derecho humano universal.<\/p>\n\n\n\n<p>La salud mental es un derecho humano b\u00e1sico para todos. Todas las personas, sin importar qui\u00e9nes sean ni d\u00f3nde est\u00e9n, tienen derecho a gozar del grado m\u00e1s alto posible de salud mental, lo que incluye el derecho a ser protegido de los riesgos para la salud mental; el derecho a una atenci\u00f3n disponible, accesible, digna y de calidad; y el derecho a la libertad, la independencia y la integraci\u00f3n en su entorno social.<\/p>\n\n\n\n<p><strong>La buena salud mental es esencial para nuestra salud y bienestar generales. Sin embargo, una de cada ocho personas en el mundo padece alg\u00fan problema de salud mental, lo que puede repercutir en su salud f\u00edsica, su bienestar, su relaci\u00f3n con los dem\u00e1s y sus medios de subsistencia. Adem\u00e1s, cada vez m\u00e1s adolescentes y j\u00f3venes presentan problemas de salud mental.\u00a0\u00a0<\/strong><\/p>\n\n\n\n<p><strong>Ninguna persona deber\u00eda verse privada de sus derechos humanos o excluida de las decisiones sobre su propia salud por padecer un problema de salud mental. <\/strong>No obstante, en todo el mundo, estas personas siguen viendo limitados sus derechos humanos de distintas formas. <strong>Un buen n\u00famero son discriminadas y excluidas de la vida en com\u00fan, mientras que muchas m\u00e1s no disponen de los servicios de salud mental que necesitan o reciben una atenci\u00f3n que no respeta sus derechos humanos.<\/strong><\/p>\n\n\n\n<p>La OMS sigue trabajando con sus asociados para que la salud mental se valore, se promueva y se proteja, y para que se tomen medidas urgentes a fin de que todas las personas puedan hacer valer sus derechos humanos y obtener la atenci\u00f3n de salud mental de calidad que necesitan. En la campa\u00f1a del D\u00eda Mundial de la Salud Mental 2023 encontrar\u00e1 m\u00e1s informaci\u00f3n sobre su derecho fundamental a la salud mental y sobre el modo de proteger los derechos de los dem\u00e1s.<\/p>\n\n\n\n<h3 class=\"wp-block-heading\">Los trastornos mentales son una amenaza importante para el bienestar de los j\u00f3venes.<\/h3>\n\n\n\n<p>Los trastornos mentales afectan a uno de cada siete adolescentes en todo el mundo, y la depresi\u00f3n se perfila como la principal causa de enfermedad y discapacidad entre los adolescentes.<\/p>\n\n\n\n<h3 class=\"wp-block-heading\">Todos tenemos derecho a vivir de forma independiente y a ser incluidos en la comunidad.<\/h3>\n\n\n\n<p>Las personas deben tener acceso a buenos servicios de salud mental, as\u00ed como a educaci\u00f3n, generaci\u00f3n de ingresos, oportunidades de vivienda y apoyo social que les permitan vivir de forma independiente y ser incluidas en sus comunidades.<\/p>\n\n\n\n<h3 class=\"wp-block-heading\">Unos servicios y ayudas comunitarios de salud mental de buena calidad son cruciales para el futuro de todos nosotros.<\/h3>\n\n\n\n<p>La salud mental y el bienestar son fundamentales para disfrutar de una vida buena y con sentido. Es vital garantizar que todo el mundo pueda acceder a los servicios y ayudas comunitarios de salud mental. En particular, el acceso a apoyo y recursos de salud mental en los primeros a\u00f1os de vida puede marcar una diferencia real sobre la salud y el bienestar de j\u00f3venes y adultos en etapas posteriores de la vida. Este objetivo debe promoverse con car\u00e1cter prioritario en todos los pa\u00edses.<\/p>\n\n\n\n<p><strong><em>Fuente: OMS <\/em><\/strong><\/p>\n","protected":false},"excerpt":{"rendered":"<p>El D\u00eda Mundial de la Salud Mental 2023 es una oportunidad para que las personas y las comunidades se unan en torno al lema&nbsp;La salud mental es un derecho humano universal&nbsp;a fin de mejorar los conocimientos, sensibilizar e impulsar medidas que promuevan y protejan la salud mental de todos como derecho humano universal. La salud [&hellip;]<\/p>\n","protected":false},"author":5,"featured_media":43629,"comment_status":"closed","ping_status":"closed","sticky":false,"template":"","format":"standard","meta":{"jnews-multi-image_gallery":[],"jnews_single_post":{"subtitle":"","format":"standard","video":"","gallery":"","source_name":"","source_url":"","via_name":"","via_url":"","override_template":"0","override":[{"template":"4","single_blog_custom":"","parallax":"1","fullscreen":"1","layout":"right-sidebar","sidebar":"default-sidebar","second_sidebar":"default-sidebar","sticky_sidebar":"1","share_position":"top","share_float_style":"share-monocrhome","show_share_counter":"1","show_view_counter":"1","show_featured":"1","show_post_meta":"1","show_post_author":"1","show_post_author_image":"1","show_post_date":"1","post_date_format":"default","post_date_format_custom":"Y\/m\/d","show_post_category":"1","show_post_reading_time":"1","post_reading_time_wpm":"300","show_zoom_button":"1","zoom_button_out_step":"2","zoom_button_in_step":"3","show_post_tag":"1","show_prev_next_post":"1","show_popup_post":"1","number_popup_post":"1","show_author_box":"1","show_post_related":"1","show_inline_post_related":"0"}],"override_image_size":"0","image_override":[{"single_post_thumbnail_size":"crop-500","single_post_gallery_size":"crop-500"}],"trending_post":"0","trending_post_position":"meta","trending_post_label":"Trending","sponsored_post":"0","sponsored_post_label":"Sponsored by","sponsored_post_name":"","sponsored_post_url":"","sponsored_post_logo_enable":"0","sponsored_post_logo":"","sponsored_post_desc":"","disable_ad":"0"},"jnews_primary_category":{"id":"","hide":""},"jnews_social_meta":{"fb_title":"","fb_description":"","fb_image":"","twitter_title":"","twitter_description":"","twitter_image":""},"jnews_review":[],"enable_review":"0","type":"percentage","name":"","summary":"","brand":"","sku":"","good":[{"good_text":""}],"bad":[{"bad_text":""}],"score_override":"","override_value":"","rating":[{"rating_text":"","rating_number":"10"}],"price":[{"shop":"","price":"","link":"","icon":""}],"jnews_override_counter":{"override_view_counter":"0","view_counter_number":"0","override_share_counter":"0","share_counter_number":"0","override_like_counter":"0","like_counter_number":"0","override_dislike_counter":"0","dislike_counter_number":"0"},"jnews_post_split":{"enable_post_split":"0","post_split":[{"template":"1","tag":"h2","numbering":"asc","mode":"normal","first":"0","enable_toc":"0","toc_type":"normal"}]},"footnotes":""},"categories":[43,84],"tags":[12502,12503],"class_list":["post-43628","post","type-post","status-publish","format-standard","has-post-thumbnail","hentry","category-actualidad","category-salud","tag-dia-mundial-de-la-salud-mental","tag-diamundialdelasaludmental"],"amp_enabled":true,"_links":{"self":[{"href":"https:\/\/esreviral.com\/index.php?rest_route=\/wp\/v2\/posts\/43628"}],"collection":[{"href":"https:\/\/esreviral.com\/index.php?rest_route=\/wp\/v2\/posts"}],"about":[{"href":"https:\/\/esreviral.com\/index.php?rest_route=\/wp\/v2\/types\/post"}],"author":[{"embeddable":true,"href":"https:\/\/esreviral.com\/index.php?rest_route=\/wp\/v2\/users\/5"}],"replies":[{"embeddable":true,"href":"https:\/\/esreviral.com\/index.php?rest_route=%2Fwp%2Fv2%2Fcomments&post=43628"}],"version-history":[{"count":0,"href":"https:\/\/esreviral.com\/index.php?rest_route=\/wp\/v2\/posts\/43628\/revisions"}],"wp:featuredmedia":[{"embeddable":true,"href":"https:\/\/esreviral.com\/index.php?rest_route=\/wp\/v2\/media\/43629"}],"wp:attachment":[{"href":"https:\/\/esreviral.com\/index.php?rest_route=%2Fwp%2Fv2%2Fmedia&parent=43628"}],"wp:term":[{"taxonomy":"category","embeddable":true,"href":"https:\/\/esreviral.com\/index.php?rest_route=%2Fwp%2Fv2%2Fcategories&post=43628"},{"taxonomy":"post_tag","embeddable":true,"href":"https:\/\/esreviral.com\/index.php?rest_route=%2Fwp%2Fv2%2Ftags&post=43628"}],"curies":[{"name":"wp","href":"https:\/\/api.w.org\/{rel}","templated":true}]}}