{"id":43620,"date":"2023-10-10T07:05:21","date_gmt":"2023-10-10T12:05:21","guid":{"rendered":"https:\/\/esreviral.com\/?p=43620"},"modified":"2023-10-10T07:05:22","modified_gmt":"2023-10-10T12:05:22","slug":"maduro-afirma-que-casi-un-millon-de-migrantes-venezolanos-han-retornado-a-su-pais","status":"publish","type":"post","link":"https:\/\/esreviral.com\/?p=43620","title":{"rendered":"Maduro afirma que \u00abcasi un mill\u00f3n\u00bb de migrantes venezolanos han retornado a su pa\u00eds"},"content":{"rendered":"\n<p>Nicol\u00e1s Maduro, afirm\u00f3 este lunes que han retornado al pa\u00eds<strong><em> \u00abcasi un mill\u00f3n<\/em><\/strong>\u00bb de migrantes de los aproximadamente <em><strong>\u00abdos millones\u00bb <\/strong><\/em>que, asegur\u00f3, salieron de la naci\u00f3n en los \u00faltimos a\u00f1os, como consecuencia de la \u00abguerra econ\u00f3mica brutal\u00bb y las sanciones internacionales, a juicio del mandatario.<\/p>\n\n\n\n<blockquote class=\"wp-block-quote is-layout-flow wp-block-quote-is-layout-flow\">\n<p><strong><em>\u00abYa hoy, podemos contabilizar que de dos millones aproximadamente de venezolanos que migraron estos a\u00f1os de guerra econ\u00f3mica brutal (&#8230;) ya han regresado a Venezuela casi un mill\u00f3n. Sobre todo los que estaban en Chile, Per\u00fa, Ecuador y parte de los de Colombia<\/em><\/strong>\u00ab, dijo Maduro durante su programa semanal Con Maduro +.<\/p>\n<\/blockquote>\n\n\n\n<p>Reiter\u00f3 que la causa de esa migraci\u00f3n ha sido la \u00abguerra econ\u00f3mica brutal\u00bb y las \u00absanciones criminales\u00bb impuestas por otros pa\u00edses.<\/p>\n\n\n\n<p>El mandatario asegur\u00f3 que el Gobierno ha apoyado a estos connacionales,<strong><em> \u00aben buena medida\u00bb,<\/em><\/strong> con el plan &#8216;Vuelta a la Patria&#8217;, un programa puesto en marcha en 2018 para facilitar el retorno de migrantes que fueron v\u00edctimas de xenofobia.<\/p>\n\n\n\n<p>Indic\u00f3 que con este plan han retornado \u00abcasi 400.000\u00bb personas en vuelos de la aerol\u00ednea estatal Conviasa y que, ahora, el programa ser\u00e1 activado para retornar a migrantes que se encuentran en Estados Unidos, con quien se firm\u00f3 un acuerdo sobre migraci\u00f3n para efectuar, de manera \u00abordenada, segura y legal\u00bb, vuelos de repatriaci\u00f3n de venezolanos desde el pa\u00eds norteamericano.<\/p>\n\n\n\n<p><strong><em>\u00abSe conoci\u00f3 esta semana el acuerdo con el Gobierno de Estados Unidos para ir regularizando el tema de las migraciones y poder nosotros recibir en Venezuela a un conjunto de migrantes que no re\u00fanen las condiciones legales en EE.UU. para permanecer en su territorio\u00bb<\/em><\/strong>, dijo.<\/p>\n\n\n\n<p>Seg\u00fan datos oficiales, con el plan \u00abVuelta a la Patria\u00bb, m\u00e1s de 342.000 venezolanos, que<strong><em> \u00abatravesaban dificultades en el exterior\u00bb<\/em><\/strong>, han regresado a su pa\u00eds en el \u00faltimo quinquenio.<\/p>\n\n\n\n<p>Hasta la fecha se reporta que unos 7,32 millones de venezolanos salieron de su pa\u00eds en los \u00faltimos a\u00f1os, seg\u00fan la Plataforma de Coordinaci\u00f3n Interagencial para Refugiados y Migrantes de Venezuela (R4V).<\/p>\n\n\n\n<p><strong><em>Con informaci\u00f3n de El Nacional <\/em><\/strong><\/p>\n","protected":false},"excerpt":{"rendered":"<p>Nicol\u00e1s Maduro, afirm\u00f3 este lunes que han retornado al pa\u00eds \u00abcasi un mill\u00f3n\u00bb de migrantes de los aproximadamente \u00abdos millones\u00bb que, asegur\u00f3, salieron de la naci\u00f3n en los \u00faltimos a\u00f1os, como consecuencia de la \u00abguerra econ\u00f3mica brutal\u00bb y las sanciones internacionales, a juicio del mandatario. \u00abYa hoy, podemos contabilizar que de dos millones aproximadamente de [&hellip;]<\/p>\n","protected":false},"author":5,"featured_media":43622,"comment_status":"closed","ping_status":"closed","sticky":false,"template":"","format":"standard","meta":{"jnews-multi-image_gallery":[],"jnews_single_post":{"subtitle":"","format":"standard","video":"","gallery":"","source_name":"","source_url":"","via_name":"","via_url":"","override_template":"0","override":[{"template":"4","single_blog_custom":"","parallax":"1","fullscreen":"1","layout":"right-sidebar","sidebar":"default-sidebar","second_sidebar":"default-sidebar","sticky_sidebar":"1","share_position":"top","share_float_style":"share-monocrhome","show_share_counter":"1","show_view_counter":"1","show_featured":"1","show_post_meta":"1","show_post_author":"1","show_post_author_image":"1","show_post_date":"1","post_date_format":"default","post_date_format_custom":"Y\/m\/d","show_post_category":"1","show_post_reading_time":"1","post_reading_time_wpm":"300","show_zoom_button":"1","zoom_button_out_step":"2","zoom_button_in_step":"3","show_post_tag":"1","show_prev_next_post":"1","show_popup_post":"1","number_popup_post":"1","show_author_box":"1","show_post_related":"1","show_inline_post_related":"0"}],"override_image_size":"0","image_override":[{"single_post_thumbnail_size":"crop-500","single_post_gallery_size":"crop-500"}],"trending_post":"0","trending_post_position":"meta","trending_post_label":"Trending","sponsored_post":"0","sponsored_post_label":"Sponsored by","sponsored_post_name":"","sponsored_post_url":"","sponsored_post_logo_enable":"0","sponsored_post_logo":"","sponsored_post_desc":"","disable_ad":"0"},"jnews_primary_category":{"id":"","hide":""},"jnews_social_meta":{"fb_title":"","fb_description":"","fb_image":"","twitter_title":"","twitter_description":"","twitter_image":""},"jnews_review":[],"enable_review":"0","type":"percentage","name":"","summary":"","brand":"","sku":"","good":[{"good_text":""}],"bad":[{"bad_text":""}],"score_override":"","override_value":"","rating":[{"rating_text":"","rating_number":"10"}],"price":[{"shop":"","price":"","link":"","icon":""}],"jnews_override_counter":{"override_view_counter":"0","view_counter_number":"0","override_share_counter":"0","share_counter_number":"0","override_like_counter":"0","like_counter_number":"0","override_dislike_counter":"0","dislike_counter_number":"0"},"jnews_post_split":{"enable_post_split":"0","post_split":[{"template":"1","tag":"h2","numbering":"asc","mode":"normal","first":"0","enable_toc":"0","toc_type":"normal"}]},"footnotes":""},"categories":[43,66],"tags":[2052,1068,56],"class_list":["post-43620","post","type-post","status-publish","format-standard","has-post-thumbnail","hentry","category-actualidad","category-venezuela","tag-migrantes-venezolanos","tag-nicolas-maduro","tag-venezuela"],"amp_enabled":true,"_links":{"self":[{"href":"https:\/\/esreviral.com\/index.php?rest_route=\/wp\/v2\/posts\/43620"}],"collection":[{"href":"https:\/\/esreviral.com\/index.php?rest_route=\/wp\/v2\/posts"}],"about":[{"href":"https:\/\/esreviral.com\/index.php?rest_route=\/wp\/v2\/types\/post"}],"author":[{"embeddable":true,"href":"https:\/\/esreviral.com\/index.php?rest_route=\/wp\/v2\/users\/5"}],"replies":[{"embeddable":true,"href":"https:\/\/esreviral.com\/index.php?rest_route=%2Fwp%2Fv2%2Fcomments&post=43620"}],"version-history":[{"count":0,"href":"https:\/\/esreviral.com\/index.php?rest_route=\/wp\/v2\/posts\/43620\/revisions"}],"wp:featuredmedia":[{"embeddable":true,"href":"https:\/\/esreviral.com\/index.php?rest_route=\/wp\/v2\/media\/43622"}],"wp:attachment":[{"href":"https:\/\/esreviral.com\/index.php?rest_route=%2Fwp%2Fv2%2Fmedia&parent=43620"}],"wp:term":[{"taxonomy":"category","embeddable":true,"href":"https:\/\/esreviral.com\/index.php?rest_route=%2Fwp%2Fv2%2Fcategories&post=43620"},{"taxonomy":"post_tag","embeddable":true,"href":"https:\/\/esreviral.com\/index.php?rest_route=%2Fwp%2Fv2%2Ftags&post=43620"}],"curies":[{"name":"wp","href":"https:\/\/api.w.org\/{rel}","templated":true}]}}