{"id":43490,"date":"2023-10-06T16:00:07","date_gmt":"2023-10-06T21:00:07","guid":{"rendered":"https:\/\/esreviral.com\/?p=43490"},"modified":"2023-10-06T16:00:08","modified_gmt":"2023-10-06T21:00:08","slug":"diveana-karina-kiara-y-elisa-rego-llegan-a-argentina-para-despedir-el-2023","status":"publish","type":"post","link":"https:\/\/esreviral.com\/?p=43490","title":{"rendered":"Diveana, Karina, Kiara y Elisa Rego llegan a Argentina para despedir el 2023"},"content":{"rendered":"\n<p><strong><em>CIS.-<\/em><\/strong> Dicen que Venezuela tiene nombre de mujer y este cuarteto de espl\u00e9ndidas f\u00e9minas son parte de su mejor representaci\u00f3n. Es por eso que &nbsp;Partner360pro, Life &amp; Show y Producciones VU de Uruguay, traer\u00e1n a Buenos Aires a <strong>Diveana, Karina, Kiara y Elisa Rego<\/strong> en un mismo concierto, que <strong>se realizar\u00e1 el 27 de diciembre en el Grovee de Palermo, avenida Santa Fe 4389 de la CABA. <\/strong><\/p>\n\n\n\n<p>Estas ic\u00f3nicas interpretes de distintos g\u00e9neros musicales, se re\u00fanen nuevamente en un show llamado Venezuela es Mujer y que las ha paseado por grandes escenarios en Estados Unidos, Venezuela y Latinoam\u00e9rica, haciendo recordar a sus fan\u00e1ticos la m\u00fasica que los hizo vibrar en los 80\u00b4s y 90\u00b4s. <\/p>\n\n\n\n<figure class=\"wp-block-image size-large\"><img fetchpriority=\"high\" decoding=\"async\" width=\"1024\" height=\"576\" src=\"https:\/\/esreviral.com\/wp-content\/uploads\/2023\/10\/Diseno-sin-titulo-1024x576.webp\" alt=\"\" class=\"wp-image-43492\" srcset=\"https:\/\/esreviral.com\/wp-content\/uploads\/2023\/10\/Diseno-sin-titulo-1024x576.webp 1024w, https:\/\/esreviral.com\/wp-content\/uploads\/2023\/10\/Diseno-sin-titulo-300x169.webp 300w, https:\/\/esreviral.com\/wp-content\/uploads\/2023\/10\/Diseno-sin-titulo-768x432.webp 768w, https:\/\/esreviral.com\/wp-content\/uploads\/2023\/10\/Diseno-sin-titulo-750x422.webp 750w, https:\/\/esreviral.com\/wp-content\/uploads\/2023\/10\/Diseno-sin-titulo-1140x641.webp 1140w, https:\/\/esreviral.com\/wp-content\/uploads\/2023\/10\/Diseno-sin-titulo.webp 1366w\" sizes=\"(max-width: 1024px) 100vw, 1024px\" \/><\/figure>\n\n\n\n<p><strong>Diveana y Karina<\/strong> estuvieron en el a\u00f1o 2022 en Argentina, donde brindaron un gran espect\u00e1culo y que esperan repetir el \u00e9xito de su momento. Por supuesto que su repertorio vendr\u00e1 cargado de \u00e9xitos como Lo que siento contigo, Noches de media luna, Me falta Todo, Tus Ojos, en el caso de Diveana; y Zapatos de tac\u00f3n alto, Desde mi ventana, Se como duele, entre muchos otros en la voz de Karina. <\/p>\n\n\n\n<p><strong>Kiara<\/strong> con su inigualable registro vocal tambi\u00e9n llegar\u00e1 para recordar Tesoro m\u00edo, Qu\u00e9 bello, Lib\u00e9rame y muchos m\u00e1s. Mientras que la dulce voz de <strong>Elisa Rego<\/strong> se unir\u00e1n a las notas musicales para darle vida a Abismo de Coraz\u00f3n, Qu\u00edmica, entre otros. <\/p>\n\n\n\n<p>Las entradas ya est\u00e1n a la venta en <a href=\"https:\/\/www.passline.com\/eventos\/venezuela-es-mujer-212469\">https:\/\/www.passline.com\/eventos\/venezuela-es-mujer-212469<\/a><\/p>\n\n\n\n<figure class=\"wp-block-embed is-type-video is-provider-youtube wp-block-embed-youtube wp-embed-aspect-16-9 wp-has-aspect-ratio\"><div class=\"wp-block-embed__wrapper\">\n<div class=\"jeg_video_container jeg_video_content\"><iframe title=\"Diveana lleg\u00f3 a Argentina\" width=\"500\" height=\"281\" src=\"https:\/\/www.youtube.com\/embed\/ZCJITYe6B9k?feature=oembed\" frameborder=\"0\" allow=\"accelerometer; autoplay; clipboard-write; encrypted-media; gyroscope; picture-in-picture; web-share\" referrerpolicy=\"strict-origin-when-cross-origin\" allowfullscreen><\/iframe><\/div>\n<\/div><\/figure>\n","protected":false},"excerpt":{"rendered":"<p>CIS.- Dicen que Venezuela tiene nombre de mujer y este cuarteto de espl\u00e9ndidas f\u00e9minas son parte de su mejor representaci\u00f3n. Es por eso que &nbsp;Partner360pro, Life &amp; Show y Producciones VU de Uruguay, traer\u00e1n a Buenos Aires a Diveana, Karina, Kiara y Elisa Rego en un mismo concierto, que se realizar\u00e1 el 27 de diciembre [&hellip;]<\/p>\n","protected":false},"author":2,"featured_media":43492,"comment_status":"open","ping_status":"closed","sticky":false,"template":"","format":"standard","meta":{"jnews-multi-image_gallery":[],"jnews_single_post":{"subtitle":"","format":"standard","video":"","gallery":"","source_name":"","source_url":"","via_name":"","via_url":"","override_template":"0","override":[{"template":"4","single_blog_custom":"","parallax":"1","fullscreen":"1","layout":"right-sidebar","sidebar":"default-sidebar","second_sidebar":"default-sidebar","sticky_sidebar":"1","share_position":"top","share_float_style":"share-monocrhome","show_share_counter":"1","show_view_counter":"1","show_featured":"1","show_post_meta":"1","show_post_author":"1","show_post_author_image":"1","show_post_date":"1","post_date_format":"default","post_date_format_custom":"Y\/m\/d","show_post_category":"1","show_post_reading_time":"1","post_reading_time_wpm":"300","show_zoom_button":"1","zoom_button_out_step":"2","zoom_button_in_step":"3","show_post_tag":"1","show_prev_next_post":"1","show_popup_post":"1","number_popup_post":"1","show_author_box":"1","show_post_related":"1","show_inline_post_related":"0"}],"override_image_size":"0","image_override":[{"single_post_thumbnail_size":"crop-500","single_post_gallery_size":"crop-500"}],"trending_post":"0","trending_post_position":"meta","trending_post_label":"Trending","sponsored_post":"0","sponsored_post_label":"Sponsored by","sponsored_post_name":"","sponsored_post_url":"","sponsored_post_logo_enable":"0","sponsored_post_logo":"","sponsored_post_desc":"","disable_ad":"0"},"jnews_primary_category":{"id":"","hide":""},"jnews_social_meta":{"fb_title":"","fb_description":"","fb_image":"","twitter_title":"","twitter_description":"","twitter_image":""},"jnews_review":[],"enable_review":"0","type":"percentage","name":"","summary":"","brand":"","sku":"","good":[{"good_text":""}],"bad":[{"bad_text":""}],"score_override":"","override_value":"","rating":[{"rating_text":"","rating_number":"10"}],"price":[{"shop":"","price":"","link":"","icon":""}],"jnews_override_counter":{"override_view_counter":"0","view_counter_number":"0","override_share_counter":"0","share_counter_number":"0","override_like_counter":"0","like_counter_number":"0","override_dislike_counter":"0","dislike_counter_number":"0"},"jnews_post_split":{"enable_post_split":"0","post_split":[{"template":"1","tag":"h2","numbering":"asc","mode":"normal","first":"0","enable_toc":"0","toc_type":"normal"}]},"footnotes":""},"categories":[1142,5892],"tags":[44,3140,12482,1056,7433,45,67],"class_list":["post-43490","post","type-post","status-publish","format-standard","has-post-thumbnail","hentry","category-musica","category-venezolanos-en-argentina","tag-argentina","tag-diveana","tag-elisa-rego","tag-karina","tag-kiara","tag-noticias","tag-venezolanos-en-argentina"],"amp_enabled":true,"_links":{"self":[{"href":"https:\/\/esreviral.com\/index.php?rest_route=\/wp\/v2\/posts\/43490"}],"collection":[{"href":"https:\/\/esreviral.com\/index.php?rest_route=\/wp\/v2\/posts"}],"about":[{"href":"https:\/\/esreviral.com\/index.php?rest_route=\/wp\/v2\/types\/post"}],"author":[{"embeddable":true,"href":"https:\/\/esreviral.com\/index.php?rest_route=\/wp\/v2\/users\/2"}],"replies":[{"embeddable":true,"href":"https:\/\/esreviral.com\/index.php?rest_route=%2Fwp%2Fv2%2Fcomments&post=43490"}],"version-history":[{"count":0,"href":"https:\/\/esreviral.com\/index.php?rest_route=\/wp\/v2\/posts\/43490\/revisions"}],"wp:featuredmedia":[{"embeddable":true,"href":"https:\/\/esreviral.com\/index.php?rest_route=\/wp\/v2\/media\/43492"}],"wp:attachment":[{"href":"https:\/\/esreviral.com\/index.php?rest_route=%2Fwp%2Fv2%2Fmedia&parent=43490"}],"wp:term":[{"taxonomy":"category","embeddable":true,"href":"https:\/\/esreviral.com\/index.php?rest_route=%2Fwp%2Fv2%2Fcategories&post=43490"},{"taxonomy":"post_tag","embeddable":true,"href":"https:\/\/esreviral.com\/index.php?rest_route=%2Fwp%2Fv2%2Ftags&post=43490"}],"curies":[{"name":"wp","href":"https:\/\/api.w.org\/{rel}","templated":true}]}}