{"id":43432,"date":"2023-10-05T16:22:17","date_gmt":"2023-10-05T21:22:17","guid":{"rendered":"https:\/\/esreviral.com\/?p=43432"},"modified":"2023-10-05T16:22:18","modified_gmt":"2023-10-05T21:22:18","slug":"estados-unidos-pacta-con-venezuela-para-hacer-vuelos-de-repatriacion","status":"publish","type":"post","link":"https:\/\/esreviral.com\/?p=43432","title":{"rendered":"Estados Unidos pacta con Venezuela para hacer vuelos de repatriaci\u00f3n"},"content":{"rendered":"\n<p>A trav\u00e9s de un comunicado oficial, el canciller venezolano, Yvan Gil, anunci\u00f3 que sostuvieron un pacto con el gobierno de Joe Biden de Estados Unidos para iniciar los vuelos de repatriaci\u00f3n para todos los venezolanos que deseen retornar desde Norteam\u00e9rica de manera \u00abordenada, segura, y legal\u00bb.<\/p>\n\n\n\n<p>En el mismo asegura que la administraci\u00f3n de Nicol\u00e1s Maduro desplegar\u00e1 los recursos necesarios para que se cumplan de manera eficaz el convenio. <\/p>\n\n\n\n<p>Adem\u00e1s Gil afirm\u00f3 que la migraci\u00f3n venezolana era debido al \u00abbloqueo econ\u00f3mico\u00bb que pesaba sobre Venezuela. <\/p>\n\n\n\n<figure class=\"wp-block-embed is-type-rich is-provider-twitter wp-block-embed-twitter\"><div class=\"wp-block-embed__wrapper\">\n<blockquote class=\"twitter-tweet\" data-width=\"500\" data-dnt=\"true\"><p lang=\"es\" dir=\"ltr\"><a href=\"https:\/\/twitter.com\/hashtag\/Comunicado?src=hash&amp;ref_src=twsrc%5Etfw\">#Comunicado<\/a> El Gobierno del presidente <a href=\"https:\/\/twitter.com\/NicolasMaduro?ref_src=twsrc%5Etfw\">@NicolasMaduro<\/a> anuncia que, en el marco de las conversaciones sostenidas con las autoridades de los Estados Unidos de Am\u00e9rica, ha suscrito un acuerdo sobre migraci\u00f3n que permita la repatriaci\u00f3n ordenada, segura, y legal de ciudadanos\u2026 <a href=\"https:\/\/t.co\/1uwSzy3zSz\">pic.twitter.com\/1uwSzy3zSz<\/a><\/p>&mdash; Yvan Gil (@yvangil) <a href=\"https:\/\/twitter.com\/yvangil\/status\/1710034119260860855?ref_src=twsrc%5Etfw\">October 5, 2023<\/a><\/blockquote><script async src=\"https:\/\/platform.twitter.com\/widgets.js\" charset=\"utf-8\"><\/script>\n<\/div><\/figure>\n","protected":false},"excerpt":{"rendered":"<p>A trav\u00e9s de un comunicado oficial, el canciller venezolano, Yvan Gil, anunci\u00f3 que sostuvieron un pacto con el gobierno de Joe Biden de Estados Unidos para iniciar los vuelos de repatriaci\u00f3n para todos los venezolanos que deseen retornar desde Norteam\u00e9rica de manera \u00abordenada, segura, y legal\u00bb. En el mismo asegura que la administraci\u00f3n de Nicol\u00e1s [&hellip;]<\/p>\n","protected":false},"author":2,"featured_media":43433,"comment_status":"open","ping_status":"closed","sticky":false,"template":"","format":"standard","meta":{"jnews-multi-image_gallery":[],"jnews_single_post":{"subtitle":"","format":"standard","video":"","gallery":"","source_name":"","source_url":"","via_name":"","via_url":"","override_template":"0","override":[{"template":"4","single_blog_custom":"","parallax":"1","fullscreen":"1","layout":"right-sidebar","sidebar":"default-sidebar","second_sidebar":"default-sidebar","sticky_sidebar":"1","share_position":"top","share_float_style":"share-monocrhome","show_share_counter":"1","show_view_counter":"1","show_featured":"1","show_post_meta":"1","show_post_author":"1","show_post_author_image":"1","show_post_date":"1","post_date_format":"default","post_date_format_custom":"Y\/m\/d","show_post_category":"1","show_post_reading_time":"1","post_reading_time_wpm":"300","show_zoom_button":"1","zoom_button_out_step":"2","zoom_button_in_step":"3","show_post_tag":"1","show_prev_next_post":"1","show_popup_post":"1","number_popup_post":"1","show_author_box":"1","show_post_related":"1","show_inline_post_related":"0"}],"override_image_size":"0","image_override":[{"single_post_thumbnail_size":"crop-500","single_post_gallery_size":"crop-500"}],"trending_post":"0","trending_post_position":"meta","trending_post_label":"Trending","sponsored_post":"0","sponsored_post_label":"Sponsored by","sponsored_post_name":"","sponsored_post_url":"","sponsored_post_logo_enable":"0","sponsored_post_logo":"","sponsored_post_desc":"","disable_ad":"0"},"jnews_primary_category":{"id":"","hide":""},"jnews_social_meta":{"fb_title":"","fb_description":"","fb_image":"","twitter_title":"","twitter_description":"","twitter_image":""},"jnews_review":[],"enable_review":"0","type":"percentage","name":"","summary":"","brand":"","sku":"","good":[{"good_text":""}],"bad":[{"bad_text":""}],"score_override":"","override_value":"","rating":[{"rating_text":"","rating_number":"10"}],"price":[{"shop":"","price":"","link":"","icon":""}],"jnews_override_counter":{"override_view_counter":"0","view_counter_number":"0","override_share_counter":"0","share_counter_number":"0","override_like_counter":"0","like_counter_number":"0","override_dislike_counter":"0","dislike_counter_number":"0"},"jnews_post_split":{"enable_post_split":"0","post_split":[{"template":"1","tag":"h2","numbering":"asc","mode":"normal","first":"0","enable_toc":"0","toc_type":"normal"}]},"footnotes":""},"categories":[54],"tags":[136,45,107,725,56],"class_list":["post-43432","post","type-post","status-publish","format-standard","has-post-thumbnail","hentry","category-inmigracion","tag-estados-unidos","tag-noticias","tag-repatriacion","tag-venezolanos-en-estados-unidos","tag-venezuela"],"amp_enabled":true,"_links":{"self":[{"href":"https:\/\/esreviral.com\/index.php?rest_route=\/wp\/v2\/posts\/43432"}],"collection":[{"href":"https:\/\/esreviral.com\/index.php?rest_route=\/wp\/v2\/posts"}],"about":[{"href":"https:\/\/esreviral.com\/index.php?rest_route=\/wp\/v2\/types\/post"}],"author":[{"embeddable":true,"href":"https:\/\/esreviral.com\/index.php?rest_route=\/wp\/v2\/users\/2"}],"replies":[{"embeddable":true,"href":"https:\/\/esreviral.com\/index.php?rest_route=%2Fwp%2Fv2%2Fcomments&post=43432"}],"version-history":[{"count":0,"href":"https:\/\/esreviral.com\/index.php?rest_route=\/wp\/v2\/posts\/43432\/revisions"}],"wp:featuredmedia":[{"embeddable":true,"href":"https:\/\/esreviral.com\/index.php?rest_route=\/wp\/v2\/media\/43433"}],"wp:attachment":[{"href":"https:\/\/esreviral.com\/index.php?rest_route=%2Fwp%2Fv2%2Fmedia&parent=43432"}],"wp:term":[{"taxonomy":"category","embeddable":true,"href":"https:\/\/esreviral.com\/index.php?rest_route=%2Fwp%2Fv2%2Fcategories&post=43432"},{"taxonomy":"post_tag","embeddable":true,"href":"https:\/\/esreviral.com\/index.php?rest_route=%2Fwp%2Fv2%2Ftags&post=43432"}],"curies":[{"name":"wp","href":"https:\/\/api.w.org\/{rel}","templated":true}]}}