{"id":43429,"date":"2023-10-05T15:37:13","date_gmt":"2023-10-05T20:37:13","guid":{"rendered":"https:\/\/esreviral.com\/?p=43429"},"modified":"2023-10-05T15:37:14","modified_gmt":"2023-10-05T20:37:14","slug":"argentina-recibio-la-5ta-cumbre-mundial-de-salud-mental","status":"publish","type":"post","link":"https:\/\/esreviral.com\/?p=43429","title":{"rendered":"Argentina recibi\u00f3 la 5ta Cumbre mundial de Salud Mental"},"content":{"rendered":"\n<p>El presidente Alberto Fern\u00e1ndez encabez\u00f3 este jueves en el CCK, junto a la ministra de Salud, Carla Vizzotti, la apertura de <strong>la 5\u00b0 Cumbre Mundial de Salud Mental, que por primera vez se realiza en Latinoam\u00e9rica.<\/strong><\/p>\n\n\n\n<p>\u201cPoner la atenci\u00f3n en el tema de la salud mental es absolutamente imperioso y necesario, es un imperativo \u00e9tico de este tiempo. <strong>Es un tema esencial para el presente y para el futuro\u201d, <\/strong>dijo el mandatario junto al director de la Organizaci\u00f3n Panamericana de la Salud (OPS), Jarbas Barbosa, y el director general del Comit\u00e9 Internacional de la Cruz Roja, Robert Mardini.<\/p>\n\n\n\n<p>El jefe de Estado dio la bienvenida a quienes participan del evento y llam\u00f3 a reflexionar sobre el tiempo en que vivimos \u201cdonde no se dispararon armas, ni bombas, ni misiles, pero murieron 15 millones de personas. Fue una guerra silenciosa que se llam\u00f3 pandemia y<strong> dej\u00f3 secuelas que han afectado la salud mental de todos y todas en mayor o menor medida\u201d.<\/strong><\/p>\n\n\n\n<p>En esta l\u00ednea agreg\u00f3 que \u201ccuando se habla de <strong>salud mental hay que entender que es una enfermedad que no tiene manifestaciones f\u00edsicas,<\/strong> que est\u00e1 en el interior del ser humano\u201d y que todas las personas \u201ctienen derecho a contar con asistencia. Y esa asistencia no pasa por la reclusi\u00f3n indigna en un lugar donde padecen condiciones de abandono, sino en encontrarle una salida\u201d.<\/p>\n\n\n\n<p>Por su parte, Vizzotti, manifest\u00f3 que la celebraci\u00f3n de esta 5ta Cumbre Mundial de Salud Mental en Buenos Aires muestra una \u00abarticulaci\u00f3n de la agenda de los organismos internacionales, de la agenda regional, nacional y de todos los sectores, que hace que este sea un momento muy importante para lograr que la salud mental est\u00e9 siempre en la agenda sanitaria de todos los gobiernos como prioridad\u00bb, tal como lo ha hecho Argentina que \u201cha iniciado un proceso de jerarquizaci\u00f3n de las pol\u00edticas p\u00fablicas de salud mental, tanto en t\u00e9rminos presupuestarios como en la transversalizaci\u00f3n en todas las pol\u00edticas\u201d.<\/p>\n\n\n\n<p>A su turno, Mardini destac\u00f3 que \u201cesta es la primera vez que la Cumbre Mundial de Salud Mental se celebra fuera de Europa, y por ese motivo la Argentina merece toda nuestra gratitud\u00bb, y dijo: \u00ab<strong>La salud mental nos afecta a todos y todas, pero algunos de nosotros tenemos un riesgo mayor, que se debe entre otras cosas, a donde vivimos y con la facilidad que podemos acceder a la ayuda que necesitamos\u00bb<\/strong>.<\/p>\n\n\n\n<p>Asimismo, Barbosa se\u00f1al\u00f3 que <strong>\u201cdespu\u00e9s de la pandemia Covid, los pa\u00edses de las Am\u00e9ricas han priorizado la salud mental en sus agendas pol\u00edticas<\/strong> porque las crisis humanitarias, el cambio clim\u00e1tico, los conflictos y las crecientes desigualdades son un problema socio pol\u00edtico global que impacta en nuestra salud mental\u201d, y reconoci\u00f3 a la Argentina por haber \u201casumido compromisos pol\u00edticos de alto nivel con la salud mental, al acelerar la implementaci\u00f3n de leyes nacionales y enfocarse en los servicios hacia la comunidad a trav\u00e9s de visiones intersectoriales\u00bb.<\/p>\n\n\n\n<p>Durante el acto, se proyect\u00f3 adem\u00e1s el mensaje del Director General de la Organizaci\u00f3n Mundial de la Salud (OMS), Tedros Adhanom Ghebreyesus, que dijo que desde esa entidad definen \u201ca la salud como un estado de completo bienestar f\u00edsico, mental y social. Hoy, 1 de cada 8 personas vive con una condici\u00f3n de salud mental. Y, sin embargo, muchos de ellos no tienen acceso a los servicios de salud que necesitan. Por eso, convocamos a todos los pa\u00edses a ampliar el acceso a los servicios de salud mental como parte del viaje para lograr la cobertura universal, ya que no hay salud sin salud mental\u00bb.<\/p>\n\n\n\n<p>En tanto, la directora ejecutiva de UNICEF, Catherine Russel, asegur\u00f3 mediante un video enviado especialmente para la ocasi\u00f3n que \u00abapoyar a la salud mental en todas las pol\u00edticas p\u00fablicas relevantes es absolutamente esencial para sostener los derechos de los y las ni\u00f1as y para lograr los objetivos de desarrollo sostenible\u00bb, ya que \u00abdescuidar la salud mental las y los ni\u00f1os impide el acceso al aprendizaje, al desarrollo y a la inclusi\u00f3n\u00bb.<\/p>\n\n\n\n<p>Con el lema \u201cSalud mental en todas las pol\u00edticas\u201d, la Cumbre se desarrollar\u00e1 hasta el viernes en la ciudad de Buenos Aires, donde se realizar\u00e1n una conferencia magistral sobre la salud comunitaria en todas las pol\u00edticas, dos sesiones plenarias globales, una sesi\u00f3n plenaria regional, tres di\u00e1logos de expertos y nueve talleres tem\u00e1ticos.<\/p>\n\n\n\n<p>La Cumbre 2023, de la que autoridades y expertos en salud de todo el mundo, tiene como objetivo profundizar intervenciones de salud mental comunitaria en todas las pol\u00edticas, incluir los servicios de salud mental y apoyo psicosocial en los mandatos y los presupuestos nacionales, desarrollar acciones que se enfoquen en el rol clave de los determinantes sociales de la salud mental y fortalecer las medidas que promuevan el acceso al sistema de salud en el marco del proceso de transformaci\u00f3n del modelo manicomial hacia uno de base comunitaria.<\/p>\n","protected":false},"excerpt":{"rendered":"<p>El presidente Alberto Fern\u00e1ndez encabez\u00f3 este jueves en el CCK, junto a la ministra de Salud, Carla Vizzotti, la apertura de la 5\u00b0 Cumbre Mundial de Salud Mental, que por primera vez se realiza en Latinoam\u00e9rica. \u201cPoner la atenci\u00f3n en el tema de la salud mental es absolutamente imperioso y necesario, es un imperativo \u00e9tico [&hellip;]<\/p>\n","protected":false},"author":2,"featured_media":43430,"comment_status":"open","ping_status":"closed","sticky":false,"template":"","format":"standard","meta":{"jnews-multi-image_gallery":[],"jnews_single_post":{"subtitle":"","format":"standard","video":"","gallery":"","source_name":"","source_url":"","via_name":"","via_url":"","override_template":"0","override":[{"template":"4","single_blog_custom":"","parallax":"1","fullscreen":"1","layout":"right-sidebar","sidebar":"default-sidebar","second_sidebar":"default-sidebar","sticky_sidebar":"1","share_position":"top","share_float_style":"share-monocrhome","show_share_counter":"1","show_view_counter":"1","show_featured":"1","show_post_meta":"1","show_post_author":"1","show_post_author_image":"1","show_post_date":"1","post_date_format":"default","post_date_format_custom":"Y\/m\/d","show_post_category":"1","show_post_reading_time":"1","post_reading_time_wpm":"300","show_zoom_button":"1","zoom_button_out_step":"2","zoom_button_in_step":"3","show_post_tag":"1","show_prev_next_post":"1","show_popup_post":"1","number_popup_post":"1","show_author_box":"1","show_post_related":"1","show_inline_post_related":"0"}],"override_image_size":"0","image_override":[{"single_post_thumbnail_size":"crop-500","single_post_gallery_size":"crop-500"}],"trending_post":"0","trending_post_position":"meta","trending_post_label":"Trending","sponsored_post":"0","sponsored_post_label":"Sponsored by","sponsored_post_name":"","sponsored_post_url":"","sponsored_post_logo_enable":"0","sponsored_post_logo":"","sponsored_post_desc":"","disable_ad":"0"},"jnews_primary_category":{"id":"","hide":""},"jnews_social_meta":{"fb_title":"","fb_description":"","fb_image":"","twitter_title":"","twitter_description":"","twitter_image":""},"jnews_review":[],"enable_review":"0","type":"percentage","name":"","summary":"","brand":"","sku":"","good":[{"good_text":""}],"bad":[{"bad_text":""}],"score_override":"","override_value":"","rating":[{"rating_text":"","rating_number":"10"}],"price":[{"shop":"","price":"","link":"","icon":""}],"jnews_override_counter":{"override_view_counter":"0","view_counter_number":"0","override_share_counter":"0","share_counter_number":"0","override_like_counter":"0","like_counter_number":"0","override_dislike_counter":"0","dislike_counter_number":"0"},"jnews_post_split":{"enable_post_split":"0","post_split":[{"template":"1","tag":"h2","numbering":"asc","mode":"normal","first":"0","enable_toc":"0","toc_type":"normal"}]},"footnotes":""},"categories":[58,84],"tags":[44,45,1162,550],"class_list":["post-43429","post","type-post","status-publish","format-standard","has-post-thumbnail","hentry","category-argentina","category-salud","tag-argentina","tag-noticias","tag-oms","tag-salud-mental"],"amp_enabled":true,"_links":{"self":[{"href":"https:\/\/esreviral.com\/index.php?rest_route=\/wp\/v2\/posts\/43429"}],"collection":[{"href":"https:\/\/esreviral.com\/index.php?rest_route=\/wp\/v2\/posts"}],"about":[{"href":"https:\/\/esreviral.com\/index.php?rest_route=\/wp\/v2\/types\/post"}],"author":[{"embeddable":true,"href":"https:\/\/esreviral.com\/index.php?rest_route=\/wp\/v2\/users\/2"}],"replies":[{"embeddable":true,"href":"https:\/\/esreviral.com\/index.php?rest_route=%2Fwp%2Fv2%2Fcomments&post=43429"}],"version-history":[{"count":0,"href":"https:\/\/esreviral.com\/index.php?rest_route=\/wp\/v2\/posts\/43429\/revisions"}],"wp:featuredmedia":[{"embeddable":true,"href":"https:\/\/esreviral.com\/index.php?rest_route=\/wp\/v2\/media\/43430"}],"wp:attachment":[{"href":"https:\/\/esreviral.com\/index.php?rest_route=%2Fwp%2Fv2%2Fmedia&parent=43429"}],"wp:term":[{"taxonomy":"category","embeddable":true,"href":"https:\/\/esreviral.com\/index.php?rest_route=%2Fwp%2Fv2%2Fcategories&post=43429"},{"taxonomy":"post_tag","embeddable":true,"href":"https:\/\/esreviral.com\/index.php?rest_route=%2Fwp%2Fv2%2Ftags&post=43429"}],"curies":[{"name":"wp","href":"https:\/\/api.w.org\/{rel}","templated":true}]}}