{"id":43426,"date":"2023-10-05T09:59:00","date_gmt":"2023-10-05T14:59:00","guid":{"rendered":"https:\/\/esreviral.com\/?p=43426"},"modified":"2023-10-05T09:59:01","modified_gmt":"2023-10-05T14:59:01","slug":"panama-reclama-a-colombia-por-medidas-en-el-darien-no-tenemos-idea-de-cuantas-personas-mueren","status":"publish","type":"post","link":"https:\/\/esreviral.com\/?p=43426","title":{"rendered":"Panam\u00e1 reclama a Colombia por medidas en el Dari\u00e9n: \u201cNo tenemos idea de cu\u00e1ntas personas mueren\u201d"},"content":{"rendered":"\n<p><a rel=\"noreferrer noopener\" href=\"https:\/\/www.infobae.com\/colombia\/2023\/10\/02\/columna-en-wall-street-journal-puso-la-lupa-en-colombia-ha-vuelto-a-perder-el-control-de-su-territorio\/\" target=\"_blank\"><\/a>En 2022, alrededor de 248.000 personas ingresaron a la selva del Dari\u00e9n para cruzar de Colombia a Panam\u00e1, cifra que ha sido ampliamente superada en 2023; el 4 de octubre, el defensor del Pueblo del pa\u00eds centroamericano, Eduardo Leblanc Gonz\u00e1lez,\u00a0afirm\u00f3 desde Barranquilla que m\u00e1s de 413.000 personas han atravesado la frontera terrestre en lo que va corrido del a\u00f1o.<\/p>\n\n\n\n<blockquote class=\"wp-block-quote is-layout-flow wp-block-quote-is-layout-flow\">\n<p><strong><em>\u201cA cifras de hoy son 413.000 personas que han pasado, para que tengan m\u00e1s o menos una idea, es el 10% de la poblaci\u00f3n de la Rep\u00fablica de Panam\u00e1, las cifras no bajan, hemos tenido d\u00edas de baja por las lluvias, pero mientras la situaci\u00f3n en Venezuela contin\u00fae como esta, la situaci\u00f3n en Ecuador, en Hait\u00ed y algunas otras situaciones en el mundo, van a seguir pasando personas\u201d<\/em><\/strong>, afirm\u00f3 Leblanc.<\/p>\n<\/blockquote>\n\n\n\n<p><strong>Esto ha generado preocupaci\u00f3n en los gobiernos de Panam\u00e1 y Colombia;<\/strong>\u00a0adem\u00e1s, en los dem\u00e1s pa\u00edses que hacen parte de la ruta que emprenden los migrantes hasta llegar a Estados Unidos, que es el objetivo que tiene gran parte de los extranjeros que parten de Acand\u00ed, \u00faltimo municipio colombiano antes de la jungla.<\/p>\n\n\n\n<p>De la misma forma, Eduardo Leblanc se refiri\u00f3 a la visita del alcalde de Nueva York, Eric Adams, que el s\u00e1bado 7 de octubre estar\u00e1 en el Tap\u00f3n del Dari\u00e9n;\u00a0recordando que no solo existe una crisis migratoria, sino tambi\u00e9n ambiental,\u00a0producto de los da\u00f1os que genera el paso constante de personas por la selva.<\/p>\n\n\n\n<blockquote class=\"wp-block-quote is-layout-flow wp-block-quote-is-layout-flow\">\n<p><strong><em>\u201cLo que \u00e9l viene a ver es lo que nosotros estamos sufriendo, tanto ustedes en Colombia como nosotros en Panam\u00e1, en el Tap\u00f3n del Dari\u00e9n, el cual lleva tambi\u00e9n un impacto cultural, social y ambiental por el paso, recordemos que nuestro parque natural era una reserva casi virgen\u2026 Que no solo venga a ver, sino que pueda traer alg\u00fan tipo de ayuda\u201d,<\/em><\/strong> asegur\u00f3 el defensor del pueblo de Panam\u00e1.<\/p>\n<\/blockquote>\n\n\n\n<p>El defensor del Pueblo paname\u00f1o hizo un llamado a los gobiernos de Panam\u00e1 y Colombia para que trabajen en la mitigaci\u00f3n del paso de personas en el Dari\u00e9n, afirmando que adem\u00e1s de puntualizar las secuelas que esto deja,\u00a0se deber\u00eda analizar por qu\u00e9 tantas personas prefieren arriesgar su vida, que quedarse en su pa\u00eds de origen.<a rel=\"noreferrer noopener\" href=\"https:\/\/www.infobae.com\/colombia\/2023\/10\/03\/migracion-ilegal-en-san-andres-providencia-y-santa-catalina-procuraduria-alerto-por-crisis-humanitaria-en-el-archipielago\/\" target=\"_blank\"><\/a><\/p>\n\n\n\n<p><strong><em>Con informaci\u00f3n de Infobae<\/em><\/strong><\/p>\n\n\n\n<p><a rel=\"noreferrer noopener\" href=\"https:\/\/www.infobae.com\/colombia\/2023\/10\/02\/alcalde-de-nueva-york-estara-en-colombia-eric-adams-visitara-el-tapon-del-darien-ante-aumento-de-migrantes-en-su-ciudad\/\" target=\"_blank\"><\/a><\/p>\n","protected":false},"excerpt":{"rendered":"<p>En 2022, alrededor de 248.000 personas ingresaron a la selva del Dari\u00e9n para cruzar de Colombia a Panam\u00e1, cifra que ha sido ampliamente superada en 2023; el 4 de octubre, el defensor del Pueblo del pa\u00eds centroamericano, Eduardo Leblanc Gonz\u00e1lez,\u00a0afirm\u00f3 desde Barranquilla que m\u00e1s de 413.000 personas han atravesado la frontera terrestre en lo que [&hellip;]<\/p>\n","protected":false},"author":5,"featured_media":43427,"comment_status":"closed","ping_status":"closed","sticky":false,"template":"","format":"standard","meta":{"jnews-multi-image_gallery":[],"jnews_single_post":{"subtitle":"","format":"standard","video":"","gallery":"","source_name":"","source_url":"","via_name":"","via_url":"","override_template":"0","override":[{"template":"4","single_blog_custom":"","parallax":"1","fullscreen":"1","layout":"right-sidebar","sidebar":"default-sidebar","second_sidebar":"default-sidebar","sticky_sidebar":"1","share_position":"top","share_float_style":"share-monocrhome","show_share_counter":"1","show_view_counter":"1","show_featured":"1","show_post_meta":"1","show_post_author":"1","show_post_author_image":"1","show_post_date":"1","post_date_format":"default","post_date_format_custom":"Y\/m\/d","show_post_category":"1","show_post_reading_time":"1","post_reading_time_wpm":"300","show_zoom_button":"1","zoom_button_out_step":"2","zoom_button_in_step":"3","show_post_tag":"1","show_prev_next_post":"1","show_popup_post":"1","number_popup_post":"1","show_author_box":"1","show_post_related":"1","show_inline_post_related":"0"}],"override_image_size":"0","image_override":[{"single_post_thumbnail_size":"crop-500","single_post_gallery_size":"crop-500"}],"trending_post":"0","trending_post_position":"meta","trending_post_label":"Trending","sponsored_post":"0","sponsored_post_label":"Sponsored by","sponsored_post_name":"","sponsored_post_url":"","sponsored_post_logo_enable":"0","sponsored_post_logo":"","sponsored_post_desc":"","disable_ad":"0"},"jnews_primary_category":{"id":"","hide":""},"jnews_social_meta":{"fb_title":"","fb_description":"","fb_image":"","twitter_title":"","twitter_description":"","twitter_image":""},"jnews_review":[],"enable_review":"0","type":"percentage","name":"","summary":"","brand":"","sku":"","good":[{"good_text":""}],"bad":[{"bad_text":""}],"score_override":"","override_value":"","rating":[{"rating_text":"","rating_number":"10"}],"price":[{"shop":"","price":"","link":"","icon":""}],"jnews_override_counter":{"override_view_counter":"0","view_counter_number":"0","override_share_counter":"0","share_counter_number":"0","override_like_counter":"0","like_counter_number":"0","override_dislike_counter":"0","dislike_counter_number":"0"},"jnews_post_split":{"enable_post_split":"0","post_split":[{"template":"1","tag":"h2","numbering":"asc","mode":"normal","first":"0","enable_toc":"0","toc_type":"normal"}]},"footnotes":""},"categories":[43,54,88],"tags":[283,1002,6432],"class_list":["post-43426","post","type-post","status-publish","format-standard","has-post-thumbnail","hentry","category-actualidad","category-inmigracion","category-internacionales","tag-colombia","tag-panama","tag-selva-de-darien"],"amp_enabled":true,"_links":{"self":[{"href":"https:\/\/esreviral.com\/index.php?rest_route=\/wp\/v2\/posts\/43426"}],"collection":[{"href":"https:\/\/esreviral.com\/index.php?rest_route=\/wp\/v2\/posts"}],"about":[{"href":"https:\/\/esreviral.com\/index.php?rest_route=\/wp\/v2\/types\/post"}],"author":[{"embeddable":true,"href":"https:\/\/esreviral.com\/index.php?rest_route=\/wp\/v2\/users\/5"}],"replies":[{"embeddable":true,"href":"https:\/\/esreviral.com\/index.php?rest_route=%2Fwp%2Fv2%2Fcomments&post=43426"}],"version-history":[{"count":0,"href":"https:\/\/esreviral.com\/index.php?rest_route=\/wp\/v2\/posts\/43426\/revisions"}],"wp:featuredmedia":[{"embeddable":true,"href":"https:\/\/esreviral.com\/index.php?rest_route=\/wp\/v2\/media\/43427"}],"wp:attachment":[{"href":"https:\/\/esreviral.com\/index.php?rest_route=%2Fwp%2Fv2%2Fmedia&parent=43426"}],"wp:term":[{"taxonomy":"category","embeddable":true,"href":"https:\/\/esreviral.com\/index.php?rest_route=%2Fwp%2Fv2%2Fcategories&post=43426"},{"taxonomy":"post_tag","embeddable":true,"href":"https:\/\/esreviral.com\/index.php?rest_route=%2Fwp%2Fv2%2Ftags&post=43426"}],"curies":[{"name":"wp","href":"https:\/\/api.w.org\/{rel}","templated":true}]}}