{"id":43380,"date":"2023-10-04T15:16:31","date_gmt":"2023-10-04T20:16:31","guid":{"rendered":"https:\/\/esreviral.com\/?p=43380"},"modified":"2023-10-04T15:16:32","modified_gmt":"2023-10-04T20:16:32","slug":"rodriguez-larreta-patricia-bullrich-tiene-el-compromiso-la-experiencia-y-el-equipo-necesario-para-liderar-el-cambio","status":"publish","type":"post","link":"https:\/\/esreviral.com\/?p=43380","title":{"rendered":"Rodr\u00edguez Larreta: \u00a0\u00abPatricia Bullrich tiene el compromiso, la experiencia y el equipo necesario para liderar el cambio\u00bb"},"content":{"rendered":"\n<p>El Jefe de Gobierno de la ciudad de Buenos Aires, <strong>Horacio Rodr\u00edguez Larreta<\/strong>, sostuvo hoy que en las elecciones del 22 de octubre la Argentina tiene <strong>\u00abla oportunidad de elegir un cambio de rumbo para siempre\u00bb.<\/strong><\/p>\n\n\n\n<p><strong>\u00abNo tengo ninguna duda de que Patricia Bullrich tiene el compromiso, la experiencia y el equipo necesario para liderar un pa\u00eds<\/strong> que requiere un cambio. Un cambio que no signifique un salto al vac\u00edo. Y el momento es ahora\u00bb, afirm\u00f3.<\/p>\n\n\n\n<p>Rodr\u00edguez Larreta se pronunci\u00f3 en esos t\u00e9rminos esta ma\u00f1ana \u00a0al exponer en las Jornadas Internacionales de la Asociaci\u00f3n Argentina TV, Video y Conectividad, que se desarrollan en el Hotel Hilton.<\/p>\n\n\n\n<figure class=\"wp-block-image size-large\"><img decoding=\"async\" src=\"https:\/\/ci6.googleusercontent.com\/proxy\/itHRwhydwB7BKCfudChcLOTQZIXw2tPB4S0FLqfe_js_Ahy747wsTcGhV9Kc96lw4lZYKHvkKkjqqG79L56wjnFonRov4aYba7GBCikSH_Jac5vChj02qQfaRiCY7o5VtlJUOUc5lSgx28e8immJzsfyElFTaXfO504Ij7-R4Y4=s0-d-e1-ft#https:\/\/app2.dopplerfiles.com\/Users\/160762\/Campaigns\/12958205\/Rodriguez_Larreta_en_la_convenci%C3%B3n_de_ATVC.JPG\" alt=\"\"\/><\/figure>\n\n\n\n<p>En su mensaje a los empresarios, directivos y referentes de esta industria el Jefe de Gobierno habl\u00f3 de la presente coyuntura pol\u00edtica e hizo un detallado an\u00e1lisis de los &nbsp;desaf\u00edos que se le presentan al pa\u00eds en la era del desarrollo digital.<\/p>\n\n\n\n<p>Dijo que es necesario tener \u00abuna pol\u00edtica de Estado que se adapte\u201d a la din\u00e1mica del cambio tecnol\u00f3gico permanente y que apueste estrat\u00e9gicamente al sector. &nbsp;Para ello es prioritario contar con un marco legal adecuado que elimine la burocracia y que incentive la inversi\u00f3n en infraestructura para la conectividad, indic\u00f3.<\/p>\n\n\n\n<p>Advirti\u00f3 que en este momento el Gobierno nacional est\u00e1 haciendo todo lo contrario, porque, a trav\u00e9s de un DNU, \u00a0<strong>\u00abcambi\u00f3 el marco regulatorio y las reglas de juego de manera muy profunda\u00bb<\/strong> y eso deriv\u00f3 en una importante ca\u00edda de inversiones.<\/p>\n\n\n\n<p class=\"has-text-align-right\"><strong><em>Prensa Gobierno de la Ciudad.-<\/em><\/strong><\/p>\n","protected":false},"excerpt":{"rendered":"<p>El Jefe de Gobierno de la ciudad de Buenos Aires, Horacio Rodr\u00edguez Larreta, sostuvo hoy que en las elecciones del 22 de octubre la Argentina tiene \u00abla oportunidad de elegir un cambio de rumbo para siempre\u00bb. \u00abNo tengo ninguna duda de que Patricia Bullrich tiene el compromiso, la experiencia y el equipo necesario para liderar [&hellip;]<\/p>\n","protected":false},"author":2,"featured_media":43381,"comment_status":"open","ping_status":"closed","sticky":false,"template":"","format":"standard","meta":{"jnews-multi-image_gallery":[],"jnews_single_post":{"subtitle":"","format":"standard","video":"","gallery":"","source_name":"","source_url":"","via_name":"","via_url":"","override_template":"0","override":[{"template":"4","single_blog_custom":"","parallax":"1","fullscreen":"1","layout":"right-sidebar","sidebar":"default-sidebar","second_sidebar":"default-sidebar","sticky_sidebar":"1","share_position":"top","share_float_style":"share-monocrhome","show_share_counter":"1","show_view_counter":"1","show_featured":"1","show_post_meta":"1","show_post_author":"1","show_post_author_image":"1","show_post_date":"1","post_date_format":"default","post_date_format_custom":"Y\/m\/d","show_post_category":"1","show_post_reading_time":"1","post_reading_time_wpm":"300","show_zoom_button":"1","zoom_button_out_step":"2","zoom_button_in_step":"3","show_post_tag":"1","show_prev_next_post":"1","show_popup_post":"1","number_popup_post":"1","show_author_box":"1","show_post_related":"1","show_inline_post_related":"0"}],"override_image_size":"0","image_override":[{"single_post_thumbnail_size":"crop-500","single_post_gallery_size":"crop-500"}],"trending_post":"0","trending_post_position":"meta","trending_post_label":"Trending","sponsored_post":"0","sponsored_post_label":"Sponsored by","sponsored_post_name":"","sponsored_post_url":"","sponsored_post_logo_enable":"0","sponsored_post_logo":"","sponsored_post_desc":"","disable_ad":"0"},"jnews_primary_category":{"id":"","hide":""},"jnews_social_meta":{"fb_title":"","fb_description":"","fb_image":"","twitter_title":"","twitter_description":"","twitter_image":""},"jnews_review":[],"enable_review":"0","type":"percentage","name":"","summary":"","brand":"","sku":"","good":[{"good_text":""}],"bad":[{"bad_text":""}],"score_override":"","override_value":"","rating":[{"rating_text":"","rating_number":"10"}],"price":[{"shop":"","price":"","link":"","icon":""}],"jnews_override_counter":{"override_view_counter":"0","view_counter_number":"0","override_share_counter":"0","share_counter_number":"0","override_like_counter":"0","like_counter_number":"0","override_dislike_counter":"0","dislike_counter_number":"0"},"jnews_post_split":{"enable_post_split":"0","post_split":[{"template":"1","tag":"h2","numbering":"asc","mode":"normal","first":"0","enable_toc":"0","toc_type":"normal"}]},"footnotes":""},"categories":[59],"tags":[44,6965,478,45,391],"class_list":["post-43380","post","type-post","status-publish","format-standard","has-post-thumbnail","hentry","category-politica","tag-argentina","tag-elecciones-2023","tag-horacio-rodriguez-larreta","tag-noticias","tag-patricia-bullrich"],"_links":{"self":[{"href":"https:\/\/esreviral.com\/index.php?rest_route=\/wp\/v2\/posts\/43380","targetHints":{"allow":["GET"]}}],"collection":[{"href":"https:\/\/esreviral.com\/index.php?rest_route=\/wp\/v2\/posts"}],"about":[{"href":"https:\/\/esreviral.com\/index.php?rest_route=\/wp\/v2\/types\/post"}],"author":[{"embeddable":true,"href":"https:\/\/esreviral.com\/index.php?rest_route=\/wp\/v2\/users\/2"}],"replies":[{"embeddable":true,"href":"https:\/\/esreviral.com\/index.php?rest_route=%2Fwp%2Fv2%2Fcomments&post=43380"}],"version-history":[{"count":0,"href":"https:\/\/esreviral.com\/index.php?rest_route=\/wp\/v2\/posts\/43380\/revisions"}],"wp:featuredmedia":[{"embeddable":true,"href":"https:\/\/esreviral.com\/index.php?rest_route=\/wp\/v2\/media\/43381"}],"wp:attachment":[{"href":"https:\/\/esreviral.com\/index.php?rest_route=%2Fwp%2Fv2%2Fmedia&parent=43380"}],"wp:term":[{"taxonomy":"category","embeddable":true,"href":"https:\/\/esreviral.com\/index.php?rest_route=%2Fwp%2Fv2%2Fcategories&post=43380"},{"taxonomy":"post_tag","embeddable":true,"href":"https:\/\/esreviral.com\/index.php?rest_route=%2Fwp%2Fv2%2Ftags&post=43380"}],"curies":[{"name":"wp","href":"https:\/\/api.w.org\/{rel}","templated":true}]}}