{"id":43304,"date":"2023-10-03T16:51:40","date_gmt":"2023-10-03T21:51:40","guid":{"rendered":"https:\/\/esreviral.com\/?p=43304"},"modified":"2023-10-03T16:51:41","modified_gmt":"2023-10-03T21:51:41","slug":"desorden-publico-prepara-fiesta-de-navidad-para-migrantes-en-argentina","status":"publish","type":"post","link":"https:\/\/esreviral.com\/?p=43304","title":{"rendered":"Desorden P\u00fablico prepara fiesta de Navidad para migrantes en Argentina"},"content":{"rendered":"\n<p><strong><em>Carlos Iv\u00e1n Su\u00e1rez.-<\/em><\/strong> Como parte de la celebraci\u00f3n por los <strong>38 a\u00f1os de carrera art\u00edstica<\/strong>, la agrupaci\u00f3n venezolana <strong>Desorden P\u00fablico,<\/strong> iniciar\u00e1 pr\u00f3ximamente una gran gira por toda Sudam\u00e9rica en la que incluir\u00e1 a Buenos Aires para reencontrarse con sus fan\u00e1ticos. <\/p>\n\n\n\n<p>Horacio Blanco, Jos\u00e9 Luis Chac\u00edn y toda la banda llegar\u00e1n a la ciudad de la furia <strong>el pr\u00f3ximo domingo 10 de diciembre para presentarse en Groove de Palermo, <\/strong>donde prometen hacer un gran espect\u00e1culo en que se pasear\u00e1n por todos los \u00e9xitos de la carrera \u00abdesordenada\u00bb por casi cuatro d\u00e9cadas. <\/p>\n\n\n\n<p>\u00ab<strong>Queremos llevar a su p\u00fablico un gran regalo de Navidad y que mejor que sea el reencuentro con una de las bandas m\u00e1s emblem\u00e1ticas para los venezolanos como lo es Desorden P\u00fablico\u00bb<\/strong>, coment\u00f3 Jos\u00e9 Carlos Mart\u00ednez, CEO de Partner360pro quien esta oportunidad trabaja junto a Producciones VU de Uruguay<\/p>\n\n\n\n<p>Las entradas ya se encuentran a la venta en<strong> <a href=\"https:\/\/www.passline.com\/eventos\/desorden-publico-en-argentina-1012\">https:\/\/www.passline.com\/eventos\/desorden-publico-en-argentina-1012<\/a><\/strong> y de esa manera disfruten de esta gran presentaci\u00f3n y corear temas como<strong> La tierra tiembla, All\u00e1 cay\u00f3, Latex, entre otros. <\/strong><\/p>\n\n\n\n<figure class=\"wp-block-image size-large\"><img fetchpriority=\"high\" decoding=\"async\" width=\"1024\" height=\"683\" src=\"https:\/\/esreviral.com\/wp-content\/uploads\/2023\/10\/WhatsApp-Image-2023-10-02-at-21.35.47-1024x683.webp\" alt=\"\" class=\"wp-image-43306\" srcset=\"https:\/\/esreviral.com\/wp-content\/uploads\/2023\/10\/WhatsApp-Image-2023-10-02-at-21.35.47-1024x683.webp 1024w, https:\/\/esreviral.com\/wp-content\/uploads\/2023\/10\/WhatsApp-Image-2023-10-02-at-21.35.47-300x200.webp 300w, https:\/\/esreviral.com\/wp-content\/uploads\/2023\/10\/WhatsApp-Image-2023-10-02-at-21.35.47-768x512.webp 768w, https:\/\/esreviral.com\/wp-content\/uploads\/2023\/10\/WhatsApp-Image-2023-10-02-at-21.35.47-1536x1024.webp 1536w, https:\/\/esreviral.com\/wp-content\/uploads\/2023\/10\/WhatsApp-Image-2023-10-02-at-21.35.47-2048x1366.webp 2048w, https:\/\/esreviral.com\/wp-content\/uploads\/2023\/10\/WhatsApp-Image-2023-10-02-at-21.35.47-750x500.webp 750w, https:\/\/esreviral.com\/wp-content\/uploads\/2023\/10\/WhatsApp-Image-2023-10-02-at-21.35.47-1140x760.webp 1140w\" sizes=\"(max-width: 1024px) 100vw, 1024px\" \/><\/figure>\n\n\n\n<p>Desorden P\u00fablico cerrar\u00e1 su gira en Buenos Aires, ya que <strong>previamente se presentar\u00e1 en Chile y Uruguay los d\u00edas 08 y 09 de diciembre, respectivamente. <\/strong><\/p>\n\n\n\n<p>As\u00ed que si t\u00fa quieres ser parte de esta aventura, est\u00e1 pendiente de las publicaciones de <strong><em>Es Re Viral<\/em><\/strong>, donde te contaremos todos los detalles de Desorden P\u00fablico en Argentina.  <\/p>\n","protected":false},"excerpt":{"rendered":"<p>Carlos Iv\u00e1n Su\u00e1rez.- Como parte de la celebraci\u00f3n por los 38 a\u00f1os de carrera art\u00edstica, la agrupaci\u00f3n venezolana Desorden P\u00fablico, iniciar\u00e1 pr\u00f3ximamente una gran gira por toda Sudam\u00e9rica en la que incluir\u00e1 a Buenos Aires para reencontrarse con sus fan\u00e1ticos. Horacio Blanco, Jos\u00e9 Luis Chac\u00edn y toda la banda llegar\u00e1n a la ciudad de la [&hellip;]<\/p>\n","protected":false},"author":2,"featured_media":43305,"comment_status":"open","ping_status":"closed","sticky":false,"template":"","format":"standard","meta":{"jnews-multi-image_gallery":[],"jnews_single_post":{"subtitle":"","format":"standard","video":"","gallery":"","source_name":"","source_url":"","via_name":"","via_url":"","override_template":"0","override":[{"template":"4","single_blog_custom":"","parallax":"1","fullscreen":"1","layout":"right-sidebar","sidebar":"default-sidebar","second_sidebar":"default-sidebar","sticky_sidebar":"1","share_position":"top","share_float_style":"share-monocrhome","show_share_counter":"1","show_view_counter":"1","show_featured":"1","show_post_meta":"1","show_post_author":"1","show_post_author_image":"1","show_post_date":"1","post_date_format":"default","post_date_format_custom":"Y\/m\/d","show_post_category":"1","show_post_reading_time":"1","post_reading_time_wpm":"300","show_zoom_button":"1","zoom_button_out_step":"2","zoom_button_in_step":"3","show_post_tag":"1","show_prev_next_post":"1","show_popup_post":"1","number_popup_post":"1","show_author_box":"1","show_post_related":"1","show_inline_post_related":"0"}],"override_image_size":"0","image_override":[{"single_post_thumbnail_size":"crop-500","single_post_gallery_size":"crop-500"}],"trending_post":"0","trending_post_position":"meta","trending_post_label":"Trending","sponsored_post":"0","sponsored_post_label":"Sponsored by","sponsored_post_name":"","sponsored_post_url":"","sponsored_post_logo_enable":"0","sponsored_post_logo":"","sponsored_post_desc":"","disable_ad":"0"},"jnews_primary_category":{"id":"","hide":""},"jnews_social_meta":{"fb_title":"","fb_description":"","fb_image":"","twitter_title":"","twitter_description":"","twitter_image":""},"jnews_review":[],"enable_review":"0","type":"percentage","name":"","summary":"","brand":"","sku":"","good":[{"good_text":""}],"bad":[{"bad_text":""}],"score_override":"","override_value":"","rating":[{"rating_text":"","rating_number":"10"}],"price":[{"shop":"","price":"","link":"","icon":""}],"jnews_override_counter":{"override_view_counter":"0","view_counter_number":"0","override_share_counter":"0","share_counter_number":"0","override_like_counter":"0","like_counter_number":"0","override_dislike_counter":"0","dislike_counter_number":"0"},"jnews_post_split":{"enable_post_split":"0","post_split":[{"template":"1","tag":"h2","numbering":"asc","mode":"normal","first":"0","enable_toc":"0","toc_type":"normal"}]},"footnotes":""},"categories":[1142,5892],"tags":[44,1345,45,12449,67],"class_list":["post-43304","post","type-post","status-publish","format-standard","has-post-thumbnail","hentry","category-musica","category-venezolanos-en-argentina","tag-argentina","tag-desorden-publico","tag-noticias","tag-ska","tag-venezolanos-en-argentina"],"_links":{"self":[{"href":"https:\/\/esreviral.com\/index.php?rest_route=\/wp\/v2\/posts\/43304","targetHints":{"allow":["GET"]}}],"collection":[{"href":"https:\/\/esreviral.com\/index.php?rest_route=\/wp\/v2\/posts"}],"about":[{"href":"https:\/\/esreviral.com\/index.php?rest_route=\/wp\/v2\/types\/post"}],"author":[{"embeddable":true,"href":"https:\/\/esreviral.com\/index.php?rest_route=\/wp\/v2\/users\/2"}],"replies":[{"embeddable":true,"href":"https:\/\/esreviral.com\/index.php?rest_route=%2Fwp%2Fv2%2Fcomments&post=43304"}],"version-history":[{"count":0,"href":"https:\/\/esreviral.com\/index.php?rest_route=\/wp\/v2\/posts\/43304\/revisions"}],"wp:featuredmedia":[{"embeddable":true,"href":"https:\/\/esreviral.com\/index.php?rest_route=\/wp\/v2\/media\/43305"}],"wp:attachment":[{"href":"https:\/\/esreviral.com\/index.php?rest_route=%2Fwp%2Fv2%2Fmedia&parent=43304"}],"wp:term":[{"taxonomy":"category","embeddable":true,"href":"https:\/\/esreviral.com\/index.php?rest_route=%2Fwp%2Fv2%2Fcategories&post=43304"},{"taxonomy":"post_tag","embeddable":true,"href":"https:\/\/esreviral.com\/index.php?rest_route=%2Fwp%2Fv2%2Ftags&post=43304"}],"curies":[{"name":"wp","href":"https:\/\/api.w.org\/{rel}","templated":true}]}}