{"id":4330,"date":"2021-02-23T15:52:20","date_gmt":"2021-02-23T18:52:20","guid":{"rendered":"http:\/\/esreviral.com\/?p=4330"},"modified":"2021-02-23T15:52:20","modified_gmt":"2021-02-23T18:52:20","slug":"fernandez-califico-de-payasada-las-denuncias-contra-gonzalez-garcia-y-justifico-la-vacunacion-de-funcionarios","status":"publish","type":"post","link":"https:\/\/esreviral.com\/?p=4330","title":{"rendered":"Fern\u00e1ndez calific\u00f3 de \u00abpayasada\u00bb las denuncias contra Gonz\u00e1lez Garc\u00eda y justific\u00f3 la vacunaci\u00f3n de funcionarios"},"content":{"rendered":"\n<p>El presidente Alberto Fern\u00e1ndez consider\u00f3 que son una \u00abpayasada\u00bb las denuncias penales contra el exministro de Salud, Gin\u00e9s Gonz\u00e1lez Garc\u00eda, por las anomal\u00edas detectadas en el proceso de vacunaci\u00f3n contra el coronavirus, a las que calific\u00f3 como \u00abuna falta grave\u00bb.<\/p>\n\n\n\n<p><strong>\u00abDetesto los privilegios; no los ejerzo ni me valgo de ellos; no soporto que eso ocurra\u00bb<\/strong>, asever\u00f3 el mandatario en una conferencia de prensa que ofreci\u00f3 en M\u00e9xico junto a su par de ese pa\u00eds, Andr\u00e9s L\u00f3pez Obrador, tras la reuni\u00f3n que ambos mantuvieron en el Palacio Nacional, sede del Ejecutivo de ese pa\u00eds.<\/p>\n\n\n\n<p>El mandatario dijo que le pareci\u00f3 \u201crazonable\u201d que se vacunaran el senador Jorge Taiana, el diputado Eduardo Vald\u00e9s, y el ministro de Econom\u00eda Mart\u00edn Guzm\u00e1n junto con su equipo, porque deb\u00edan viajar al exterior para cumplir tareas en representaci\u00f3n del pa\u00eds, pese a que finalmente Taiana y Vald\u00e9s no formaron parte de la comitiva.<\/p>\n\n\n\n<p>Fern\u00e1ndez aclar\u00f3 que, cuando \u00e9l se aplic\u00f3 la vacuna contra el coronavirus, lo hizo \u00abpara convocar a la confianza ciudadana ante la campa\u00f1a despiadada que hizo la oposici\u00f3n para hacerle sentir a la poblaci\u00f3n que la Sputnik V era veneno\u00bb.<\/p>\n\n\n\n<figure class=\"wp-block-image size-large\"><img decoding=\"async\" src=\"http:\/\/esreviral.com\/wp-content\/uploads\/2021\/02\/ECO_0428-1024x683.jpg\" alt=\"\" class=\"wp-image-4331\"\/><\/figure>\n\n\n\n<p>Al respecto, el mandatario asegur\u00f3 que \u00abhasta lo denunciaron\u00bb por \u00abestar distribuyendo veneno y ahora resulta que los que denunciaron piden que por favor se les d\u00e9 el veneno a ellos y que consiga m\u00e1s\u00bb.<\/p>\n\n\n\n<p>\u00abEl tema de las vacunas es muy sensible y debemos tratarlo con mucha seriedad porque el riesgo es que lo terminemos politizando\u00bb, indic\u00f3.<\/p>\n\n\n\n<p>Consultado sobre las irregularidades que derivaron en la salida de Gonz\u00e1lez Garc\u00eda del Ministerio de Salud, Fern\u00e1ndez se\u00f1al\u00f3 que \u00abel hecho es lo suficientemente grave como para que un ministro de esa talla haya debido dejar su cargo\u00bb, pero apunt\u00f3:&nbsp;<strong>\u00abTerminemos con la payasada; le pido a los jueces y fiscales que hagan lo que deben\u00bb<\/strong>.<\/p>\n\n\n\n<p>El mandatario enfatiz\u00f3 que&nbsp;<strong>\u00abno hay ning\u00fan tipo penal en la Argentina que diga &#8216;ser\u00e1 castigado el que vacune a otro que se adelant\u00f3 en la fila'\u00bb<\/strong>. \u00abNo existe ese delito y no se pueden construir delitos graciosamente\u00bb, complet\u00f3 Fern\u00e1ndez.<\/p>\n\n\n\n<p>Record\u00f3 que la Justicia tiene \u00abmuchos delitos para investigar, como el negocio de los peajes de (Mauricio) Macri, y el terrible y lamentable endeudamiento que la Argentina vivi\u00f3 que fue un negocio para los amigos del poder\u00bb.<\/p>\n\n\n\n<blockquote class=\"wp-block-quote td_quote_box td_box_center is-layout-flow wp-block-quote-is-layout-flow\"><p>\u00abEl tema de las vacunas es muy sensible y debemos tratarlo con mucha seriedad porque el riesgo es que lo terminemos politizando\u00bbALBERTO FERN\u00c1NDEZ<\/p><\/blockquote>\n\n\n\n<p class=\"has-text-align-right\"><strong>Telam.-<\/strong><\/p>\n","protected":false},"excerpt":{"rendered":"<p>Para el Presidente es \u201crazonable\u201d que se vacunaran Taiana, Vald\u00e9s y Guzm\u00e1n con su equipo, porque deb\u00edan viajar para representar al pa\u00eds en el exterior.<\/p>\n","protected":false},"author":2,"featured_media":4332,"comment_status":"open","ping_status":"open","sticky":false,"template":"","format":"standard","meta":{"jnews-multi-image_gallery":[],"jnews_single_post":[],"jnews_primary_category":[],"jnews_social_meta":[],"jnews_review":[],"enable_review":"","type":"","name":"","summary":"","brand":"","sku":"","good":[],"bad":[],"score_override":"","override_value":"","rating":[],"price":[],"jnews_override_counter":[],"jnews_post_split":[],"footnotes":""},"categories":[58,59],"tags":[86,44,77,189],"class_list":["post-4330","post","type-post","status-publish","format-standard","has-post-thumbnail","hentry","category-argentina","category-politica","tag-alberto-fernandez","tag-argentina","tag-coronavirus","tag-vacuna"],"amp_enabled":true,"_links":{"self":[{"href":"https:\/\/esreviral.com\/index.php?rest_route=\/wp\/v2\/posts\/4330"}],"collection":[{"href":"https:\/\/esreviral.com\/index.php?rest_route=\/wp\/v2\/posts"}],"about":[{"href":"https:\/\/esreviral.com\/index.php?rest_route=\/wp\/v2\/types\/post"}],"author":[{"embeddable":true,"href":"https:\/\/esreviral.com\/index.php?rest_route=\/wp\/v2\/users\/2"}],"replies":[{"embeddable":true,"href":"https:\/\/esreviral.com\/index.php?rest_route=%2Fwp%2Fv2%2Fcomments&post=4330"}],"version-history":[{"count":0,"href":"https:\/\/esreviral.com\/index.php?rest_route=\/wp\/v2\/posts\/4330\/revisions"}],"wp:featuredmedia":[{"embeddable":true,"href":"https:\/\/esreviral.com\/index.php?rest_route=\/"}],"wp:attachment":[{"href":"https:\/\/esreviral.com\/index.php?rest_route=%2Fwp%2Fv2%2Fmedia&parent=4330"}],"wp:term":[{"taxonomy":"category","embeddable":true,"href":"https:\/\/esreviral.com\/index.php?rest_route=%2Fwp%2Fv2%2Fcategories&post=4330"},{"taxonomy":"post_tag","embeddable":true,"href":"https:\/\/esreviral.com\/index.php?rest_route=%2Fwp%2Fv2%2Ftags&post=4330"}],"curies":[{"name":"wp","href":"https:\/\/api.w.org\/{rel}","templated":true}]}}