{"id":43299,"date":"2023-10-03T09:32:03","date_gmt":"2023-10-03T14:32:03","guid":{"rendered":"https:\/\/esreviral.com\/?p=43299"},"modified":"2023-10-03T17:33:46","modified_gmt":"2023-10-03T22:33:46","slug":"envideo-asi-le-quitaron-la-propaganda-en-lomas-de-zamora-al-politico-que-se-gasto-millones-de-dolares-en-espana","status":"publish","type":"post","link":"https:\/\/esreviral.com\/?p=43299","title":{"rendered":"#ENVIDEO As\u00ed le quitaron la propaganda en Lomas de Zamora, al pol\u00edtico que se gast\u00f3 millones de d\u00f3lares en Espa\u00f1a"},"content":{"rendered":"\n<p>Casi inmediatamente despu\u00e9s que Mart\u00edn Insaurralde&nbsp;anunciara que tambi\u00e9n renunciaba a su&nbsp;candidatura&nbsp;a concejal en Lomas de Zamora hasta la carteler\u00eda p\u00fablica fuera sacada de la calle.<\/p>\n\n\n\n<p><strong>En las \u00faltimas horas, se viraliz\u00f3 un video en el centro de Lomas de Zamora donde se ve c\u00f3mo tiran abajo&nbsp;un gran afiche p\u00fablico con la imagen de&nbsp;Insaurralde&nbsp;y la de Federico Oterm\u00edn, candidato a intendente del municipio del sur del conurbano.<\/strong><\/p>\n\n\n\n<p>La imagen fue tomada desde la plaza Grigera, la principal del centro de Lomas de Zamora. <\/p>\n\n\n\n<p>En el video compartido por medios argentinos se ve como la agencia de publicidad sac\u00f3 el afiche de propaganda pol\u00edtico y lo dej\u00f3 vac\u00edo a la espera de un nuevo anunciante.<\/p>\n\n\n\n<figure class=\"wp-block-embed is-type-video is-provider-youtube wp-block-embed-youtube wp-embed-aspect-16-9 wp-has-aspect-ratio\"><div class=\"wp-block-embed__wrapper\">\n<div class=\"jeg_video_container jeg_video_content\"><iframe title=\"Tras el esc\u00e1ndalo, as\u00ed bajan los carteles de Mart\u00edn Insaurralde para concejal de Lomas de Zamora\" width=\"500\" height=\"281\" src=\"https:\/\/www.youtube.com\/embed\/j-1Oe92NqKM?feature=oembed\" frameborder=\"0\" allow=\"accelerometer; autoplay; clipboard-write; encrypted-media; gyroscope; picture-in-picture; web-share\" referrerpolicy=\"strict-origin-when-cross-origin\" allowfullscreen><\/iframe><\/div>\n<\/div><\/figure>\n\n\n\n<p>Hay que destacar que Insaurralde es un pol\u00edtico argentino, miembro de Uni\u00f3n por la Patria, anteriormente Frente de Todos. Se desempe\u00f1\u00f3 como jefe de Gabinete de Ministros del gobernador de la provincia de Buenos Aires Axel Kicillof entre 2021 hasta el momento del esc\u00e1ndalo en 2023 cuando renunci\u00f3, <strong>la renuncia fue aceptada de inmediato por Kicillof<\/strong>, quien oficializ\u00f3 r\u00e1pidamente su decisi\u00f3n a trav\u00e9s del decreto 1815, que tambi\u00e9n lleva la firma del ministro de Hacienda y Finanzas Pablo L\u00f3pez.<\/p>\n\n\n\n<h2 class=\"wp-block-heading\"><strong><em>Lee tambi\u00e9n: <a href=\"https:\/\/esreviral.com\/el-gran-escandalo-que-hace-temblar-la-gobernacion-de-la-provincia-de-buenos-aires\/\" data-type=\"post\" data-id=\"43247\">El gran esc\u00e1ndalo que hace temblar la gobernaci\u00f3n de la provincia de Buenos Aires<\/a><\/em><\/strong><\/h2>\n\n\n\n<p><strong><em>Con informaci\u00f3n de La Naci\u00f3n<\/em><\/strong><\/p>\n","protected":false},"excerpt":{"rendered":"<p>Casi inmediatamente despu\u00e9s que Mart\u00edn Insaurralde&nbsp;anunciara que tambi\u00e9n renunciaba a su&nbsp;candidatura&nbsp;a concejal en Lomas de Zamora hasta la carteler\u00eda p\u00fablica fuera sacada de la calle. En las \u00faltimas horas, se viraliz\u00f3 un video en el centro de Lomas de Zamora donde se ve c\u00f3mo tiran abajo&nbsp;un gran afiche p\u00fablico con la imagen de&nbsp;Insaurralde&nbsp;y la de [&hellip;]<\/p>\n","protected":false},"author":5,"featured_media":43301,"comment_status":"open","ping_status":"closed","sticky":false,"template":"","format":"standard","meta":{"jnews-multi-image_gallery":[],"jnews_single_post":{"subtitle":"","format":"standard","video":"","gallery":"","source_name":"","source_url":"","via_name":"","via_url":"","override_template":"0","override":[{"template":"4","single_blog_custom":"","parallax":"1","fullscreen":"1","layout":"right-sidebar","sidebar":"default-sidebar","second_sidebar":"default-sidebar","sticky_sidebar":"1","share_position":"top","share_float_style":"share-monocrhome","show_share_counter":"1","show_view_counter":"1","show_featured":"1","show_post_meta":"1","show_post_author":"1","show_post_author_image":"1","show_post_date":"1","post_date_format":"default","post_date_format_custom":"Y\/m\/d","show_post_category":"1","show_post_reading_time":"1","post_reading_time_wpm":"300","show_zoom_button":"1","zoom_button_out_step":"2","zoom_button_in_step":"3","show_post_tag":"1","show_prev_next_post":"1","show_popup_post":"1","number_popup_post":"1","show_author_box":"1","show_post_related":"1","show_inline_post_related":"0"}],"override_image_size":"0","image_override":[{"single_post_thumbnail_size":"crop-500","single_post_gallery_size":"crop-500"}],"trending_post":"0","trending_post_position":"meta","trending_post_label":"Trending","sponsored_post":"0","sponsored_post_label":"Sponsored by","sponsored_post_name":"","sponsored_post_url":"","sponsored_post_logo_enable":"0","sponsored_post_logo":"","sponsored_post_desc":"","disable_ad":"0"},"jnews_primary_category":{"id":"","hide":""},"jnews_social_meta":{"fb_title":"","fb_description":"","fb_image":"","twitter_title":"","twitter_description":"","twitter_image":""},"jnews_review":[],"enable_review":"0","type":"percentage","name":"","summary":"","brand":"","sku":"","good":[{"good_text":""}],"bad":[{"bad_text":""}],"score_override":"","override_value":"","rating":[{"rating_text":"","rating_number":"10"}],"price":[{"shop":"","price":"","link":"","icon":""}],"jnews_override_counter":{"override_view_counter":"0","view_counter_number":"0","override_share_counter":"0","share_counter_number":"0","override_like_counter":"0","like_counter_number":"0","override_dislike_counter":"0","dislike_counter_number":"0"},"jnews_post_split":{"enable_post_split":"0","post_split":[{"template":"1","tag":"h2","numbering":"asc","mode":"normal","first":"0","enable_toc":"0","toc_type":"normal"}]},"footnotes":""},"categories":[58,59],"tags":[148,12435],"class_list":["post-43299","post","type-post","status-publish","format-standard","has-post-thumbnail","hentry","category-argentina","category-politica","tag-espana","tag-martin-insaurralde"],"amp_enabled":true,"_links":{"self":[{"href":"https:\/\/esreviral.com\/index.php?rest_route=\/wp\/v2\/posts\/43299"}],"collection":[{"href":"https:\/\/esreviral.com\/index.php?rest_route=\/wp\/v2\/posts"}],"about":[{"href":"https:\/\/esreviral.com\/index.php?rest_route=\/wp\/v2\/types\/post"}],"author":[{"embeddable":true,"href":"https:\/\/esreviral.com\/index.php?rest_route=\/wp\/v2\/users\/5"}],"replies":[{"embeddable":true,"href":"https:\/\/esreviral.com\/index.php?rest_route=%2Fwp%2Fv2%2Fcomments&post=43299"}],"version-history":[{"count":0,"href":"https:\/\/esreviral.com\/index.php?rest_route=\/wp\/v2\/posts\/43299\/revisions"}],"wp:featuredmedia":[{"embeddable":true,"href":"https:\/\/esreviral.com\/index.php?rest_route=\/wp\/v2\/media\/43301"}],"wp:attachment":[{"href":"https:\/\/esreviral.com\/index.php?rest_route=%2Fwp%2Fv2%2Fmedia&parent=43299"}],"wp:term":[{"taxonomy":"category","embeddable":true,"href":"https:\/\/esreviral.com\/index.php?rest_route=%2Fwp%2Fv2%2Fcategories&post=43299"},{"taxonomy":"post_tag","embeddable":true,"href":"https:\/\/esreviral.com\/index.php?rest_route=%2Fwp%2Fv2%2Ftags&post=43299"}],"curies":[{"name":"wp","href":"https:\/\/api.w.org\/{rel}","templated":true}]}}