{"id":43192,"date":"2023-10-01T10:39:39","date_gmt":"2023-10-01T15:39:39","guid":{"rendered":"https:\/\/esreviral.com\/?p=43192"},"modified":"2023-10-01T10:39:40","modified_gmt":"2023-10-01T15:39:40","slug":"presbicia-el-mal-del-ojo-viejo-que-aparece-despues-de-los-40","status":"publish","type":"post","link":"https:\/\/esreviral.com\/?p=43192","title":{"rendered":"Presbicia, el mal del \u201cojo viejo\u201d que aparece despu\u00e9s de los 40"},"content":{"rendered":"\n<p>El gesto de alguien<strong> alejando una hoja para poder \u201cenfocar\u201d y leer mejor, <\/strong>algo tan frecuente entre los adultos, es improbable durante la infancia. Se trata de una reacci\u00f3n casi natural ante los s\u00edntomas de la presbicia, una enfermedad que empieza a manifestarse a partir de la mediana edad.<\/p>\n\n\n\n<p>\u201cSolo se padece presbicia en caso de que la persona ya <strong>haya cumplido, al menos, 40 a\u00f1os de edad.<\/strong> De hecho, presbicia proviene del idioma griego y significa \u2018ojo viejo\u2019. Marca un antes y despu\u00e9s en todas las personas, incluso en aquellas que contaban con una excelente salud visual y que posiblemente nunca hab\u00edan visitado a un m\u00e9dico especialista\u201d, explica a Clar\u00edn el oftalm\u00f3logo Germ\u00e1n Bianchi.<\/p>\n\n\n\n<p>Una vez que la presbicia entra en sus vidas<strong> \u201cse sienten discapacitadas, cuando notan la dificultad para leer el men\u00fa de un restaurante o un mensaje en el celular\u201d, <\/strong>suma el especialista, jefe de Trasplante de C\u00f3rnea en Cl\u00ednica Nano.<\/p>\n\n\n\n<p>Los ojos tienen dos lentes de aumento, una externa (que es la c\u00f3rnea) y una interna (el cristalino). \u201cCon el paso de los a\u00f1os, el cristalino va perdiendo la capacidad de cambiar su forma y tambi\u00e9n para enfocar un objeto cercano. Inicialmente, esta merma se compensa de manera espont\u00e1nea estirando los brazos para alejar el objeto deseado\u201d, grafica Bianchi.<\/p>\n\n\n\n<p>Por lo tanto, la presbicia es un desgaste en el sistema de enfoque ocular, que hace que los ojos disminuyan la acomodaci\u00f3n visual. As\u00ed se ven bien objetos lejanos, pero se pierde la posibilidad de hacerlo de cerca y con nitidez.<\/p>\n\n\n\n<p>El problema avanza, dice Bianchi. \u201cLo que antes se observaba n\u00edtidamente al instante requiere un tiempo de latencia cada vez mayor hasta lograr el foco. Hasta que llega un momento en el que ya no hay forma de ver con nitidez objetos cercanos. Tambi\u00e9n sucede que la visi\u00f3n cercana se hace muy dependiente de la iluminaci\u00f3n y del nivel de cansancio\u201d.<\/p>\n\n\n\n<p><strong><mark style=\"background-color:rgba(0, 0, 0, 0)\" class=\"has-inline-color has-vivid-red-color\">\u00bfQu\u00e9 \u201cs\u00edntomas\u201d pueden ayudarnos a identificar el inicio de la presbicia?<\/mark><\/strong><\/p>\n\n\n\n<p>Se puede notar que, poco a poco, <strong>hay que alejar las cosas para poder leerlas<\/strong>. O, tambi\u00e9n, que se necesita <strong>apartar el celular para chequear un mensaje<\/strong>. Se frunce el ce\u00f1o, se fuerza la mirada al no poder ver de primera vez lo que antes era habitual. Hay que concentrarse para ver de cerca algo, cosa que antes no ocurr\u00eda. Suele suceder que en el supermercado hay que mover un producto para ver la informaci\u00f3n nutricional de un alimento, como buscando que le d\u00e9 mejor luz o, finalmente, se busca ayuda en alg\u00fan acompa\u00f1ante. Hay m\u00e1s ejemplos, pero se puede generar vivenciar con diferentes niveles de preocupaci\u00f3n el hecho de no poder bien de cerca. Mientras no haya una consulta con el especialista, est\u00e1 el miedo de padecer alguna enfermedad que haga perder la vista. Sin embargo, la mayor\u00eda de las veces, solo se trata de presbicia.<\/p>\n\n\n\n<p><strong><mark style=\"background-color:rgba(0, 0, 0, 0)\" class=\"has-inline-color has-vivid-red-color\">\u00bfEs un problema grave?<\/mark><\/strong><\/p>\n\n\n\n<p>No es serio ni grave. Es algo normal, que todos tendr\u00e1n luego de cumplir los 40 a\u00f1os.<\/p>\n\n\n\n<p>Durante la pandemia de Covid19, de hecho, se registr\u00f3 un incremento, a ra\u00edz de que la visi\u00f3n cercana se utiliz\u00f3 m\u00e1s que antes, eso increment\u00f3 el cansancio del m\u00fasculo ciliar y disminuy\u00f3 su capacidad para enfocar im\u00e1genes cercanas. Por eso aument\u00f3 la cantidad de personas que rondan los 40 a\u00f1os de edad que tuvieron que acudir a anteojos para ver de cerca. La miop\u00eda es una afecci\u00f3n frecuente de la visi\u00f3n en la que los objetos cercanos se ven claros y los objetos lejanos se ven borrosos.<\/p>\n\n\n\n<p><strong><mark style=\"background-color:rgba(0, 0, 0, 0)\" class=\"has-inline-color has-vivid-red-color\">\u00bfQu\u00e9 ocurre con las personas que padecen miop\u00eda?<\/mark><\/strong><\/p>\n\n\n\n<p>En las personas que padecen problemas visuales previos, como la miop\u00eda, lo que ocurre es el hecho contrario: para leer, mientras antes pod\u00edan hacerlo utilizando anteojos (o lentes de contacto), luego de los 40 a\u00f1os en adelante, en muchas situaciones se deben quitar los anteojos para ver de cerca. Tener presbicia no significa que se est\u00e1 perdiendo la vista o quedar ciego sino que es un desgaste de la visi\u00f3n asociado con la edad, como si se tratara de canas o de arrugas. Generalmente, este fen\u00f3meno comienza a manifestarse a partir de los 40 a\u00f1os, se agudiza a los 50 a\u00f1os y sigue progresando hasta los 60 a\u00f1os aproximadamente, cuando el proceso se detiene.<\/p>\n\n\n\n<p><strong><mark style=\"background-color:rgba(0, 0, 0, 0)\" class=\"has-inline-color has-vivid-red-color\">\u00bfC\u00f3mo se corrige la presbicia?<\/mark><\/strong><\/p>\n\n\n\n<p>Es indispensable la consulta al oftalm\u00f3logo, para que verifique y compruebe que se trata de presbicia. En esa consulta, adem\u00e1s, se aprovecha para realizar el control completo y confirmar que los ojos est\u00e9n bien. Asimismo, el especialista tiene la potestad profesional para confeccionar una receta de anteojos, que deber\u00e1n ser realizados por un \u00f3ptico en un local autorizado (una \u00f3ptica) y no comprarlos en el kiosco o en la calle.<\/p>\n\n\n\n<p><strong><mark style=\"background-color:rgba(0, 0, 0, 0)\" class=\"has-inline-color has-vivid-red-color\">\u00bfEntonces no sirven los anteojos de lectura pregraduados?<\/mark><\/strong><\/p>\n\n\n\n<p>Para poder superar el problema hay varias opciones terap\u00e9uticas.<\/p>\n\n\n\n<p>El paciente no siempre precisa el mismo aumento para ambos ojos porque no son iguales y es el m\u00e9dico el que se ocupar\u00e1 de verificar el correcto aumento que corresponde para cada uno. De lo contrario habr\u00e1 un ojo que, tal vez, est\u00e9 viendo de manera incorrecta y que la visi\u00f3n binocular casi no lo note, salvo por la presencia de muy molestos s\u00edntomas asociados, como cefaleas o contracturas cervicales. La presbicia se modifica ligeramente todos los d\u00edas, con el envejecimiento, pero eso no significa que haya que cambiar el aumento frecuentemente. Se estima que cada dos o tres a\u00f1os es lo m\u00e1s usual.<\/p>\n\n\n\n<p><strong><mark style=\"background-color:rgba(0, 0, 0, 0)\" class=\"has-inline-color has-vivid-red-color\">\u00bfEs operable la presbicia?<\/mark><\/strong><\/p>\n\n\n\n<p>Si no se desea recurrir a los anteojos existen muchas opciones terap\u00e9uticas, desde lentes de contacto multifocales, el tratamiento farmacol\u00f3gico con gotas, la <strong>cirug\u00eda refractiva con l\u00e1ser y las cirug\u00edas con lentes intraoculares<\/strong> que se colocan delante del cristalino o, a veces, con lentes que, directamente, lo reemplazan. Esas opciones pueden permitir, adem\u00e1s, la correcci\u00f3n de otros defectos detectados en la visi\u00f3n (en el caso de que los hubiese), como, por ejemplo, el astigmatismo y la miop\u00eda o las cataratas (en las que aparece una alteraci\u00f3n estructural del cristalino).<\/p>\n\n\n\n<p>Recuerda que en el <a href=\"https:\/\/www.instagram.com\/centromasalud\/\">Centro M\u00e1s Salud,<\/a> cuentan con una serie de especialistas m\u00e9dicos que te pueden ayudar con esta y otras patolog\u00edas. <\/p>\n\n\n\n<p class=\"has-text-align-right\"><strong><em>Clar\u00edn.-<\/em><\/strong><\/p>\n","protected":false},"excerpt":{"rendered":"<p>El gesto de alguien alejando una hoja para poder \u201cenfocar\u201d y leer mejor, algo tan frecuente entre los adultos, es improbable durante la infancia. Se trata de una reacci\u00f3n casi natural ante los s\u00edntomas de la presbicia, una enfermedad que empieza a manifestarse a partir de la mediana edad. \u201cSolo se padece presbicia en caso [&hellip;]<\/p>\n","protected":false},"author":2,"featured_media":43193,"comment_status":"open","ping_status":"closed","sticky":false,"template":"","format":"standard","meta":{"jnews-multi-image_gallery":[],"jnews_single_post":{"subtitle":"","format":"standard","video":"","gallery":"","source_name":"","source_url":"","via_name":"","via_url":"","override_template":"0","override":[{"template":"4","single_blog_custom":"","parallax":"1","fullscreen":"1","layout":"right-sidebar","sidebar":"default-sidebar","second_sidebar":"default-sidebar","sticky_sidebar":"1","share_position":"top","share_float_style":"share-monocrhome","show_share_counter":"1","show_view_counter":"1","show_featured":"1","show_post_meta":"1","show_post_author":"1","show_post_author_image":"1","show_post_date":"1","post_date_format":"default","post_date_format_custom":"Y\/m\/d","show_post_category":"1","show_post_reading_time":"1","post_reading_time_wpm":"300","show_zoom_button":"1","zoom_button_out_step":"2","zoom_button_in_step":"3","show_post_tag":"1","show_prev_next_post":"1","show_popup_post":"1","number_popup_post":"1","show_author_box":"1","show_post_related":"1","show_inline_post_related":"0"}],"override_image_size":"0","image_override":[{"single_post_thumbnail_size":"crop-500","single_post_gallery_size":"crop-500"}],"trending_post":"0","trending_post_position":"meta","trending_post_label":"Trending","sponsored_post":"0","sponsored_post_label":"Sponsored by","sponsored_post_name":"","sponsored_post_url":"","sponsored_post_logo_enable":"0","sponsored_post_logo":"","sponsored_post_desc":"","disable_ad":"0"},"jnews_primary_category":{"id":"","hide":""},"jnews_social_meta":{"fb_title":"","fb_description":"","fb_image":"","twitter_title":"","twitter_description":"","twitter_image":""},"jnews_review":[],"enable_review":"0","type":"percentage","name":"","summary":"","brand":"","sku":"","good":[{"good_text":""}],"bad":[{"bad_text":""}],"score_override":"","override_value":"","rating":[{"rating_text":"","rating_number":"10"}],"price":[{"shop":"","price":"","link":"","icon":""}],"jnews_override_counter":{"override_view_counter":"0","view_counter_number":"0","override_share_counter":"0","share_counter_number":"0","override_like_counter":"0","like_counter_number":"0","override_dislike_counter":"0","dislike_counter_number":"0"},"jnews_post_split":{"enable_post_split":"0","post_split":[{"template":"1","tag":"h2","numbering":"asc","mode":"normal","first":"0","enable_toc":"0","toc_type":"normal"}]},"footnotes":""},"categories":[84],"tags":[7041,45,12423,67],"class_list":["post-43192","post","type-post","status-publish","format-standard","has-post-thumbnail","hentry","category-salud","tag-centro-mas-salud-2","tag-noticias","tag-presbicia","tag-venezolanos-en-argentina"],"amp_enabled":true,"_links":{"self":[{"href":"https:\/\/esreviral.com\/index.php?rest_route=\/wp\/v2\/posts\/43192"}],"collection":[{"href":"https:\/\/esreviral.com\/index.php?rest_route=\/wp\/v2\/posts"}],"about":[{"href":"https:\/\/esreviral.com\/index.php?rest_route=\/wp\/v2\/types\/post"}],"author":[{"embeddable":true,"href":"https:\/\/esreviral.com\/index.php?rest_route=\/wp\/v2\/users\/2"}],"replies":[{"embeddable":true,"href":"https:\/\/esreviral.com\/index.php?rest_route=%2Fwp%2Fv2%2Fcomments&post=43192"}],"version-history":[{"count":0,"href":"https:\/\/esreviral.com\/index.php?rest_route=\/wp\/v2\/posts\/43192\/revisions"}],"wp:featuredmedia":[{"embeddable":true,"href":"https:\/\/esreviral.com\/index.php?rest_route=\/wp\/v2\/media\/43193"}],"wp:attachment":[{"href":"https:\/\/esreviral.com\/index.php?rest_route=%2Fwp%2Fv2%2Fmedia&parent=43192"}],"wp:term":[{"taxonomy":"category","embeddable":true,"href":"https:\/\/esreviral.com\/index.php?rest_route=%2Fwp%2Fv2%2Fcategories&post=43192"},{"taxonomy":"post_tag","embeddable":true,"href":"https:\/\/esreviral.com\/index.php?rest_route=%2Fwp%2Fv2%2Ftags&post=43192"}],"curies":[{"name":"wp","href":"https:\/\/api.w.org\/{rel}","templated":true}]}}