{"id":43045,"date":"2023-09-27T14:42:23","date_gmt":"2023-09-27T19:42:23","guid":{"rendered":"https:\/\/esreviral.com\/?p=43045"},"modified":"2023-09-27T14:42:24","modified_gmt":"2023-09-27T19:42:24","slug":"larreta-inauguro-la-nueva-comisaria-comunal-n-3-no-somos-complices-de-la-delincuencia","status":"publish","type":"post","link":"https:\/\/esreviral.com\/?p=43045","title":{"rendered":"Larreta inaugur\u00f3 la nueva Comisar\u00eda Comunal N\u00b0 3: \u201cNo somos c\u00f3mplices de la delincuencia"},"content":{"rendered":"\n<p>Horacio Rodr\u00edguez Larreta inaugur\u00f3 la nueva Comisar\u00eda Comunal N\u00b0 3 y afirm\u00f3 que la Ciudad continuar\u00e1 sumando tecnolog\u00eda y formando agentes para sacar m\u00e1s polic\u00edas a la calle. \u201cNo somos c\u00f3mplices de la delincuencia, vamos a llevar a los chorros y a los asesinos a la c\u00e1rcel, que es donde tienen que estar\u201d, sostuvo el Jefe de Gobierno.<\/p>\n\n\n\n<p>Sobre la ampliaci\u00f3n y remodelaci\u00f3n de la nueva comisar\u00eda, ubicada en Venezuela 129, Balvanera, el Jefe de Gobierno destac\u00f3 que \u201ces parte del proceso que apunta a mejorar la presencia policial en cada barrio y, sobre todo, la capacidad de respuesta ante cualquier incidente que sufran los porte\u00f1os o quienes visitan la Ciudad\u201d.<\/p>\n\n\n\n<p>Al respecto, agreg\u00f3: \u201cQueremos una Polic\u00eda cerca de la gente. Y una nueva comisar\u00eda contribuye a eso, ayuda a mostrarle a los argentinos y a los polic\u00edas que no est\u00e1n solos en la lucha contra los vivos de siempre, que ac\u00e1 hay un Estado que los cuida y que no se va a correr un cent\u00edmetro de su responsabilidad, a\u00fan frente a la ca\u00f3tica situaci\u00f3n econ\u00f3mica y social a la que nos somete el kirchnerismo\u201d.<\/p>\n\n\n\n<p>Rodr\u00edguez Larreta afirm\u00f3 que el presente doloroso que vive Argentina \u201cimpacta en la conflictividad social\u201d y obliga a redoblar los esfuerzos. \u201cEso es lo que vamos a seguir haciendo hasta el \u00faltimo d\u00eda, porque jam\u00e1s los vamos a dejar solos. En cada esquina y en todo momento del d\u00eda vamos a estar presentes para mostrarles a los delincuentes que nadie se va a adue\u00f1ar nuestra libertad\u201d, afirm\u00f3.<\/p>\n\n\n\n<p>Por \u00faltimo, sostuvo que eso se debe a que existe la decisi\u00f3n pol\u00edtica de trabajar para garantizar la seguridad: \u201cNo vamos a parar hasta devolverle la tranquilidad a la gente. Hasta que cada porte\u00f1o y cada argentino que nos visita pueda caminar tranquilo de d\u00eda y de noche, pueda dormir tranquilo o usar el celular sin miedo a que se lo roben. Ese es nuestro compromiso. Y este equipo va a trabajar d\u00eda y noche, sin parar, para cumplirlo\u201d.<\/p>\n\n\n\n<p>Rodr\u00edguez Larreta estuvo acompa\u00f1ado del jefe de Gabinete, Felipe Miguel; el ministro de Seguridad, Gustavo Coria; la secretaria de Justicia, Administraci\u00f3n y Apoyo Operativo Policial, Genoveva Ferrero; el jefe de la Polic\u00eda de la Ciudad, Gabriel Berard; y el comisario de la Comuna 3, Gustavo Pereyra.<\/p>\n\n\n\n<figure class=\"wp-block-image size-large\"><img decoding=\"async\" src=\"https:\/\/ci5.googleusercontent.com\/proxy\/vBqxR0mE5-qbcgeJJhkJH9l2zPfp2fl0zBZMvPwNDnnZLZlu709ByWwdJdYk8VzZBruxHdC0zje_PneLr49cISfC71HCKpjxqkdyWG6BkwK9_0vgtHNnLqiA1YuZInQX3gxoroev4Ry7qjQ999Aw_yWTEN7ZetW18qyOayU7mw=s0-d-e1-ft#https:\/\/app2.dopplerfiles.com\/Users\/160762\/Campaigns\/12946184\/WhatsApp_Image_2023-09-27_at_10.48.37_(1).jpeg\" alt=\"\"\/><\/figure>\n\n\n\n<p><strong><mark style=\"background-color:rgba(0, 0, 0, 0)\" class=\"has-inline-color has-vivid-red-color\">Sobre la nueva Comisar\u00eda Comunal N\u00b0 3<\/mark><\/strong><\/p>\n\n\n\n<p>La obra incluy\u00f3 la ampliaci\u00f3n, remodelaci\u00f3n y redistribuci\u00f3n de los espacios internos del edificio en el que funcionaba la comisar\u00eda, que ahora cuenta con una superficie total de 3.800 metros cubiertos.<\/p>\n\n\n\n<p>En planta baja y primer piso funcionar\u00e1 la atenci\u00f3n al p\u00fablico, con seis puestos de denuncias, \u00e1reas de pol\u00edticas de g\u00e9nero. En planta alta, las oficinas para uso policial y \u00e1reas de servicios como armer\u00eda, log\u00edstica, comedor y gimnasio. En los niveles superiores est\u00e1n las \u00e1reas gerenciales, mientras que en el subsuelo funcionar\u00e1 la alcaid\u00eda con nueve celdas individuales y tres grupales.<\/p>\n\n\n\n<p>Esta comisar\u00eda es la sexta nueva sede comunal de la Ciudad. Se suma a las ya inauguradas 1, 4, 8, 9 y 10. Pr\u00f3ximamente culminar\u00e1n las obras en la Comisar\u00eda Comunal N\u00b0 7.<\/p>\n\n\n\n<figure class=\"wp-block-image size-large\"><img decoding=\"async\" src=\"https:\/\/ci3.googleusercontent.com\/proxy\/C3_DPiQ5Fcz3Ukp7feIrRchlZ453FbKGEywNl8krBjE2dLx8sBAsQbpScnJh6OIQwfXmjaY6Pj3nPZVVi1cCrnE240Ksawp7_Qb27V6iZAkAZZvRpI6GCZZzpPRUIJwVAhOmENejsQRCDi134_XthTt_qKtSZxhoUTXd=s0-d-e1-ft#https:\/\/app2.dopplerfiles.com\/Users\/160762\/Campaigns\/12946184\/WhatsApp_Image_2023-09-27_at_10.48.36.jpeg\" alt=\"\"\/><\/figure>\n","protected":false},"excerpt":{"rendered":"<p>Horacio Rodr\u00edguez Larreta inaugur\u00f3 la nueva Comisar\u00eda Comunal N\u00b0 3 y afirm\u00f3 que la Ciudad continuar\u00e1 sumando tecnolog\u00eda y formando agentes para sacar m\u00e1s polic\u00edas a la calle. \u201cNo somos c\u00f3mplices de la delincuencia, vamos a llevar a los chorros y a los asesinos a la c\u00e1rcel, que es donde tienen que estar\u201d, sostuvo el [&hellip;]<\/p>\n","protected":false},"author":2,"featured_media":43046,"comment_status":"open","ping_status":"closed","sticky":false,"template":"","format":"standard","meta":{"jnews-multi-image_gallery":[],"jnews_single_post":{"subtitle":"","format":"standard","video":"","gallery":"","source_name":"","source_url":"","via_name":"","via_url":"","override_template":"0","override":[{"template":"4","single_blog_custom":"","parallax":"1","fullscreen":"1","layout":"right-sidebar","sidebar":"default-sidebar","second_sidebar":"default-sidebar","sticky_sidebar":"1","share_position":"top","share_float_style":"share-monocrhome","show_share_counter":"1","show_view_counter":"1","show_featured":"1","show_post_meta":"1","show_post_author":"1","show_post_author_image":"1","show_post_date":"1","post_date_format":"default","post_date_format_custom":"Y\/m\/d","show_post_category":"1","show_post_reading_time":"1","post_reading_time_wpm":"300","show_zoom_button":"1","zoom_button_out_step":"2","zoom_button_in_step":"3","show_post_tag":"1","show_prev_next_post":"1","show_popup_post":"1","number_popup_post":"1","show_author_box":"1","show_post_related":"1","show_inline_post_related":"0"}],"override_image_size":"0","image_override":[{"single_post_thumbnail_size":"crop-500","single_post_gallery_size":"crop-500"}],"trending_post":"0","trending_post_position":"meta","trending_post_label":"Trending","sponsored_post":"0","sponsored_post_label":"Sponsored by","sponsored_post_name":"","sponsored_post_url":"","sponsored_post_logo_enable":"0","sponsored_post_logo":"","sponsored_post_desc":"","disable_ad":"0"},"jnews_primary_category":{"id":"","hide":""},"jnews_social_meta":{"fb_title":"","fb_description":"","fb_image":"","twitter_title":"","twitter_description":"","twitter_image":""},"jnews_review":[],"enable_review":"0","type":"percentage","name":"","summary":"","brand":"","sku":"","good":[{"good_text":""}],"bad":[{"bad_text":""}],"score_override":"","override_value":"","rating":[{"rating_text":"","rating_number":"10"}],"price":[{"shop":"","price":"","link":"","icon":""}],"jnews_override_counter":{"override_view_counter":"0","view_counter_number":"0","override_share_counter":"0","share_counter_number":"0","override_like_counter":"0","like_counter_number":"0","override_dislike_counter":"0","dislike_counter_number":"0"},"jnews_post_split":{"enable_post_split":"0","post_split":[{"template":"1","tag":"h2","numbering":"asc","mode":"normal","first":"0","enable_toc":"0","toc_type":"normal"}]},"footnotes":""},"categories":[58,64],"tags":[45,158,175],"class_list":["post-43045","post","type-post","status-publish","format-standard","has-post-thumbnail","hentry","category-argentina","category-sucesos","tag-noticias","tag-rodriguez-larreta","tag-seguridad"],"amp_enabled":true,"_links":{"self":[{"href":"https:\/\/esreviral.com\/index.php?rest_route=\/wp\/v2\/posts\/43045"}],"collection":[{"href":"https:\/\/esreviral.com\/index.php?rest_route=\/wp\/v2\/posts"}],"about":[{"href":"https:\/\/esreviral.com\/index.php?rest_route=\/wp\/v2\/types\/post"}],"author":[{"embeddable":true,"href":"https:\/\/esreviral.com\/index.php?rest_route=\/wp\/v2\/users\/2"}],"replies":[{"embeddable":true,"href":"https:\/\/esreviral.com\/index.php?rest_route=%2Fwp%2Fv2%2Fcomments&post=43045"}],"version-history":[{"count":0,"href":"https:\/\/esreviral.com\/index.php?rest_route=\/wp\/v2\/posts\/43045\/revisions"}],"wp:featuredmedia":[{"embeddable":true,"href":"https:\/\/esreviral.com\/index.php?rest_route=\/wp\/v2\/media\/43046"}],"wp:attachment":[{"href":"https:\/\/esreviral.com\/index.php?rest_route=%2Fwp%2Fv2%2Fmedia&parent=43045"}],"wp:term":[{"taxonomy":"category","embeddable":true,"href":"https:\/\/esreviral.com\/index.php?rest_route=%2Fwp%2Fv2%2Fcategories&post=43045"},{"taxonomy":"post_tag","embeddable":true,"href":"https:\/\/esreviral.com\/index.php?rest_route=%2Fwp%2Fv2%2Ftags&post=43045"}],"curies":[{"name":"wp","href":"https:\/\/api.w.org\/{rel}","templated":true}]}}