{"id":43040,"date":"2023-09-27T14:10:37","date_gmt":"2023-09-27T19:10:37","guid":{"rendered":"https:\/\/esreviral.com\/?p=43040"},"modified":"2023-09-27T14:10:38","modified_gmt":"2023-09-27T19:10:38","slug":"mas-del-40-de-la-poblacion-en-argentina-cayo-en-pobreza-en-el-primer-semestre","status":"publish","type":"post","link":"https:\/\/esreviral.com\/?p=43040","title":{"rendered":"M\u00e1s del 40% de la poblaci\u00f3n en Argentina cay\u00f3 en pobreza en el primer semestre"},"content":{"rendered":"\n<p>La pobreza en Argentina alcanz\u00f3 al <strong>40,1% y la indigencia al 9,3% de la poblaci\u00f3n en el primer semestre del a\u00f1o<\/strong>, antes de la devaluaci\u00f3n implementada por el Gobierno. De este modo, <strong>la pobreza afect\u00f3 a 18.632.582 personas y la indigencia a 4.321.272<\/strong>, seg\u00fan los datos oficiales proyectados para todo el pa\u00eds y no solo a los conglomerados urbanos medidos por las estad\u00edsticas oficiales.<\/p>\n\n\n\n<p><strong>El dato es el m\u00e1s alto registrado en el pa\u00eds <\/strong>por el Instituto Nacional de Estad\u00edstica y Censos (Indec) desde el pico del 42% alcanzado durante la severa crisis de la pandemia en 2020 y los expertos en estad\u00edsticas sociales prev\u00e9n que el segundo semestre empeore por la aceleraci\u00f3n de la inflaci\u00f3n, que e<strong>ste a\u00f1o podr\u00eda llegar hasta el 190% seg\u00fan algunas estimaciones privadas.<\/strong><\/p>\n\n\n\n<p class=\"has-text-align-right\"><strong><em>Con informaci\u00f3n de Infobae.-<\/em><\/strong><\/p>\n\n\n\n<figure class=\"wp-block-embed is-type-rich is-provider-twitter wp-block-embed-twitter\"><div class=\"wp-block-embed__wrapper\">\n<blockquote class=\"twitter-tweet\" data-width=\"500\" data-dnt=\"true\"><p lang=\"es\" dir=\"ltr\"><a href=\"https:\/\/twitter.com\/hashtag\/DatoINDEC?src=hash&amp;ref_src=twsrc%5Etfw\">#DatoINDEC<\/a> <br>Encuesta Permanente de Hogares en 31 aglomerados urbanos: la pobreza alcanz\u00f3 al 40,1% de las personas y al 29,6% de los hogares en el 1\u00b0 semestre de 2023 <a href=\"https:\/\/t.co\/iwGutu1ch4\">https:\/\/t.co\/iwGutu1ch4<\/a> <a href=\"https:\/\/t.co\/UTSWVjEw0u\">pic.twitter.com\/UTSWVjEw0u<\/a><\/p>&mdash; INDEC Argentina (@INDECArgentina) <a href=\"https:\/\/twitter.com\/INDECArgentina\/status\/1707107894158623153?ref_src=twsrc%5Etfw\">September 27, 2023<\/a><\/blockquote><script async src=\"https:\/\/platform.twitter.com\/widgets.js\" charset=\"utf-8\"><\/script>\n<\/div><\/figure>\n\n\n\n<p><\/p>\n","protected":false},"excerpt":{"rendered":"<p>La pobreza en Argentina alcanz\u00f3 al 40,1% y la indigencia al 9,3% de la poblaci\u00f3n en el primer semestre del a\u00f1o, antes de la devaluaci\u00f3n implementada por el Gobierno. De este modo, la pobreza afect\u00f3 a 18.632.582 personas y la indigencia a 4.321.272, seg\u00fan los datos oficiales proyectados para todo el pa\u00eds y no solo [&hellip;]<\/p>\n","protected":false},"author":2,"featured_media":38918,"comment_status":"open","ping_status":"closed","sticky":false,"template":"","format":"standard","meta":{"jnews-multi-image_gallery":[],"jnews_single_post":{"subtitle":"","format":"standard","video":"","gallery":"","source_name":"","source_url":"","via_name":"","via_url":"","override_template":"0","override":[{"template":"4","single_blog_custom":"","parallax":"1","fullscreen":"1","layout":"right-sidebar","sidebar":"default-sidebar","second_sidebar":"default-sidebar","sticky_sidebar":"1","share_position":"top","share_float_style":"share-monocrhome","show_share_counter":"1","show_view_counter":"1","show_featured":"1","show_post_meta":"1","show_post_author":"1","show_post_author_image":"1","show_post_date":"1","post_date_format":"default","post_date_format_custom":"Y\/m\/d","show_post_category":"1","show_post_reading_time":"1","post_reading_time_wpm":"300","show_zoom_button":"1","zoom_button_out_step":"2","zoom_button_in_step":"3","show_post_tag":"1","show_prev_next_post":"1","show_popup_post":"1","number_popup_post":"1","show_author_box":"1","show_post_related":"1","show_inline_post_related":"0"}],"override_image_size":"0","image_override":[{"single_post_thumbnail_size":"crop-500","single_post_gallery_size":"crop-500"}],"trending_post":"0","trending_post_position":"meta","trending_post_label":"Trending","sponsored_post":"0","sponsored_post_label":"Sponsored by","sponsored_post_name":"","sponsored_post_url":"","sponsored_post_logo_enable":"0","sponsored_post_logo":"","sponsored_post_desc":"","disable_ad":"0"},"jnews_primary_category":{"id":"","hide":""},"jnews_social_meta":{"fb_title":"","fb_description":"","fb_image":"","twitter_title":"","twitter_description":"","twitter_image":""},"jnews_review":[],"enable_review":"0","type":"percentage","name":"","summary":"","brand":"","sku":"","good":[{"good_text":""}],"bad":[{"bad_text":""}],"score_override":"","override_value":"","rating":[{"rating_text":"","rating_number":"10"}],"price":[{"shop":"","price":"","link":"","icon":""}],"jnews_override_counter":{"override_view_counter":"0","view_counter_number":"0","override_share_counter":"0","share_counter_number":"0","override_like_counter":"0","like_counter_number":"0","override_dislike_counter":"0","dislike_counter_number":"0"},"jnews_post_split":{"enable_post_split":"0","post_split":[{"template":"1","tag":"h2","numbering":"asc","mode":"normal","first":"0","enable_toc":"0","toc_type":"normal"}]},"footnotes":""},"categories":[58,61],"tags":[44,62,268,45,396],"class_list":["post-43040","post","type-post","status-publish","format-standard","has-post-thumbnail","hentry","category-argentina","category-economia","tag-argentina","tag-economia","tag-inflacion","tag-noticias","tag-pobreza"],"amp_enabled":true,"_links":{"self":[{"href":"https:\/\/esreviral.com\/index.php?rest_route=\/wp\/v2\/posts\/43040"}],"collection":[{"href":"https:\/\/esreviral.com\/index.php?rest_route=\/wp\/v2\/posts"}],"about":[{"href":"https:\/\/esreviral.com\/index.php?rest_route=\/wp\/v2\/types\/post"}],"author":[{"embeddable":true,"href":"https:\/\/esreviral.com\/index.php?rest_route=\/wp\/v2\/users\/2"}],"replies":[{"embeddable":true,"href":"https:\/\/esreviral.com\/index.php?rest_route=%2Fwp%2Fv2%2Fcomments&post=43040"}],"version-history":[{"count":0,"href":"https:\/\/esreviral.com\/index.php?rest_route=\/wp\/v2\/posts\/43040\/revisions"}],"wp:featuredmedia":[{"embeddable":true,"href":"https:\/\/esreviral.com\/index.php?rest_route=\/wp\/v2\/media\/38918"}],"wp:attachment":[{"href":"https:\/\/esreviral.com\/index.php?rest_route=%2Fwp%2Fv2%2Fmedia&parent=43040"}],"wp:term":[{"taxonomy":"category","embeddable":true,"href":"https:\/\/esreviral.com\/index.php?rest_route=%2Fwp%2Fv2%2Fcategories&post=43040"},{"taxonomy":"post_tag","embeddable":true,"href":"https:\/\/esreviral.com\/index.php?rest_route=%2Fwp%2Fv2%2Ftags&post=43040"}],"curies":[{"name":"wp","href":"https:\/\/api.w.org\/{rel}","templated":true}]}}