{"id":43034,"date":"2023-09-27T10:10:00","date_gmt":"2023-09-27T15:10:00","guid":{"rendered":"https:\/\/esreviral.com\/?p=43034"},"modified":"2023-09-27T10:10:00","modified_gmt":"2023-09-27T15:10:00","slug":"a-menos-de-un-mes-de-las-elecciones-la-pobreza-en-argentina-alcanzo-al-392-de-la-poblacion-segun-el-indec","status":"publish","type":"post","link":"https:\/\/esreviral.com\/?p=43034","title":{"rendered":"A menos de un mes de las elecciones, la pobreza en Argentina alcanz\u00f3 al 39,2% de la poblaci\u00f3n, seg\u00fan el INDEC"},"content":{"rendered":"\n<p>El\u00a0<strong>Instituto Nacional de Estad\u00edstica y Censos (INDEC)<\/strong>\u00a0publicar\u00e1, este mi\u00e9rcoles por la tarde,\u00a0<strong>el \u00cdndice de Pobreza e Indigencia\u00a0<\/strong>del\u00a0<strong>primer semestre del 2023.\u00a0<\/strong><\/p>\n\n\n\n<p>Este dato se revelar\u00e1\u00a0a pocos d\u00edas del debate presidencial y a menos de un mes de las elecciones,\u00a0en las que el actual ministro de Econom\u00eda,\u00a0Sergio Massa, buscar\u00e1 llegar a la Casa Rosada el 10 de diciembre, al igual que el libertario\u00a0Javier Milei\u00a0y\u00a0Patricia Bullrich, referente de Juntos por el Cambio.<\/p>\n\n\n\n<p><strong>El \u00faltimo relevamiento estim\u00f3 que la pobreza\u00a0alcanz\u00f3 al 39,2% de la poblaci\u00f3n\u00a0econ\u00f3micamente activa\u00a0al cierre del segundo semestre del a\u00f1o pasado,\u00a0por encima del 37,3% del mismo per\u00edodo del 2021. A su vez,\u00a0el 8,1% de la poblaci\u00f3n estaba debajo de la l\u00ednea de indigencia.<\/strong><\/p>\n\n\n\n<p>Estar\u00e1 por verse cu\u00e1l ser\u00e1 el n\u00famero final para los primeros seis meses del 2023. Seg\u00fan estimaciones privadas,\u00a0estar\u00eda por arriba del 40%; cifra impulsada\u00a0por la fuerte inflaci\u00f3n\u00a0presente en los \u00faltimos meses,\u00a0alcanzando niveles r\u00e9cord en agosto, y\u00a0la p\u00e9rdida de poder adquisitivo.<\/p>\n\n\n\n<p><strong>En este sentido, y para\u00a0Mart\u00edn Rozada, Director\u00a0de la Maestr\u00eda en Econometr\u00eda de\u00a0la Universidad Torcuato Di Tella,\u00a0la pobreza\u00a0alcanz\u00f3 el 44.4% en el segundo trimestre de 2023\u00a0y el 43.1% espec\u00edficamente en\u00a0el bimestre julio-agosto de 2023.<\/strong><\/p>\n\n\n\n<p><strong><em>Con informaci\u00f3n de Perfil <\/em><\/strong><\/p>\n","protected":false},"excerpt":{"rendered":"<p>El\u00a0Instituto Nacional de Estad\u00edstica y Censos (INDEC)\u00a0publicar\u00e1, este mi\u00e9rcoles por la tarde,\u00a0el \u00cdndice de Pobreza e Indigencia\u00a0del\u00a0primer semestre del 2023.\u00a0 Este dato se revelar\u00e1\u00a0a pocos d\u00edas del debate presidencial y a menos de un mes de las elecciones,\u00a0en las que el actual ministro de Econom\u00eda,\u00a0Sergio Massa, buscar\u00e1 llegar a la Casa Rosada el 10 de [&hellip;]<\/p>\n","protected":false},"author":5,"featured_media":43035,"comment_status":"closed","ping_status":"closed","sticky":false,"template":"","format":"standard","meta":{"jnews-multi-image_gallery":[],"jnews_single_post":{"subtitle":"","format":"standard","video":"","gallery":"","source_name":"","source_url":"","via_name":"","via_url":"","override_template":"0","override":[{"template":"4","single_blog_custom":"","parallax":"1","fullscreen":"1","layout":"right-sidebar","sidebar":"default-sidebar","second_sidebar":"default-sidebar","sticky_sidebar":"1","share_position":"top","share_float_style":"share-monocrhome","show_share_counter":"1","show_view_counter":"1","show_featured":"1","show_post_meta":"1","show_post_author":"1","show_post_author_image":"1","show_post_date":"1","post_date_format":"default","post_date_format_custom":"Y\/m\/d","show_post_category":"1","show_post_reading_time":"1","post_reading_time_wpm":"300","show_zoom_button":"1","zoom_button_out_step":"2","zoom_button_in_step":"3","show_post_tag":"1","show_prev_next_post":"1","show_popup_post":"1","number_popup_post":"1","show_author_box":"1","show_post_related":"1","show_inline_post_related":"0"}],"override_image_size":"0","image_override":[{"single_post_thumbnail_size":"crop-500","single_post_gallery_size":"crop-500"}],"trending_post":"0","trending_post_position":"meta","trending_post_label":"Trending","sponsored_post":"0","sponsored_post_label":"Sponsored by","sponsored_post_name":"","sponsored_post_url":"","sponsored_post_logo_enable":"0","sponsored_post_logo":"","sponsored_post_desc":"","disable_ad":"0"},"jnews_primary_category":{"id":"","hide":""},"jnews_social_meta":{"fb_title":"","fb_description":"","fb_image":"","twitter_title":"","twitter_description":"","twitter_image":""},"jnews_review":[],"enable_review":"0","type":"percentage","name":"","summary":"","brand":"","sku":"","good":[{"good_text":""}],"bad":[{"bad_text":""}],"score_override":"","override_value":"","rating":[{"rating_text":"","rating_number":"10"}],"price":[{"shop":"","price":"","link":"","icon":""}],"jnews_override_counter":{"override_view_counter":"0","view_counter_number":"0","override_share_counter":"0","share_counter_number":"0","override_like_counter":"0","like_counter_number":"0","override_dislike_counter":"0","dislike_counter_number":"0"},"jnews_post_split":{"enable_post_split":"0","post_split":[{"template":"1","tag":"h2","numbering":"asc","mode":"normal","first":"0","enable_toc":"0","toc_type":"normal"}]},"footnotes":""},"categories":[43,61],"tags":[44,396],"class_list":["post-43034","post","type-post","status-publish","format-standard","has-post-thumbnail","hentry","category-actualidad","category-economia","tag-argentina","tag-pobreza"],"amp_enabled":true,"_links":{"self":[{"href":"https:\/\/esreviral.com\/index.php?rest_route=\/wp\/v2\/posts\/43034"}],"collection":[{"href":"https:\/\/esreviral.com\/index.php?rest_route=\/wp\/v2\/posts"}],"about":[{"href":"https:\/\/esreviral.com\/index.php?rest_route=\/wp\/v2\/types\/post"}],"author":[{"embeddable":true,"href":"https:\/\/esreviral.com\/index.php?rest_route=\/wp\/v2\/users\/5"}],"replies":[{"embeddable":true,"href":"https:\/\/esreviral.com\/index.php?rest_route=%2Fwp%2Fv2%2Fcomments&post=43034"}],"version-history":[{"count":0,"href":"https:\/\/esreviral.com\/index.php?rest_route=\/wp\/v2\/posts\/43034\/revisions"}],"wp:featuredmedia":[{"embeddable":true,"href":"https:\/\/esreviral.com\/index.php?rest_route=\/wp\/v2\/media\/43035"}],"wp:attachment":[{"href":"https:\/\/esreviral.com\/index.php?rest_route=%2Fwp%2Fv2%2Fmedia&parent=43034"}],"wp:term":[{"taxonomy":"category","embeddable":true,"href":"https:\/\/esreviral.com\/index.php?rest_route=%2Fwp%2Fv2%2Fcategories&post=43034"},{"taxonomy":"post_tag","embeddable":true,"href":"https:\/\/esreviral.com\/index.php?rest_route=%2Fwp%2Fv2%2Ftags&post=43034"}],"curies":[{"name":"wp","href":"https:\/\/api.w.org\/{rel}","templated":true}]}}