{"id":42938,"date":"2023-09-26T06:49:30","date_gmt":"2023-09-26T11:49:30","guid":{"rendered":"https:\/\/esreviral.com\/?p=42938"},"modified":"2023-10-03T16:04:07","modified_gmt":"2023-10-03T21:04:07","slug":"crecen-los-casos-de-covid-quienes-tienen-que-aplicarse-las-vacunas-y-donde-se-puede-ir","status":"publish","type":"post","link":"https:\/\/esreviral.com\/?p=42938","title":{"rendered":"Crecen los casos de Covid \u00bfQui\u00e9nes tienen que aplicarse las vacunas y d\u00f3nde se puede ir?"},"content":{"rendered":"\n<p><strong>El \u00faltimo Bolet\u00edn Epidemiol\u00f3gico del Ministerio de Salud argentino indic\u00f3 que las&nbsp;internaciones por Covid&nbsp;durante el \u00faltimo mes&nbsp;crecieron a un ritmo similar al de la curva de infectados.<\/strong><\/p>\n\n\n\n<p>Desde el 23 de julio hasta ahora, el promedio de contagios semanales trep\u00f3 a&nbsp;1.483. Una suba del&nbsp;133%. Y el promedio actual de pacientes semanales internados es de 201. A la vez, por segunda semana consecutiva se inform\u00f3 que hubo&nbsp;16 muertes&nbsp;por Covid.<\/p>\n\n\n\n<p>Este ascenso de hospitalizaciones y muertes tiene que ver con el descenso abrupto de la vacunaci\u00f3n.<\/p>\n\n\n\n<p>Y la mayor\u00eda de las personas que hoy sufren complicaciones por coronavirus padecen alguna enfermedad de base o son adultos mayores, lo que los vuelve m\u00e1s vulnerables al virus.<\/p>\n\n\n\n<p>Estos grupos tampoco se est\u00e1n vacunando, aunque deber\u00edan. A eso apuntan las recomendaciones del Ministerio de Salud de la Naci\u00f3n, que no excluyen a los grupos no prioritarios. Para estos tambi\u00e9n se recomienda el refuerzo.<\/p>\n\n\n\n<p>Para vacunarse, siempre ser\u00e1 necesario&nbsp;sacar un turno. Se obtiene a trav\u00e9s del sitio web del Gobierno de la Ciudad: <a href=\"http:\/\/buenosaires.gob.ar\/coronavirus\/vacunacion-covid-19\" data-type=\"link\" data-id=\"buenosaires.gob.ar\/coronavirus\/vacunacion-covid-19\">buenosaires.gob.ar\/coronavirus\/vacunacion-covid-19<\/a>.<\/p>\n\n\n\n<p><strong>En cuanto al tiempo que debe pasar desde la \u00faltima dosis, hay que saber que para recibir una de refuerzo, es decir, despu\u00e9s del esquema primario, el&nbsp;intervalo m\u00ednimo es de 4 meses.<\/strong><\/p>\n\n\n\n<p>Para quienes vinieron cumpliendo con todas las dosis y dejaron de vacunarse despu\u00e9s de que en mayo la Organizaci\u00f3n Mundial de la Salud (OMS) anuncia el \u00abfin de la pandemia\u00bb, hay algunas diferencias en el caso de tratarse de grupos prioritarios o la poblaci\u00f3n general.<\/p>\n\n\n\n<p><strong>Las personas&nbsp;menores de 50 a\u00f1os sin comorbilidades&nbsp;deben recibir una&nbsp;dosis de refuerzo anual.<\/strong><\/p>\n\n\n\n<p>Las de&nbsp;menos de 50 pero con comorbilidades, no inmunosupresoras&nbsp;(enfermedades cronicas y obesidad), el personal de salud y el personal estrat\u00e9gico, deben recibir&nbsp;dosis de refuerzo con una vacuna bivalente&nbsp;(contra \u00d3micron, no s\u00f3lo efectiva para la variante original de Wuhan)&nbsp;y continuar con un refuerzo anual.<\/p>\n\n\n\n<p><strong>Y&nbsp;las personas de 50 a\u00f1os o m\u00e1s,&nbsp;las que tengan inmunocompromiso&nbsp;(pacientes oncol\u00f3gicos o en tratamiento con corticoides que bajen las defensas)&nbsp;y&nbsp;personas gestantes,&nbsp;deben recibir dosis de refuerzo cada 6 meses.<\/strong><\/p>\n\n\n\n<h3 class=\"wp-block-heading\"><strong><mark style=\"background-color:rgba(0, 0, 0, 0)\" class=\"has-inline-color has-vivid-red-color\">D\u00f3nde vacunarse en la Ciudad<\/mark><\/strong><\/h3>\n\n\n\n<ul class=\"wp-block-list\">\n<li>Hospital General de Agudos Dr. C. Argerich: Pi y Margall 750<\/li>\n<\/ul>\n\n\n\n<ul class=\"wp-block-list\">\n<li>Hospital General de Agudos Dr. J. A. Fernandez: Avenida Cervi\u00f1o 3356<\/li>\n<\/ul>\n\n\n\n<ul class=\"wp-block-list\">\n<li>Centro Isl\u00e1mico: Avenida Intendente Bullrich 55<\/li>\n<\/ul>\n\n\n\n<ul class=\"wp-block-list\">\n<li>CeSaC N\u00ba 17: El Salvador 4087<\/li>\n<\/ul>\n\n\n\n<ul class=\"wp-block-list\">\n<li>CeSaC N\u00ba 26: Gurruchaga 1939<\/li>\n<\/ul>\n\n\n\n<ul class=\"wp-block-list\">\n<li>CeSaC N\u00ba 33: Avenida C\u00f3rdoba 5741<\/li>\n<\/ul>\n\n\n\n<ul class=\"wp-block-list\">\n<li>Hospital General de Agudos Dr. I. Pirovano: Avenida Monroe 3555<\/li>\n<\/ul>\n\n\n\n<ul class=\"wp-block-list\">\n<li>CeSaC N\u00ba 12: Avenida Olaz\u00e1bal 3960<\/li>\n\n\n\n<li><\/li>\n<\/ul>\n\n\n\n<p><em><strong>Tomado de El Clar\u00edn<\/strong><\/em><\/p>\n","protected":false},"excerpt":{"rendered":"<p>El \u00faltimo Bolet\u00edn Epidemiol\u00f3gico del Ministerio de Salud argentino indic\u00f3 que las&nbsp;internaciones por Covid&nbsp;durante el \u00faltimo mes&nbsp;crecieron a un ritmo similar al de la curva de infectados. Desde el 23 de julio hasta ahora, el promedio de contagios semanales trep\u00f3 a&nbsp;1.483. Una suba del&nbsp;133%. Y el promedio actual de pacientes semanales internados es de 201. [&hellip;]<\/p>\n","protected":false},"author":5,"featured_media":42939,"comment_status":"open","ping_status":"closed","sticky":false,"template":"","format":"standard","meta":{"jnews-multi-image_gallery":[],"jnews_single_post":{"subtitle":"","format":"standard","video":"","gallery":"","source_name":"","source_url":"","via_name":"","via_url":"","override_template":"0","override":[{"template":"4","single_blog_custom":"","parallax":"1","fullscreen":"1","layout":"right-sidebar","sidebar":"default-sidebar","second_sidebar":"default-sidebar","sticky_sidebar":"1","share_position":"top","share_float_style":"share-monocrhome","show_share_counter":"1","show_view_counter":"1","show_featured":"1","show_post_meta":"1","show_post_author":"1","show_post_author_image":"1","show_post_date":"1","post_date_format":"default","post_date_format_custom":"Y\/m\/d","show_post_category":"1","show_post_reading_time":"1","post_reading_time_wpm":"300","show_zoom_button":"1","zoom_button_out_step":"2","zoom_button_in_step":"3","show_post_tag":"1","show_prev_next_post":"1","show_popup_post":"1","number_popup_post":"1","show_author_box":"1","show_post_related":"1","show_inline_post_related":"0"}],"override_image_size":"0","image_override":[{"single_post_thumbnail_size":"crop-500","single_post_gallery_size":"crop-500"}],"trending_post":"0","trending_post_position":"meta","trending_post_label":"Trending","sponsored_post":"0","sponsored_post_label":"Sponsored by","sponsored_post_name":"","sponsored_post_url":"","sponsored_post_logo_enable":"0","sponsored_post_logo":"","sponsored_post_desc":"","disable_ad":"0"},"jnews_primary_category":{"id":"","hide":""},"jnews_social_meta":{"fb_title":"","fb_description":"","fb_image":"","twitter_title":"","twitter_description":"","twitter_image":""},"jnews_review":[],"enable_review":"0","type":"percentage","name":"","summary":"","brand":"","sku":"","good":[{"good_text":""}],"bad":[{"bad_text":""}],"score_override":"","override_value":"","rating":[{"rating_text":"","rating_number":"10"}],"price":[{"shop":"","price":"","link":"","icon":""}],"jnews_override_counter":{"override_view_counter":"0","view_counter_number":"0","override_share_counter":"0","share_counter_number":"0","override_like_counter":"0","like_counter_number":"0","override_dislike_counter":"0","dislike_counter_number":"0"},"jnews_post_split":{"enable_post_split":"0","post_split":[{"template":"1","tag":"h2","numbering":"asc","mode":"normal","first":"0","enable_toc":"0","toc_type":"normal"}]},"footnotes":""},"categories":[76],"tags":[585,188,578],"class_list":["post-42938","post","type-post","status-publish","format-standard","has-post-thumbnail","hentry","category-coronavirus","tag-covid","tag-covid-19","tag-vacunas"],"amp_enabled":true,"_links":{"self":[{"href":"https:\/\/esreviral.com\/index.php?rest_route=\/wp\/v2\/posts\/42938"}],"collection":[{"href":"https:\/\/esreviral.com\/index.php?rest_route=\/wp\/v2\/posts"}],"about":[{"href":"https:\/\/esreviral.com\/index.php?rest_route=\/wp\/v2\/types\/post"}],"author":[{"embeddable":true,"href":"https:\/\/esreviral.com\/index.php?rest_route=\/wp\/v2\/users\/5"}],"replies":[{"embeddable":true,"href":"https:\/\/esreviral.com\/index.php?rest_route=%2Fwp%2Fv2%2Fcomments&post=42938"}],"version-history":[{"count":0,"href":"https:\/\/esreviral.com\/index.php?rest_route=\/wp\/v2\/posts\/42938\/revisions"}],"wp:featuredmedia":[{"embeddable":true,"href":"https:\/\/esreviral.com\/index.php?rest_route=\/wp\/v2\/media\/42939"}],"wp:attachment":[{"href":"https:\/\/esreviral.com\/index.php?rest_route=%2Fwp%2Fv2%2Fmedia&parent=42938"}],"wp:term":[{"taxonomy":"category","embeddable":true,"href":"https:\/\/esreviral.com\/index.php?rest_route=%2Fwp%2Fv2%2Fcategories&post=42938"},{"taxonomy":"post_tag","embeddable":true,"href":"https:\/\/esreviral.com\/index.php?rest_route=%2Fwp%2Fv2%2Ftags&post=42938"}],"curies":[{"name":"wp","href":"https:\/\/api.w.org\/{rel}","templated":true}]}}