{"id":42878,"date":"2023-09-25T07:29:41","date_gmt":"2023-09-25T12:29:41","guid":{"rendered":"https:\/\/esreviral.com\/?p=42878"},"modified":"2023-09-25T07:46:42","modified_gmt":"2023-09-25T12:46:42","slug":"motivador-prefirio-que-le-regalaran-unos-patines-antes-que-la-fiesta-de-15-y-hoy-es-campeona-panamericana","status":"publish","type":"post","link":"https:\/\/esreviral.com\/?p=42878","title":{"rendered":"\u00a1Motivador! Prefiri\u00f3 que le regalaran unos patines antes que la fiesta de 15 y hoy es campeona panamericana"},"content":{"rendered":"\n<p><strong>Candela Gallardo<\/strong>&nbsp;volvi\u00f3 a enorgullecer a la comunidad de Gregorio de Laferrere, en La Matanza, en Buenos Aires. <\/p>\n\n\n\n<p>La talentosa deportista de 19 a\u00f1os se coron\u00f3 campeona en el Panamericano de Patinaje Art\u00edstico para Clubes y Naciones en la modalidad de ruedas en l\u00ednea (inline) disputado en Bogot\u00e1, Colombia. Obtuvo una puntuaci\u00f3n de 56,59 en la final, lo que la llev\u00f3 a un puntaje general de 91,77 puntos en la tabla general, seg\u00fan rese\u00f1\u00f3 <a href=\"https:\/\/www.clarin.com\/zonales\/eligio-comprarse-patines-fiesta-15-hoy-campeona-panamericana_0_f8McZ1pEwx.html?utm_medium=Social&amp;utm_source=Facebook&amp;fbclid=IwAR3b5tyTH7HqC6jso9Y3deYHimhnMqUHO9bFieugYXLygBf1xs-9IQ8VM9Q#google_vignette\" data-type=\"link\" data-id=\"https:\/\/www.clarin.com\/zonales\/eligio-comprarse-patines-fiesta-15-hoy-campeona-panamericana_0_f8McZ1pEwx.html?utm_medium=Social&amp;utm_source=Facebook&amp;fbclid=IwAR3b5tyTH7HqC6jso9Y3deYHimhnMqUHO9bFieugYXLygBf1xs-9IQ8VM9Q#google_vignette\">El Clar\u00edn.<\/a><\/p>\n\n\n\n<p>As\u00ed&nbsp;se situ\u00f3 en la posici\u00f3n m\u00e1s alta del podio superando a la deportista chilena la brasile\u00f1a Maisa Todeschi y Catalina Godoy, quienes la acompa\u00f1aron en el podio,&nbsp;mientras compart\u00edan momentos emotivos junto a su entrenadora&nbsp;Estefan\u00eda Suglia.&nbsp;<\/p>\n\n\n\n<p>Candela atravesaba un mal momento econ\u00f3mico previo a competir.&nbsp;Ella y su familia hicieron&nbsp;una publicaci\u00f3n en sus redes sociales para poder conseguir ayuda y tras el esfuerzo de muchas personas pudo cubrir los gastos del&nbsp;torneo: <strong><em>\u00abCuando surgi\u00f3 la idea, no lo&nbsp;iba a hacer pero mis amigos me impulsaron a que lo publique en Instagram y Twitter. Para ese campeonato se hizo tan viral que pude pagar los gastos. Mi sue\u00f1o de chica era competir en estos&nbsp;campeonatos\u00bb.<\/em><\/strong><\/p>\n\n\n\n<p>A los 6 a\u00f1os, Cande comenz\u00f3&nbsp;en el&nbsp;deporte en el&nbsp;club&nbsp;<strong><em>\u00abJuan Bautista Alberdi\u00bb<\/em><\/strong> pero actualmente representa al Club Deportivo Laferrere. Ella hac\u00eda tres disciplinas:&nbsp;<strong>pat\u00edn, danza y nataci\u00f3n<\/strong>. Aunque sus padres no ten\u00edan el dinero suficiente para pagarle todas y tuvo que elegir uno:&nbsp;<strong><em>\u00abEleg\u00ed el pat\u00edn y desde ese entonces se convirti\u00f3 en mi vida\u201d.<\/em><\/strong><\/p>\n\n\n\n<p>Durante el periodo de competiciones, Cande entrena todos los d\u00edas y, cuando puede&nbsp;realiza entrenamientos adicionales. Adem\u00e1s, una vez por semana, asiste a clases de acrobacia y danza cl\u00e1sica para mejorar su flexibilidad, y tambi\u00e9n se dedica a aprender expresi\u00f3n corporal para estar preparada en todos los sentidos de cara a los torneos.&nbsp;&nbsp;<\/p>\n\n\n\n<p>La joven no tiene patrocinadores, y todo lo que ha logrado hasta ahora fue gracias al respaldo de sus padres y amigos, quienes la apoyan&nbsp;en todas sus actividades deportivas y la motivan para que nunca baje los brazos&nbsp;y pueda cumplir sus metas en la vida.&nbsp;<\/p>\n\n\n\n<p>Candela imagin\u00f3 en dejar su carrera deportiva en varias oportunidades, pero la pasi\u00f3n y el amor que le tiene al deporte pudo mas y por eso ahora, muy&nbsp;orgullosa y emocionada, le dice a la Cande del pasado: \u00ab<strong>Mir\u00e1 si pudiste<\/strong>\u2019,<strong>&nbsp;eso me pone contenta<\/strong>,&nbsp;<strong>le estoy poniendo una curita al coraz\u00f3n\u00bb.<\/strong><\/p>\n\n\n\n<p><strong><em>Con informaci\u00f3n de Clar\u00edn <\/em><\/strong><\/p>\n","protected":false},"excerpt":{"rendered":"<p>Candela Gallardo&nbsp;volvi\u00f3 a enorgullecer a la comunidad de Gregorio de Laferrere, en La Matanza, en Buenos Aires. La talentosa deportista de 19 a\u00f1os se coron\u00f3 campeona en el Panamericano de Patinaje Art\u00edstico para Clubes y Naciones en la modalidad de ruedas en l\u00ednea (inline) disputado en Bogot\u00e1, Colombia. Obtuvo una puntuaci\u00f3n de 56,59 en la [&hellip;]<\/p>\n","protected":false},"author":5,"featured_media":42881,"comment_status":"closed","ping_status":"closed","sticky":false,"template":"","format":"standard","meta":{"jnews-multi-image_gallery":[],"jnews_single_post":{"subtitle":"","format":"standard","video":"","gallery":"","source_name":"","source_url":"","via_name":"","via_url":"","override_template":"0","override":[{"template":"4","single_blog_custom":"","parallax":"1","fullscreen":"1","layout":"right-sidebar","sidebar":"default-sidebar","second_sidebar":"default-sidebar","sticky_sidebar":"1","share_position":"top","share_float_style":"share-monocrhome","show_share_counter":"1","show_view_counter":"1","show_featured":"1","show_post_meta":"1","show_post_author":"1","show_post_author_image":"1","show_post_date":"1","post_date_format":"default","post_date_format_custom":"Y\/m\/d","show_post_category":"1","show_post_reading_time":"1","post_reading_time_wpm":"300","show_zoom_button":"1","zoom_button_out_step":"2","zoom_button_in_step":"3","show_post_tag":"1","show_prev_next_post":"1","show_popup_post":"1","number_popup_post":"1","show_author_box":"1","show_post_related":"1","show_inline_post_related":"0"}],"override_image_size":"0","image_override":[{"single_post_thumbnail_size":"crop-500","single_post_gallery_size":"crop-500"}],"trending_post":"0","trending_post_position":"meta","trending_post_label":"Trending","sponsored_post":"0","sponsored_post_label":"Sponsored by","sponsored_post_name":"","sponsored_post_url":"","sponsored_post_logo_enable":"0","sponsored_post_logo":"","sponsored_post_desc":"","disable_ad":"0"},"jnews_primary_category":{"id":"","hide":""},"jnews_social_meta":{"fb_title":"","fb_description":"","fb_image":"","twitter_title":"","twitter_description":"","twitter_image":""},"jnews_review":[],"enable_review":"0","type":"percentage","name":"","summary":"","brand":"","sku":"","good":[{"good_text":""}],"bad":[{"bad_text":""}],"score_override":"","override_value":"","rating":[{"rating_text":"","rating_number":"10"}],"price":[{"shop":"","price":"","link":"","icon":""}],"jnews_override_counter":{"override_view_counter":"0","view_counter_number":"0","override_share_counter":"0","share_counter_number":"0","override_like_counter":"0","like_counter_number":"0","override_dislike_counter":"0","dislike_counter_number":"0"},"jnews_post_split":{"enable_post_split":"0","post_split":[{"template":"1","tag":"h2","numbering":"asc","mode":"normal","first":"0","enable_toc":"0","toc_type":"normal"}]},"footnotes":""},"categories":[43,50,88],"tags":[12347],"class_list":["post-42878","post","type-post","status-publish","format-standard","has-post-thumbnail","hentry","category-actualidad","category-entretenimiento","category-internacionales","tag-candela-gallardo"],"_links":{"self":[{"href":"https:\/\/esreviral.com\/index.php?rest_route=\/wp\/v2\/posts\/42878","targetHints":{"allow":["GET"]}}],"collection":[{"href":"https:\/\/esreviral.com\/index.php?rest_route=\/wp\/v2\/posts"}],"about":[{"href":"https:\/\/esreviral.com\/index.php?rest_route=\/wp\/v2\/types\/post"}],"author":[{"embeddable":true,"href":"https:\/\/esreviral.com\/index.php?rest_route=\/wp\/v2\/users\/5"}],"replies":[{"embeddable":true,"href":"https:\/\/esreviral.com\/index.php?rest_route=%2Fwp%2Fv2%2Fcomments&post=42878"}],"version-history":[{"count":0,"href":"https:\/\/esreviral.com\/index.php?rest_route=\/wp\/v2\/posts\/42878\/revisions"}],"wp:featuredmedia":[{"embeddable":true,"href":"https:\/\/esreviral.com\/index.php?rest_route=\/wp\/v2\/media\/42881"}],"wp:attachment":[{"href":"https:\/\/esreviral.com\/index.php?rest_route=%2Fwp%2Fv2%2Fmedia&parent=42878"}],"wp:term":[{"taxonomy":"category","embeddable":true,"href":"https:\/\/esreviral.com\/index.php?rest_route=%2Fwp%2Fv2%2Fcategories&post=42878"},{"taxonomy":"post_tag","embeddable":true,"href":"https:\/\/esreviral.com\/index.php?rest_route=%2Fwp%2Fv2%2Ftags&post=42878"}],"curies":[{"name":"wp","href":"https:\/\/api.w.org\/{rel}","templated":true}]}}