{"id":4286,"date":"2021-02-23T10:36:08","date_gmt":"2021-02-23T13:36:08","guid":{"rendered":"http:\/\/esreviral.com\/?p=4286"},"modified":"2021-02-23T10:36:08","modified_gmt":"2021-02-23T13:36:08","slug":"aumentan-telefonia-fija-internet-y-cable-para-las-facturas-de-marzo","status":"publish","type":"post","link":"https:\/\/esreviral.com\/?p=4286","title":{"rendered":"Aumentan telefon\u00eda fija, Internet y cable para las facturas de marzo"},"content":{"rendered":"\n<h2 class=\"wp-block-heading\">Las subas son de entre un 5 y un 7,5 por ciento, dependiendo del tipo de servicio que se ofrece. El plan que subsidia a los usuarios de Internet queda exento.<\/h2>\n\n\n\n<p>Las&nbsp;<strong>tarifas de telefon\u00eda fija, Internet&nbsp;<\/strong>y<strong>&nbsp;televisi\u00f3n por cable<\/strong>&nbsp;van a experimentar aumentos de entre un 5 y un 7,5 por ciento en las facturas de marzo, dependiendo del tipo de servicio que se ofrece, tras casi&nbsp;<a target=\"_blank\" href=\"https:\/\/www.perfil.com\/noticias\/actualidad\/cuarentena-gobierno-congela-tarifas-telefonia-fija-movil-internet-tv-paga.phtml\" rel=\"noreferrer noopener\">un a\u00f1o de congelamiento<\/a>&nbsp;de precios.&nbsp;<\/p>\n\n\n\n<p>A trav\u00e9s de la&nbsp;<a target=\"_blank\" href=\"https:\/\/www.boletinoficial.gob.ar\/detalleAviso\/primera\/241104\/20210223\" rel=\"noreferrer noopener\">Resoluci\u00f3n 204\/2021<\/a>, el Ente Nacional de Comunicaciones (ENACOM) autoriz\u00f3 a los servicios de internet, televisi\u00f3n paga y telefon\u00eda fija a que oficialicen incrementos en las tarifas, despu\u00e9s de que el s\u00e1bado 20 de febrero permitiera una suba en la telefon\u00eda m\u00f3vil de 7,5% para febrero y un 2,5% para marzo.<\/p>\n\n\n\n<p>Los proveedores de Internet, televisi\u00f3n por cable y telefon\u00eda fija y m\u00f3vil argumentan la necesidad de aplicar incrementos para \u00ab<strong>mantener la calidad del servicio<\/strong>\u00ab. En un primer momento, desde el sector privado se hab\u00eda anunciado que&nbsp;<a target=\"_blank\" href=\"https:\/\/www.perfil.com\/noticias\/economia\/internet-cable-y-telefonia-aumentaran-sus-tarifas-desde-enero.phtml\" rel=\"noreferrer noopener\">las subas ser\u00edan de alrededor de un 20% en enero<\/a>, pero luego las empresas que se anticiparon y aumentaron por encima del 5% tuvieron que dar marcha atr\u00e1s con la medida.<\/p>\n\n\n\n<p>En cuanto a los servicios de<strong>&nbsp;telefon\u00eda fija<\/strong>, se podr\u00e1 incrementar el valor de sus precios minoristas en hasta un 5%.<\/p>\n\n\n\n<p>Con respecto a las&nbsp;<strong>tarifas de Internet<\/strong>, se podr\u00e1n aumentar seg\u00fan el siguiente esquema:&nbsp;<\/p>\n\n\n\n<ul class=\"wp-block-list\"><li>Planes que ofrecen hasta 50 Mbps de velocidad de bajada, con menos de con mil accesos totales: hasta un 7%.&nbsp;<\/li><li>Planes que ofrecen hasta 50 Mbps de velocidad de bajada, con cien mil accesos totales o m\u00e1s: hasta un 5%.&nbsp;<\/li><li>Planes que ofrecen 50 Mbps o m\u00e1s de velocidad de bajada: hasta un 7,5%.<\/li><li>Planes Corporativos: hasta un 7,5%.<\/li><\/ul>\n\n\n\n<p>Por su parte, las prestadores de abonos de&nbsp;<strong>televisi\u00f3n por cable&nbsp;<\/strong>residenciales podr\u00e1n incrementar el valor de sus precios minoristas para abonos de TV residenciales en cualquiera de sus modalidades (pospaga o prepaga) y tecnolog\u00edas (anal\u00f3gica, digital,\u201dHD\u201d, entre otras) seg\u00fan el siguiente esquema:&nbsp;<\/p>\n\n\n\n<ul class=\"wp-block-list\"><li>Planes ofrecidos por prestadores con menos de cien mil accesos totales: hasta un 7%.<\/li><li>Planes ofrecidos por prestadores con cien mil accesos totales o m\u00e1s: hasta un 5%.&nbsp;<\/li><li>Planes o paquetes de servicios digitales de se\u00f1ales a demanda y otros adicionales \u201cPremium\u201d: hasta un 7,5%.<\/li><\/ul>\n\n\n\n<p>En el caso de servicios de&nbsp;<strong>televisi\u00f3n satelital<\/strong>, el incremento en el abono va a ser tambi\u00e9n en cualquiera de sus modalidades y tecnolog\u00edas seg\u00fan el siguiente esquema:<\/p>\n\n\n\n<ul class=\"wp-block-list\"><li>Planes con menos de 200 canales: hasta un 5%.<\/li><li>Planes con 200 canales o m\u00e1s: hasta un 7,5%.&nbsp;<\/li><li>Planes o paquetes de servicios digitales de se\u00f1ales a demanda y otros adicionales \u201cPremium\u201d: hasta un 7,5%.<\/li><\/ul>\n\n\n\n<p>La resoluci\u00f3n precisa que los incrementos autorizados s\u00f3lo podr\u00e1n ser aplicados por aquellas Licenciatarias que hubiesen cumplimentado las disposiciones en las que se permitieron las anteriores actualizaciones tarifarias. Por otro lado, especifica que la presente medida no abarca ni alcanza a los precios de las&nbsp;<strong><a target=\"_blank\" href=\"https:\/\/www.perfil.com\/noticias\/economia\/plan-basico-universal-obligatorio-entro-en-vigencia-el-plan-que-subsidia-a-los-usuarios-de-internet.phtml\" rel=\"noreferrer noopener\">Prestaciones B\u00e1sicas Universales<\/a><\/strong>&nbsp;(PBU), que entr\u00f3 oficialmente en vigencia este viernes 1\u00ba de enero de 2021.&nbsp;<\/p>\n\n\n\n<p>Entre los principales beneficiarios al plan se encuentran jubilados y pensionados, trabajadores en relaci\u00f3n de dependencia con remuneraci\u00f3n inferior o igual a dos salarios m\u00ednimos; beneficiarios de la Asignaci\u00f3n Universal por Hijo y por Embarazo; pensiones no contributivas; monotributo social; beneficiarios de seguro de desempleo y del R\u00e9gimen Especial de Seguridad Social para Empleados de Casas Particulares.<\/p>\n\n\n\n<p class=\"has-text-align-right\"><strong><em>V\u00eda www.perfil.com<\/em><\/strong><\/p>\n","protected":false},"excerpt":{"rendered":"<p>Las subas son de entre un 5 y un 7,5 por ciento, dependiendo del tipo de servicio que se ofrece. El plan que subsidia a los usuarios de Internet queda exento.<\/p>\n","protected":false},"author":2,"featured_media":4287,"comment_status":"open","ping_status":"open","sticky":false,"template":"","format":"standard","meta":{"jnews-multi-image_gallery":[],"jnews_single_post":[],"jnews_primary_category":[],"jnews_social_meta":[],"jnews_review":[],"enable_review":"","type":"","name":"","summary":"","brand":"","sku":"","good":[],"bad":[],"score_override":"","override_value":"","rating":[],"price":[],"jnews_override_counter":[],"jnews_post_split":[],"footnotes":""},"categories":[43,58],"tags":[44,201],"class_list":["post-4286","post","type-post","status-publish","format-standard","has-post-thumbnail","hentry","category-actualidad","category-argentina","tag-argentina","tag-servicio-publico"],"amp_enabled":true,"_links":{"self":[{"href":"https:\/\/esreviral.com\/index.php?rest_route=\/wp\/v2\/posts\/4286"}],"collection":[{"href":"https:\/\/esreviral.com\/index.php?rest_route=\/wp\/v2\/posts"}],"about":[{"href":"https:\/\/esreviral.com\/index.php?rest_route=\/wp\/v2\/types\/post"}],"author":[{"embeddable":true,"href":"https:\/\/esreviral.com\/index.php?rest_route=\/wp\/v2\/users\/2"}],"replies":[{"embeddable":true,"href":"https:\/\/esreviral.com\/index.php?rest_route=%2Fwp%2Fv2%2Fcomments&post=4286"}],"version-history":[{"count":0,"href":"https:\/\/esreviral.com\/index.php?rest_route=\/wp\/v2\/posts\/4286\/revisions"}],"wp:featuredmedia":[{"embeddable":true,"href":"https:\/\/esreviral.com\/index.php?rest_route=\/"}],"wp:attachment":[{"href":"https:\/\/esreviral.com\/index.php?rest_route=%2Fwp%2Fv2%2Fmedia&parent=4286"}],"wp:term":[{"taxonomy":"category","embeddable":true,"href":"https:\/\/esreviral.com\/index.php?rest_route=%2Fwp%2Fv2%2Fcategories&post=4286"},{"taxonomy":"post_tag","embeddable":true,"href":"https:\/\/esreviral.com\/index.php?rest_route=%2Fwp%2Fv2%2Ftags&post=4286"}],"curies":[{"name":"wp","href":"https:\/\/api.w.org\/{rel}","templated":true}]}}