{"id":42554,"date":"2023-09-19T14:27:53","date_gmt":"2023-09-19T19:27:53","guid":{"rendered":"https:\/\/esreviral.com\/?p=42554"},"modified":"2023-09-19T14:27:54","modified_gmt":"2023-09-19T19:27:54","slug":"rodriguez-larreta-lidero-un-encuentro-global-sobre-cambio-climatico-buenos-aires-es-una-de-las-ciudades-mas-comprometidas-de-america-latina-con-la-accion-climatica","status":"publish","type":"post","link":"https:\/\/esreviral.com\/?p=42554","title":{"rendered":"Rodr\u00edguez Larreta lider\u00f3 un encuentro global sobre cambio clim\u00e1tico: \u201cBuenos Aires es una de las ciudades m\u00e1s comprometidas de Am\u00e9rica Latina con la acci\u00f3n clim\u00e1tica\u201d"},"content":{"rendered":"\n<p>El jefe de Gobierno, Horacio Rodr\u00edguez Larreta, particip\u00f3 junto al\u00a0<strong>alcalde de Londres, Sadiq Khan<\/strong>, y la\u00a0<strong>alcaldesa de Montreal, Valerie Plante<\/strong>, una nueva reuni\u00f3n de Comit\u00e9 Ejecutivo de C40, una red global de casi 100 alcaldes de las principales ciudades del mundo que trabaja para enfrentar la crisis clim\u00e1tica. El encuentro se realiz\u00f3 en Nueva York, en el marco de la Semana del Clima.<\/p>\n\n\n\n<p>\u201cBuenos Aires es una de las ciudades m\u00e1s comprometidas de Am\u00e9rica Latina con la acci\u00f3n clim\u00e1tica. Implementamos en Plan Hidr\u00e1ulico para mitigar el riesgo de inundaciones -un desaf\u00edo hist\u00f3rico que enfrentaba nuestra ciudad-, cumplimos con nuestros compromisos de crear 110 nuevas hect\u00e1reas de espacio p\u00fablico y verde, garantizar 100% de alumbrado p\u00fablico LED, hoy el 80% de la Ciudad recicla, y ya alcanzamos los 300 kil\u00f3metros de ciclov\u00edas y el mill\u00f3n de viajes diarios en bicicleta\u201d, se\u00f1al\u00f3&nbsp;<strong>Rodr\u00edguez Larreta<\/strong>&nbsp;como balance de su gesti\u00f3n. &nbsp;<\/p>\n\n\n\n<p>Asimismo, el Jefe de Gobierno, que es vicepresidente para Am\u00e9rica Latina de C40, destac\u00f3 los logros impulsados en la \u00faltima&nbsp;<strong>Cumbre Global de Alcaldes de C40<\/strong>, realizada el a\u00f1o pasado en Buenos Aires. All\u00ed, las ciudades se comprometieron a crear 50 millones de empleos verdes para 2030. Adem\u00e1s, Rodr\u00edguez Larreta celebr\u00f3 la&nbsp;<strong>aprobaci\u00f3n de 11 planes<\/strong>&nbsp;<strong>de acci\u00f3n clim\u00e1tica<\/strong>&nbsp;de las 12 ciudades de la regi\u00f3n que integran la red C40.<\/p>\n\n\n\n<p>En la misma l\u00ednea, el Jefe de Gobierno indic\u00f3 que 16 ciudades, entre las que se destacan&nbsp;<strong>Londres, la Regi\u00f3n Metropolitana de Santiago, San Pablo y Santo Domingo<\/strong>, ya adhirieron a la Declaraci\u00f3n de Buenos Aires para abrir datos e informaci\u00f3n ambiental. El objetivo de la iniciativa es que las ciudades abran datos y rindan cuentas sobre el avance de sus planes de acci\u00f3n clim\u00e1tica en plataformas similares a la de la ciudad de Buenos Aires:&nbsp;<a href=\"https:\/\/buenosaires.gob.ar\/cambioclimatico\" target=\"_blank\" rel=\"noreferrer noopener\">https:\/\/buenosaires.gob.ar\/cambioclimatico<\/a>&nbsp;.<\/p>\n\n\n\n<p>Rodr\u00edguez Larreta tambi\u00e9n mantuvo una r<strong>euni\u00f3n bilateral con el alcalde de Londres<\/strong>, en la que reafirm\u00f3 el compromiso de Buenos Aires con su&nbsp;<strong>Plan Carbono Neutral 2050<\/strong>, y con el liderazgo de la acci\u00f3n clim\u00e1tica en la regi\u00f3n.<\/p>\n\n\n\n<p>Finalmente, Rodr\u00edguez Larreta se reuni\u00f3 con 15 profesores de la Universidad de Columbia, donde analiz\u00f3 el panorama pol\u00edtico argentino. En Nueva York, el jefe de Gobierno particip\u00f3 el s\u00e1bado del Foro de Gobiernos Locales y Regionales y de una serie de reuniones de ciudades y gobiernos locales en el marco de la&nbsp;<strong>Asamblea General de la Organizaci\u00f3n de las Naciones Unidas (ONU)<\/strong>.<\/p>\n\n\n\n<p>Asimismo, se reuni\u00f3 con la\u00a0<strong>alcaldesa de Bogot\u00e1, Claudia L\u00f3pez Hern\u00e1ndez<\/strong>; con el\u00a0<strong>alcalde de R\u00edo de Janeiro, Eduardo Paes<\/strong>, y con la\u00a0<strong>alcaldesa de Par\u00eds, Anna Hidalgo<\/strong>.<\/p>\n","protected":false},"excerpt":{"rendered":"<p>El jefe de Gobierno, Horacio Rodr\u00edguez Larreta, particip\u00f3 junto al\u00a0alcalde de Londres, Sadiq Khan, y la\u00a0alcaldesa de Montreal, Valerie Plante, una nueva reuni\u00f3n de Comit\u00e9 Ejecutivo de C40, una red global de casi 100 alcaldes de las principales ciudades del mundo que trabaja para enfrentar la crisis clim\u00e1tica. El encuentro se realiz\u00f3 en Nueva York, [&hellip;]<\/p>\n","protected":false},"author":2,"featured_media":42555,"comment_status":"open","ping_status":"closed","sticky":false,"template":"","format":"standard","meta":{"jnews-multi-image_gallery":[],"jnews_single_post":{"subtitle":"","format":"standard","video":"","gallery":"","source_name":"","source_url":"","via_name":"","via_url":"","override_template":"0","override":[{"template":"4","single_blog_custom":"","parallax":"1","fullscreen":"1","layout":"right-sidebar","sidebar":"default-sidebar","second_sidebar":"default-sidebar","sticky_sidebar":"1","share_position":"top","share_float_style":"share-monocrhome","show_share_counter":"1","show_view_counter":"1","show_featured":"1","show_post_meta":"1","show_post_author":"1","show_post_author_image":"1","show_post_date":"1","post_date_format":"default","post_date_format_custom":"Y\/m\/d","show_post_category":"1","show_post_reading_time":"1","post_reading_time_wpm":"300","show_zoom_button":"1","zoom_button_out_step":"2","zoom_button_in_step":"3","show_post_tag":"1","show_prev_next_post":"1","show_popup_post":"1","number_popup_post":"1","show_author_box":"1","show_post_related":"1","show_inline_post_related":"0"}],"override_image_size":"0","image_override":[{"single_post_thumbnail_size":"crop-500","single_post_gallery_size":"crop-500"}],"trending_post":"0","trending_post_position":"meta","trending_post_label":"Trending","sponsored_post":"0","sponsored_post_label":"Sponsored by","sponsored_post_name":"","sponsored_post_url":"","sponsored_post_logo_enable":"0","sponsored_post_logo":"","sponsored_post_desc":"","disable_ad":"0"},"jnews_primary_category":{"id":"","hide":""},"jnews_social_meta":{"fb_title":"","fb_description":"","fb_image":"","twitter_title":"","twitter_description":"","twitter_image":""},"jnews_review":[],"enable_review":"0","type":"percentage","name":"","summary":"","brand":"","sku":"","good":[{"good_text":""}],"bad":[{"bad_text":""}],"score_override":"","override_value":"","rating":[{"rating_text":"","rating_number":"10"}],"price":[{"shop":"","price":"","link":"","icon":""}],"jnews_override_counter":{"override_view_counter":"0","view_counter_number":"0","override_share_counter":"0","share_counter_number":"0","override_like_counter":"0","like_counter_number":"0","override_dislike_counter":"0","dislike_counter_number":"0"},"jnews_post_split":{"enable_post_split":"0","post_split":[{"template":"1","tag":"h2","numbering":"asc","mode":"normal","first":"0","enable_toc":"0","toc_type":"normal"}]},"footnotes":""},"categories":[59],"tags":[44,45,158],"class_list":["post-42554","post","type-post","status-publish","format-standard","has-post-thumbnail","hentry","category-politica","tag-argentina","tag-noticias","tag-rodriguez-larreta"],"amp_enabled":true,"_links":{"self":[{"href":"https:\/\/esreviral.com\/index.php?rest_route=\/wp\/v2\/posts\/42554"}],"collection":[{"href":"https:\/\/esreviral.com\/index.php?rest_route=\/wp\/v2\/posts"}],"about":[{"href":"https:\/\/esreviral.com\/index.php?rest_route=\/wp\/v2\/types\/post"}],"author":[{"embeddable":true,"href":"https:\/\/esreviral.com\/index.php?rest_route=\/wp\/v2\/users\/2"}],"replies":[{"embeddable":true,"href":"https:\/\/esreviral.com\/index.php?rest_route=%2Fwp%2Fv2%2Fcomments&post=42554"}],"version-history":[{"count":0,"href":"https:\/\/esreviral.com\/index.php?rest_route=\/wp\/v2\/posts\/42554\/revisions"}],"wp:featuredmedia":[{"embeddable":true,"href":"https:\/\/esreviral.com\/index.php?rest_route=\/wp\/v2\/media\/42555"}],"wp:attachment":[{"href":"https:\/\/esreviral.com\/index.php?rest_route=%2Fwp%2Fv2%2Fmedia&parent=42554"}],"wp:term":[{"taxonomy":"category","embeddable":true,"href":"https:\/\/esreviral.com\/index.php?rest_route=%2Fwp%2Fv2%2Fcategories&post=42554"},{"taxonomy":"post_tag","embeddable":true,"href":"https:\/\/esreviral.com\/index.php?rest_route=%2Fwp%2Fv2%2Ftags&post=42554"}],"curies":[{"name":"wp","href":"https:\/\/api.w.org\/{rel}","templated":true}]}}