{"id":42356,"date":"2023-09-15T07:40:13","date_gmt":"2023-09-15T12:40:13","guid":{"rendered":"https:\/\/esreviral.com\/?p=42356"},"modified":"2023-09-15T07:40:14","modified_gmt":"2023-09-15T12:40:14","slug":"bullrich-presento-su-libro-y-recibio-un-nuevo-gesto-de-respaldo-de-macri","status":"publish","type":"post","link":"https:\/\/esreviral.com\/?p=42356","title":{"rendered":"Bullrich present\u00f3 su libro y recibi\u00f3 un nuevo gesto de respaldo de Macri"},"content":{"rendered":"\n<p>En un intento de disipar las dudas y exhibir cohesi\u00f3n interna con vista a las decisivas elecciones del 22 de octubre,<strong> Patricia Bullrich y Mauricio Macri compartieron ayer por la tarde su primera actividad de campa\u00f1a. <\/strong>Tras la tensi\u00f3n que despert\u00f3 en el seno de Pro su discurso ambiguo respecto de Javier Milei, contrincante de Bullrich, el exmandatario particip\u00f3 en la Facultad de Derecho de la Universidad de Buenos Aires (UBA) de la presentaci\u00f3n del nuevo libro de la candidata presidencial, en el que desglosa las medidas que piensa implementar en caso de ganar los comicios.<\/p>\n\n\n\n<p><strong>\u201cSomos la alternativa real al kirchnerismo\u201d<\/strong>, enfatiz\u00f3 Bullrich ante la c\u00fapula de JxC, luego de debatir sobre sus planes de gobierno junto con su compa\u00f1ero de f\u00f3rmula, Luis Petri, y la abogada Silvina Mart\u00ednez, quienes actuaron como moderadores. \u201cSiempre estuvimos y vamos a estar al lado de todos los argentinos, hoy estamos juntos frente a la batalla final\u201d, exclam\u00f3, en un intento de levantar el \u00e1nimo de la dirigencia de JxC tras el golpe por el sorpresivo triunfo de Milei en las primarias.<\/p>\n\n\n\n<p>Frente a su mentor, que la escuch\u00f3 desde la primera fila, Bullrich remarc\u00f3 que las primeras 24 horas de la pr\u00f3xima administraci\u00f3n ser\u00e1n \u201ccruciales\u201d para \u201csentar las bases\u201d de las reformas. <strong>\u201cHay un caos total, por eso, queremos un pa\u00eds ordenado\u201d<\/strong>, subray\u00f3. En ese sentido, consider\u00f3 que el pa\u00eds requerir\u00e1 un \u201cshock de confianza\u201d y un plan \u201cconsistente\u201d y \u201cequilibrado\u201d para ordenar sus cuentas. Y prometi\u00f3 que habr\u00e1 \u201causteridad al palo\u201d en una eventual gesti\u00f3n a su cargo. \u201cCada peso [que se ahorre] tiene que ir a lo que falta en salud y educaci\u00f3n\u201d, se\u00f1al\u00f3.<\/p>\n\n\n\n<p><strong>Lea tambi\u00e9n:<\/strong> <a href=\"https:\/\/esreviral.com\/como-en-venezuela-massa-sortea-electrodomesticos-con-la-devolucion-del-iva\/\">C\u00f3mo en Venezuela: Mas\u00adsa sor\u00adtea elec\u00adtro\u00addo\u00adm\u00e9sticos con la de\u00advo\u00adlu\u00adci\u00f3n del IVA<\/a><\/p>\n\n\n\n<p><strong>\u201cHay que salir del caos\u201d, <\/strong>remat\u00f3.<\/p>\n\n\n\n<p>Macri hab\u00eda reaparecido el lunes despu\u00e9s de su viaje a Espa\u00f1a. Horas antes, se hab\u00eda comunicado, v\u00eda Zoom, con Bullrich. En un tramo del encuentro estuvieron Derek Hampton, consultor y estratega de la exministra, quien detall\u00f3 los resultados de los focus groups, y Fernando de Andreis, uno de los colaboradores de confianza de Macri.<\/p>\n\n\n\n<p>Tras esa conversaci\u00f3n, el expresidente ratific\u00f3 su apoyo a la candidatura presidencial de Bullrich, su gran apuesta en la interna con Larreta. As\u00ed intent\u00f3 aplacar las dudas en torno a su juego ambiguo respecto de Milei, quien intenta seducir a Macri y lo tienta con un puesto de \u201csuperembajador\u201d en una eventual gesti\u00f3n. El expresidente rechaz\u00f3 el convite, pero evita atacar al libertario. Es m\u00e1s, tanto en su exposici\u00f3n ante el Rotary Club como en una entrevista con LN+, reiter\u00f3 que respeta a los votantes del libertario. Es que Macri est\u00e1 convencido de que el l\u00edder de La Libertad Avanza logr\u00f3 el acompa\u00f1amiento de una porci\u00f3n del electorado que lo hab\u00eda apoyado a \u00e9l en 2019. Quienes rodean a Macri repiten que est\u00e1 a disposici\u00f3n de Bullrich para la campa\u00f1a. Las dudas respecto de su lugar hab\u00edan tensionado el v\u00ednculo con la exministra, quien intenta consolidar su liderazgo tras doblegar a Larreta en la interna del 13 de agosto.<\/p>\n\n\n\n<p>En el entorno de Bullrich dan por cerrado el cap\u00edtulo Macri y aseguran que compartir\u00e1n actividades durante la campa\u00f1a. El fundador de Pro se alista para desembarcar la pr\u00f3xima semana en C\u00f3rdoba, uno de los distritos donde JxC necesita recuperar votos.\u00a0<\/p>\n\n\n\n<p class=\"has-text-align-right\"><strong><em>La Naci\u00f3n.-<\/em><\/strong><\/p>\n","protected":false},"excerpt":{"rendered":"<p>En un intento de disipar las dudas y exhibir cohesi\u00f3n interna con vista a las decisivas elecciones del 22 de octubre, Patricia Bullrich y Mauricio Macri compartieron ayer por la tarde su primera actividad de campa\u00f1a. Tras la tensi\u00f3n que despert\u00f3 en el seno de Pro su discurso ambiguo respecto de Javier Milei, contrincante de [&hellip;]<\/p>\n","protected":false},"author":2,"featured_media":42357,"comment_status":"open","ping_status":"closed","sticky":false,"template":"","format":"standard","meta":{"jnews-multi-image_gallery":[],"jnews_single_post":{"subtitle":"","format":"standard","video":"","gallery":"","source_name":"","source_url":"","via_name":"","via_url":"","override_template":"0","override":[{"template":"4","single_blog_custom":"","parallax":"1","fullscreen":"1","layout":"right-sidebar","sidebar":"default-sidebar","second_sidebar":"default-sidebar","sticky_sidebar":"1","share_position":"top","share_float_style":"share-monocrhome","show_share_counter":"1","show_view_counter":"1","show_featured":"1","show_post_meta":"1","show_post_author":"1","show_post_author_image":"1","show_post_date":"1","post_date_format":"default","post_date_format_custom":"Y\/m\/d","show_post_category":"1","show_post_reading_time":"1","post_reading_time_wpm":"300","show_zoom_button":"1","zoom_button_out_step":"2","zoom_button_in_step":"3","show_post_tag":"1","show_prev_next_post":"1","show_popup_post":"1","number_popup_post":"1","show_author_box":"1","show_post_related":"1","show_inline_post_related":"0"}],"override_image_size":"0","image_override":[{"single_post_thumbnail_size":"crop-500","single_post_gallery_size":"crop-500"}],"trending_post":"0","trending_post_position":"meta","trending_post_label":"Trending","sponsored_post":"0","sponsored_post_label":"Sponsored by","sponsored_post_name":"","sponsored_post_url":"","sponsored_post_logo_enable":"0","sponsored_post_logo":"","sponsored_post_desc":"","disable_ad":"0"},"jnews_primary_category":{"id":"","hide":""},"jnews_social_meta":{"fb_title":"","fb_description":"","fb_image":"","twitter_title":"","twitter_description":"","twitter_image":""},"jnews_review":[],"enable_review":"0","type":"percentage","name":"","summary":"","brand":"","sku":"","good":[{"good_text":""}],"bad":[{"bad_text":""}],"score_override":"","override_value":"","rating":[{"rating_text":"","rating_number":"10"}],"price":[{"shop":"","price":"","link":"","icon":""}],"jnews_override_counter":{"override_view_counter":"0","view_counter_number":"0","override_share_counter":"0","share_counter_number":"0","override_like_counter":"0","like_counter_number":"0","override_dislike_counter":"0","dislike_counter_number":"0"},"jnews_post_split":{"enable_post_split":"0","post_split":[{"template":"1","tag":"h2","numbering":"asc","mode":"normal","first":"0","enable_toc":"0","toc_type":"normal"}]},"footnotes":""},"categories":[58,59],"tags":[44,12259,1559,45,220],"class_list":["post-42356","post","type-post","status-publish","format-standard","has-post-thumbnail","hentry","category-argentina","category-politica","tag-argentina","tag-bullrich","tag-macri","tag-noticias","tag-portada"],"_links":{"self":[{"href":"https:\/\/esreviral.com\/index.php?rest_route=\/wp\/v2\/posts\/42356","targetHints":{"allow":["GET"]}}],"collection":[{"href":"https:\/\/esreviral.com\/index.php?rest_route=\/wp\/v2\/posts"}],"about":[{"href":"https:\/\/esreviral.com\/index.php?rest_route=\/wp\/v2\/types\/post"}],"author":[{"embeddable":true,"href":"https:\/\/esreviral.com\/index.php?rest_route=\/wp\/v2\/users\/2"}],"replies":[{"embeddable":true,"href":"https:\/\/esreviral.com\/index.php?rest_route=%2Fwp%2Fv2%2Fcomments&post=42356"}],"version-history":[{"count":0,"href":"https:\/\/esreviral.com\/index.php?rest_route=\/wp\/v2\/posts\/42356\/revisions"}],"wp:featuredmedia":[{"embeddable":true,"href":"https:\/\/esreviral.com\/index.php?rest_route=\/wp\/v2\/media\/42357"}],"wp:attachment":[{"href":"https:\/\/esreviral.com\/index.php?rest_route=%2Fwp%2Fv2%2Fmedia&parent=42356"}],"wp:term":[{"taxonomy":"category","embeddable":true,"href":"https:\/\/esreviral.com\/index.php?rest_route=%2Fwp%2Fv2%2Fcategories&post=42356"},{"taxonomy":"post_tag","embeddable":true,"href":"https:\/\/esreviral.com\/index.php?rest_route=%2Fwp%2Fv2%2Ftags&post=42356"}],"curies":[{"name":"wp","href":"https:\/\/api.w.org\/{rel}","templated":true}]}}