{"id":42312,"date":"2023-09-14T08:19:52","date_gmt":"2023-09-14T13:19:52","guid":{"rendered":"https:\/\/esreviral.com\/?p=42312"},"modified":"2023-09-14T08:22:10","modified_gmt":"2023-09-14T13:22:10","slug":"dos-venezolanos-y-un-nino-murieron-tapiados-en-un-deslizamiento-de-tierra-en-colombia","status":"publish","type":"post","link":"https:\/\/esreviral.com\/?p=42312","title":{"rendered":"Dos venezolanos y un ni\u00f1o murieron tapiados en un deslizamiento de tierra en Colombia"},"content":{"rendered":"\n<p><strong>El pasado lunes 11 de septiembre dos venezolanos y un ni\u00f1o fallecieron luego de ocurrir un deslizamiento de tierra en el que qued\u00f3 sepultado gran parte de una vivienda, en el departamento colombiano de Antioquia.<\/strong><\/p>\n\n\n\n<p>Diego Pe\u00f1a, encargado del Departamento Administrativo de Gesti\u00f3n del Riesgo de Antioquia (Dagran), se\u00f1al\u00f3<strong><em> \u201cel evento ocurri\u00f3 en horas de la madrugada las fuertes lluvias produjeron un deslizamiento afectando a una vivienda en el corregimiento de Porce, en donde fallecen tres personas entre ellos dos venezolanos y un ni\u00f1o\u201d.<\/em><\/strong><\/p>\n\n\n\n<p>Igualmente agreg\u00f3 que <strong>\u201cno esperamos que haya personas atrapadas\u201d<\/strong> despu\u00e9s de revisar las im\u00e1genes y la informaci\u00f3n compartida por las autoridades municipales, que muestra que se trat\u00f3 de<strong><em> \u201cun proceso de remoci\u00f3n en masa muy puntual; fue un movimiento peque\u00f1o, pero hab\u00eda un nivel de exposici\u00f3n de las viviendas\u201d.<\/em><\/strong><\/p>\n\n\n\n<p>Pe\u00f1a record\u00f3 que el pa\u00eds est\u00e1 bajo la consolidaci\u00f3n del <strong>fen\u00f3meno de El Ni\u00f1o,<\/strong> pero esto <strong><em>\u201cno impide la ocurrencia de lluvias\u201d<\/em><\/strong>, por lo tanto <strong><em>\u201chay que estar alerta\u201d <\/em><\/strong>al iniciar tambi\u00e9n un periodo de transici\u00f3n hacia la segunda temporada de lluvias del pa\u00eds.<\/p>\n\n\n\n<figure class=\"wp-block-embed is-type-rich is-provider-twitter wp-block-embed-twitter\"><div class=\"wp-block-embed__wrapper\">\n<blockquote class=\"twitter-tweet\" data-width=\"500\" data-dnt=\"true\"><p lang=\"es\" dir=\"ltr\">DOLOR. Consejo Municipal de Gesti\u00f3n del Riesgo de Santo Domingo nos reporta una persona fallecida en deslizamiento sobre una vivienda del corregimiento Porce. 3 personas fueron rescatadas con vida y avanzan labores de b\u00fasqueda de otros posibles desaparecidos. SOLIDARIDAD \ud83d\ude4f\ud83c\udffb <a href=\"https:\/\/t.co\/QvKm2l3fe3\">pic.twitter.com\/QvKm2l3fe3<\/a><\/p>&mdash; An\u00edbal Gaviria Correa (@anibalgaviria) <a href=\"https:\/\/twitter.com\/anibalgaviria\/status\/1701219796832981095?ref_src=twsrc%5Etfw\">September 11, 2023<\/a><\/blockquote><script async src=\"https:\/\/platform.twitter.com\/widgets.js\" charset=\"utf-8\"><\/script>\n<\/div><\/figure>\n\n\n\n<p><strong><em>Con informaci\u00f3n de Notitarde<\/em><\/strong><\/p>\n","protected":false},"excerpt":{"rendered":"<p>El pasado lunes 11 de septiembre dos venezolanos y un ni\u00f1o fallecieron luego de ocurrir un deslizamiento de tierra en el que qued\u00f3 sepultado gran parte de una vivienda, en el departamento colombiano de Antioquia. Diego Pe\u00f1a, encargado del Departamento Administrativo de Gesti\u00f3n del Riesgo de Antioquia (Dagran), se\u00f1al\u00f3 \u201cel evento ocurri\u00f3 en horas de [&hellip;]<\/p>\n","protected":false},"author":5,"featured_media":42313,"comment_status":"closed","ping_status":"closed","sticky":false,"template":"","format":"standard","meta":{"jnews-multi-image_gallery":[],"jnews_single_post":{"subtitle":"","format":"standard","video":"","gallery":"","source_name":"","source_url":"","via_name":"","via_url":"","override_template":"0","override":[{"template":"4","single_blog_custom":"","parallax":"1","fullscreen":"1","layout":"right-sidebar","sidebar":"default-sidebar","second_sidebar":"default-sidebar","sticky_sidebar":"1","share_position":"top","share_float_style":"share-monocrhome","show_share_counter":"1","show_view_counter":"1","show_featured":"1","show_post_meta":"1","show_post_author":"1","show_post_author_image":"1","show_post_date":"1","post_date_format":"default","post_date_format_custom":"Y\/m\/d","show_post_category":"1","show_post_reading_time":"1","post_reading_time_wpm":"300","show_zoom_button":"1","zoom_button_out_step":"2","zoom_button_in_step":"3","show_post_tag":"1","show_prev_next_post":"1","show_popup_post":"1","number_popup_post":"1","show_author_box":"1","show_post_related":"1","show_inline_post_related":"0"}],"override_image_size":"0","image_override":[{"single_post_thumbnail_size":"crop-500","single_post_gallery_size":"crop-500"}],"trending_post":"0","trending_post_position":"meta","trending_post_label":"Trending","sponsored_post":"0","sponsored_post_label":"Sponsored by","sponsored_post_name":"","sponsored_post_url":"","sponsored_post_logo_enable":"0","sponsored_post_logo":"","sponsored_post_desc":"","disable_ad":"0"},"jnews_primary_category":{"id":"","hide":""},"jnews_social_meta":{"fb_title":"","fb_description":"","fb_image":"","twitter_title":"","twitter_description":"","twitter_image":""},"jnews_review":[],"enable_review":"0","type":"percentage","name":"","summary":"","brand":"","sku":"","good":[{"good_text":""}],"bad":[{"bad_text":""}],"score_override":"","override_value":"","rating":[{"rating_text":"","rating_number":"10"}],"price":[{"shop":"","price":"","link":"","icon":""}],"jnews_override_counter":{"override_view_counter":"0","view_counter_number":"0","override_share_counter":"0","share_counter_number":"0","override_like_counter":"0","like_counter_number":"0","override_dislike_counter":"0","dislike_counter_number":"0"},"jnews_post_split":{"enable_post_split":"0","post_split":[{"template":"1","tag":"h2","numbering":"asc","mode":"normal","first":"0","enable_toc":"0","toc_type":"normal"}]},"footnotes":""},"categories":[43,88,64],"tags":[283,743],"class_list":["post-42312","post","type-post","status-publish","format-standard","has-post-thumbnail","hentry","category-actualidad","category-internacionales","category-sucesos","tag-colombia","tag-venezolanos-en-colombia"],"amp_enabled":true,"_links":{"self":[{"href":"https:\/\/esreviral.com\/index.php?rest_route=\/wp\/v2\/posts\/42312"}],"collection":[{"href":"https:\/\/esreviral.com\/index.php?rest_route=\/wp\/v2\/posts"}],"about":[{"href":"https:\/\/esreviral.com\/index.php?rest_route=\/wp\/v2\/types\/post"}],"author":[{"embeddable":true,"href":"https:\/\/esreviral.com\/index.php?rest_route=\/wp\/v2\/users\/5"}],"replies":[{"embeddable":true,"href":"https:\/\/esreviral.com\/index.php?rest_route=%2Fwp%2Fv2%2Fcomments&post=42312"}],"version-history":[{"count":0,"href":"https:\/\/esreviral.com\/index.php?rest_route=\/wp\/v2\/posts\/42312\/revisions"}],"wp:featuredmedia":[{"embeddable":true,"href":"https:\/\/esreviral.com\/index.php?rest_route=\/wp\/v2\/media\/42313"}],"wp:attachment":[{"href":"https:\/\/esreviral.com\/index.php?rest_route=%2Fwp%2Fv2%2Fmedia&parent=42312"}],"wp:term":[{"taxonomy":"category","embeddable":true,"href":"https:\/\/esreviral.com\/index.php?rest_route=%2Fwp%2Fv2%2Fcategories&post=42312"},{"taxonomy":"post_tag","embeddable":true,"href":"https:\/\/esreviral.com\/index.php?rest_route=%2Fwp%2Fv2%2Ftags&post=42312"}],"curies":[{"name":"wp","href":"https:\/\/api.w.org\/{rel}","templated":true}]}}