{"id":4230,"date":"2021-02-19T18:21:13","date_gmt":"2021-02-19T21:21:13","guid":{"rendered":"http:\/\/esreviral.com\/?p=4230"},"modified":"2021-02-19T18:21:13","modified_gmt":"2021-02-19T21:21:13","slug":"despidieron-de-la-radio-al-periodista-que-confeso-haberse-vacunado-por-ser-viejo-amigo-del-exministro-de-salud","status":"publish","type":"post","link":"https:\/\/esreviral.com\/?p=4230","title":{"rendered":"Despidieron de la radio al periodista que confes\u00f3 haberse vacunado por ser \u00abviejo amigo\u00bb del exministro de salud"},"content":{"rendered":"\n<p>El periodista y director de la radio El Destape, en la que trabajaba Horacio Verbitsky, anunci\u00f3 a trav\u00e9s del twitter el despido del periodista, quien en su columna, confes\u00f3 haber recibido la vacuna anticovid, luego de pedirle el favor a \u00absu viejo amigo\u00bb, Gin\u00e9s Gonz\u00e1lez Garc\u00eda. <\/p>\n\n\n\n<figure class=\"wp-block-embed-twitter wp-block-embed is-type-rich is-provider-twitter\"><div class=\"wp-block-embed__wrapper\">\n<blockquote class=\"twitter-tweet\" data-width=\"500\" data-dnt=\"true\"><p lang=\"es\" dir=\"ltr\">Es una inmoralidad que con 50 mil muertos haya vacunados VIP. <br><br>Es inmoral quien lo autoriz\u00f3 y quien se vacun\u00f3. <br><br>Aqu\u00ed no hay inocentes. Y alguna opereta atr\u00e1s seguro habr\u00e1.<br><br>Le hice saber a <a href=\"https:\/\/twitter.com\/VerbitskyH?ref_src=twsrc%5Etfw\">@VerbitskyH<\/a> que ya no seguir\u00e1 con sus columnas en <a href=\"https:\/\/twitter.com\/eldestape_radio?ref_src=twsrc%5Etfw\">@eldestape_radio<\/a> <a href=\"https:\/\/t.co\/hh4EkKQKLo\">https:\/\/t.co\/hh4EkKQKLo<\/a><\/p>&mdash; Roberto Navarro (@robdnavarro) <a href=\"https:\/\/twitter.com\/robdnavarro\/status\/1362868008302084100?ref_src=twsrc%5Etfw\">February 19, 2021<\/a><\/blockquote><script async src=\"https:\/\/platform.twitter.com\/widgets.js\" charset=\"utf-8\"><\/script>\n<\/div><\/figure>\n\n\n\n<p>Navarro lament\u00f3 el hecho y calific\u00f3 de \u00abinmoral\u00bb, tal acci\u00f3n.<\/p>\n","protected":false},"excerpt":{"rendered":"<p>El periodista y director de la radio El Destape, en la que trabajaba Horacio Verbitsky, anunci\u00f3 a trav\u00e9s del twitter el despido del periodista, quien en su columna, confes\u00f3 haber recibido la vacuna anticovid, luego de pedirle el favor a \u00absu viejo amigo\u00bb, Gin\u00e9s Gonz\u00e1lez Garc\u00eda. Navarro lament\u00f3 el hecho y calific\u00f3 de \u00abinmoral\u00bb, tal [&hellip;]<\/p>\n","protected":false},"author":2,"featured_media":4231,"comment_status":"open","ping_status":"open","sticky":false,"template":"","format":"standard","meta":{"jnews-multi-image_gallery":[],"jnews_single_post":[],"jnews_primary_category":[],"jnews_social_meta":[],"jnews_review":[],"enable_review":"","type":"","name":"","summary":"","brand":"","sku":"","good":[],"bad":[],"score_override":"","override_value":"","rating":[],"price":[],"jnews_override_counter":[],"jnews_post_split":[],"footnotes":""},"categories":[43,58],"tags":[45,189],"class_list":["post-4230","post","type-post","status-publish","format-standard","has-post-thumbnail","hentry","category-actualidad","category-argentina","tag-noticias","tag-vacuna"],"amp_enabled":true,"_links":{"self":[{"href":"https:\/\/esreviral.com\/index.php?rest_route=\/wp\/v2\/posts\/4230"}],"collection":[{"href":"https:\/\/esreviral.com\/index.php?rest_route=\/wp\/v2\/posts"}],"about":[{"href":"https:\/\/esreviral.com\/index.php?rest_route=\/wp\/v2\/types\/post"}],"author":[{"embeddable":true,"href":"https:\/\/esreviral.com\/index.php?rest_route=\/wp\/v2\/users\/2"}],"replies":[{"embeddable":true,"href":"https:\/\/esreviral.com\/index.php?rest_route=%2Fwp%2Fv2%2Fcomments&post=4230"}],"version-history":[{"count":0,"href":"https:\/\/esreviral.com\/index.php?rest_route=\/wp\/v2\/posts\/4230\/revisions"}],"wp:featuredmedia":[{"embeddable":true,"href":"https:\/\/esreviral.com\/index.php?rest_route=\/"}],"wp:attachment":[{"href":"https:\/\/esreviral.com\/index.php?rest_route=%2Fwp%2Fv2%2Fmedia&parent=4230"}],"wp:term":[{"taxonomy":"category","embeddable":true,"href":"https:\/\/esreviral.com\/index.php?rest_route=%2Fwp%2Fv2%2Fcategories&post=4230"},{"taxonomy":"post_tag","embeddable":true,"href":"https:\/\/esreviral.com\/index.php?rest_route=%2Fwp%2Fv2%2Ftags&post=4230"}],"curies":[{"name":"wp","href":"https:\/\/api.w.org\/{rel}","templated":true}]}}