{"id":42290,"date":"2023-09-13T18:59:05","date_gmt":"2023-09-13T23:59:05","guid":{"rendered":"https:\/\/esreviral.com\/?p=42290"},"modified":"2023-09-13T18:59:07","modified_gmt":"2023-09-13T23:59:07","slug":"milei-y-su-novia-seran-los-primeros-invitados-a-la-mesa-de-mirtha-legand","status":"publish","type":"post","link":"https:\/\/esreviral.com\/?p=42290","title":{"rendered":"Milei y su novia ser\u00e1n los primeros invitados a la mesa de Mirtha Legand"},"content":{"rendered":"\n<p><strong>Mirtha Legrand\u00a0<\/strong>vuelve con todo a\u00a0la pantalla de El Trece el 23 de septiembre pr\u00f3ximo. Seg\u00fan se supo ahora, los primeros invitados ser\u00e1n los integrantes de la flamante pareja de la que todos hablan:\u00a0<strong>Javier Milei y F\u00e1tima Fl\u00f3rez<\/strong>.<\/p>\n\n\n\n<p>Trabajadora incansable, a sus 96 a\u00f1os, Mirtha ven\u00eda diciendo en todas las notas que le estuvieron haciendo que su deseo era que se terminaran de resolver las negociaciones entre su nieto y productor Nacho Viale y las autoridades de El Trece para recomenzar con sus cl\u00e1sicas cenas televisadas los s\u00e1bados por la noche.<\/p>\n\n\n\n<p>Como se recordar\u00e1, Javier Milei y F\u00e1tima Fl\u00f3rez se conocieron personalmente en la mesa de Mirtha Legrand. Por eso, nada mejor que la idea de que la Chiqui reciba de nuevo al ahora candidato a Presidente de la Rep\u00fablica Argentina y la popular actriz, que ahora son novios.<\/p>\n\n\n\n<p>A la hora de responder sobre esa cuesti\u00f3n, el candidato presidencial se mostr\u00f3 muy prudente. \u201cTenemos con F\u00e1tima una muy hermosa relaci\u00f3n, pero estamos dando los primeros pasos -sostuvo-. No corramos, hagamos las cosas con cautela, que podamos crecer en nuestra relaci\u00f3n de manera sana\u201d.<img decoding=\"async\" width=\"720\" height=\"0\" src=\"https:\/\/www.clarin.com\/img\/2023\/08\/21\/_LIcz7Qdx_720x0__1.jpg\" alt=\"Javier Milei y F\u00e1tima Fl\u00f3rez cenar\u00e1n con Mirtha Legrand en El Trece. \"><\/p>\n\n\n\n<p>En tal sentido, Javier Milei dijo, en di\u00e1logo con Radio Continental: <strong>\u00abVamos a ir al programa de Mirtha con F\u00e1tima. Es muy lindo que pase eso, porque si bien nosotros mantenemos nuestras exposiciones medi\u00e1ticas por separado, porque pensamos que nuestros trabajos no tienen que generar contaminaci\u00f3n cruzada, de alguna manera lo que nosotros tambi\u00e9n pensamos es que es el lugar donde nos conocimos\u00bb.<\/strong><\/p>\n\n\n\n<p>Dicho eso, el l\u00edder de La Libertad Avanza afirm\u00f3 que la mesa de Mirtha Legrand \u00abes un muy lindo lugar para que estemos juntos porque es el lugar donde justamente nos conocimos en persona\u201d.<\/p>\n\n\n\n<p>Como era de esperar, en la entrevista radial, a Javier Milei le preguntaron si \u00e9l y F\u00e1tima Fl\u00f3rez tienen previsto hacer en el ciclo de Mirtha alg\u00fan anuncio especial sobre el futuro de la pareja.<\/p>\n\n\n\n<p class=\"has-text-align-right\"><strong><em>Clar\u00edn.-<\/em><\/strong><\/p>\n","protected":false},"excerpt":{"rendered":"<p>Mirtha Legrand\u00a0vuelve con todo a\u00a0la pantalla de El Trece el 23 de septiembre pr\u00f3ximo. Seg\u00fan se supo ahora, los primeros invitados ser\u00e1n los integrantes de la flamante pareja de la que todos hablan:\u00a0Javier Milei y F\u00e1tima Fl\u00f3rez. Trabajadora incansable, a sus 96 a\u00f1os, Mirtha ven\u00eda diciendo en todas las notas que le estuvieron haciendo que [&hellip;]<\/p>\n","protected":false},"author":2,"featured_media":42291,"comment_status":"open","ping_status":"closed","sticky":false,"template":"","format":"standard","meta":{"jnews-multi-image_gallery":[],"jnews_single_post":{"subtitle":"","format":"standard","video":"","gallery":"","source_name":"","source_url":"","via_name":"","via_url":"","override_template":"0","override":[{"template":"4","single_blog_custom":"","parallax":"1","fullscreen":"1","layout":"right-sidebar","sidebar":"default-sidebar","second_sidebar":"default-sidebar","sticky_sidebar":"1","share_position":"top","share_float_style":"share-monocrhome","show_share_counter":"1","show_view_counter":"1","show_featured":"1","show_post_meta":"1","show_post_author":"1","show_post_author_image":"1","show_post_date":"1","post_date_format":"default","post_date_format_custom":"Y\/m\/d","show_post_category":"1","show_post_reading_time":"1","post_reading_time_wpm":"300","show_zoom_button":"1","zoom_button_out_step":"2","zoom_button_in_step":"3","show_post_tag":"1","show_prev_next_post":"1","show_popup_post":"1","number_popup_post":"1","show_author_box":"1","show_post_related":"1","show_inline_post_related":"0"}],"override_image_size":"0","image_override":[{"single_post_thumbnail_size":"crop-500","single_post_gallery_size":"crop-500"}],"trending_post":"0","trending_post_position":"meta","trending_post_label":"Trending","sponsored_post":"0","sponsored_post_label":"Sponsored by","sponsored_post_name":"","sponsored_post_url":"","sponsored_post_logo_enable":"0","sponsored_post_logo":"","sponsored_post_desc":"","disable_ad":"0"},"jnews_primary_category":{"id":"","hide":""},"jnews_social_meta":[],"jnews_review":[],"enable_review":"","type":"","name":"","summary":"","brand":"","sku":"","good":[],"bad":[],"score_override":"","override_value":"","rating":[],"price":[],"jnews_override_counter":[],"jnews_post_split":[],"footnotes":""},"categories":[50],"tags":[12252,1158,443],"class_list":["post-42290","post","type-post","status-publish","format-standard","has-post-thumbnail","hentry","category-entretenimiento","tag-fatima-florez-2","tag-javier-milei","tag-mirtha-legrand"],"_links":{"self":[{"href":"https:\/\/esreviral.com\/index.php?rest_route=\/wp\/v2\/posts\/42290","targetHints":{"allow":["GET"]}}],"collection":[{"href":"https:\/\/esreviral.com\/index.php?rest_route=\/wp\/v2\/posts"}],"about":[{"href":"https:\/\/esreviral.com\/index.php?rest_route=\/wp\/v2\/types\/post"}],"author":[{"embeddable":true,"href":"https:\/\/esreviral.com\/index.php?rest_route=\/wp\/v2\/users\/2"}],"replies":[{"embeddable":true,"href":"https:\/\/esreviral.com\/index.php?rest_route=%2Fwp%2Fv2%2Fcomments&post=42290"}],"version-history":[{"count":0,"href":"https:\/\/esreviral.com\/index.php?rest_route=\/wp\/v2\/posts\/42290\/revisions"}],"wp:featuredmedia":[{"embeddable":true,"href":"https:\/\/esreviral.com\/index.php?rest_route=\/wp\/v2\/media\/42291"}],"wp:attachment":[{"href":"https:\/\/esreviral.com\/index.php?rest_route=%2Fwp%2Fv2%2Fmedia&parent=42290"}],"wp:term":[{"taxonomy":"category","embeddable":true,"href":"https:\/\/esreviral.com\/index.php?rest_route=%2Fwp%2Fv2%2Fcategories&post=42290"},{"taxonomy":"post_tag","embeddable":true,"href":"https:\/\/esreviral.com\/index.php?rest_route=%2Fwp%2Fv2%2Ftags&post=42290"}],"curies":[{"name":"wp","href":"https:\/\/api.w.org\/{rel}","templated":true}]}}