{"id":42283,"date":"2023-09-13T09:32:30","date_gmt":"2023-09-13T14:32:30","guid":{"rendered":"https:\/\/esreviral.com\/?p=42283"},"modified":"2023-09-13T09:51:57","modified_gmt":"2023-09-13T14:51:57","slug":"liberaron-a-tres-venezolanos-que-estaban-secuestrados-en-mexico","status":"publish","type":"post","link":"https:\/\/esreviral.com\/?p=42283","title":{"rendered":"Liberaron a tres venezolanos que estaban secuestrados en M\u00e9xico"},"content":{"rendered":"\n<p>Tres\u00a0migrantes venezolanos\u00a0que se<strong>\u00a0encontraban secuestrados en M\u00e9xico<\/strong>\u00a0fueron liberados el martes luego de una semana.<\/p>\n\n\n\n<p>Juan Manuel Bustillo, su esposa Heberlins P\u00e9rez y su cu\u00f1ado Heberson P\u00e9rez salieron en libertad despu\u00e9s de que los raptaron en Monterrey, en el estado de Nuevo Le\u00f3n.<\/p>\n\n\n\n<p>Sus allegados confirmaron la informaci\u00f3n, rese\u00f1\u00f3 el diario zuliano\u00a0<em>Panorama<\/em>. <\/p>\n\n\n\n<p><strong>Dijeron\u00a0que los ciudadanos est\u00e1n bien de salud y que\u00a0continuar\u00e1n su camino\u00a0hacia Estados Unidos.<\/strong><\/p>\n\n\n\n<p>Los extranjeros tuvieron que pagar un rescate para que los liberaran, aunque se desconoce la cantidad de dinero que los victimarios les estaban exigiendo.<\/p>\n\n\n\n<p>Tampoco se sabe c\u00f3mo ocurri\u00f3 el secuestro, c\u00f3mo eran las condiciones y si hubo alg\u00fan despliegue para lograr sacarlos del sitio en donde se encontraban.<\/p>\n\n\n\n<p>Junto a los tres venezolanos&nbsp;<strong>se encontraban otros cinco connacionales,<\/strong>&nbsp;que tambi\u00e9n fueron liberados.<\/p>\n\n\n\n<p>Hay que destacar que el secuestro en M\u00e9xico ha repuntado al igual que el n\u00famero de extranjeros que se dirigen a Estados Unidos.<\/p>\n\n\n\n<p><strong><em>Con informaci\u00f3n de El Nacional <\/em><\/strong><\/p>\n","protected":false},"excerpt":{"rendered":"<p>Tres\u00a0migrantes venezolanos\u00a0que se\u00a0encontraban secuestrados en M\u00e9xico\u00a0fueron liberados el martes luego de una semana. Juan Manuel Bustillo, su esposa Heberlins P\u00e9rez y su cu\u00f1ado Heberson P\u00e9rez salieron en libertad despu\u00e9s de que los raptaron en Monterrey, en el estado de Nuevo Le\u00f3n. Sus allegados confirmaron la informaci\u00f3n, rese\u00f1\u00f3 el diario zuliano\u00a0Panorama. Dijeron\u00a0que los ciudadanos est\u00e1n bien [&hellip;]<\/p>\n","protected":false},"author":5,"featured_media":42284,"comment_status":"closed","ping_status":"closed","sticky":false,"template":"","format":"standard","meta":{"jnews-multi-image_gallery":[],"jnews_single_post":{"subtitle":"","format":"standard","video":"","gallery":"","source_name":"","source_url":"","via_name":"","via_url":"","override_template":"0","override":[{"template":"4","single_blog_custom":"","parallax":"1","fullscreen":"1","layout":"right-sidebar","sidebar":"default-sidebar","second_sidebar":"default-sidebar","sticky_sidebar":"1","share_position":"top","share_float_style":"share-monocrhome","show_share_counter":"1","show_view_counter":"1","show_featured":"1","show_post_meta":"1","show_post_author":"1","show_post_author_image":"1","show_post_date":"1","post_date_format":"default","post_date_format_custom":"Y\/m\/d","show_post_category":"1","show_post_reading_time":"1","post_reading_time_wpm":"300","show_zoom_button":"1","zoom_button_out_step":"2","zoom_button_in_step":"3","show_post_tag":"1","show_prev_next_post":"1","show_popup_post":"1","number_popup_post":"1","show_author_box":"1","show_post_related":"1","show_inline_post_related":"0"}],"override_image_size":"0","image_override":[{"single_post_thumbnail_size":"crop-500","single_post_gallery_size":"crop-500"}],"trending_post":"0","trending_post_position":"meta","trending_post_label":"Trending","sponsored_post":"0","sponsored_post_label":"Sponsored by","sponsored_post_name":"","sponsored_post_url":"","sponsored_post_logo_enable":"0","sponsored_post_logo":"","sponsored_post_desc":"","disable_ad":"0"},"jnews_primary_category":{"id":"","hide":""},"jnews_social_meta":{"fb_title":"","fb_description":"","fb_image":"","twitter_title":"","twitter_description":"","twitter_image":""},"jnews_review":[],"enable_review":"0","type":"percentage","name":"","summary":"","brand":"","sku":"","good":[{"good_text":""}],"bad":[{"bad_text":""}],"score_override":"","override_value":"","rating":[{"rating_text":"","rating_number":"10"}],"price":[{"shop":"","price":"","link":"","icon":""}],"jnews_override_counter":{"override_view_counter":"0","view_counter_number":"0","override_share_counter":"0","share_counter_number":"0","override_like_counter":"0","like_counter_number":"0","override_dislike_counter":"0","dislike_counter_number":"0"},"jnews_post_split":{"enable_post_split":"0","post_split":[{"template":"1","tag":"h2","numbering":"asc","mode":"normal","first":"0","enable_toc":"0","toc_type":"normal"}]},"footnotes":""},"categories":[43,88,64],"tags":[457,798],"class_list":["post-42283","post","type-post","status-publish","format-standard","has-post-thumbnail","hentry","category-actualidad","category-internacionales","category-sucesos","tag-mexico","tag-venezolanos-en-mexico"],"amp_enabled":true,"_links":{"self":[{"href":"https:\/\/esreviral.com\/index.php?rest_route=\/wp\/v2\/posts\/42283"}],"collection":[{"href":"https:\/\/esreviral.com\/index.php?rest_route=\/wp\/v2\/posts"}],"about":[{"href":"https:\/\/esreviral.com\/index.php?rest_route=\/wp\/v2\/types\/post"}],"author":[{"embeddable":true,"href":"https:\/\/esreviral.com\/index.php?rest_route=\/wp\/v2\/users\/5"}],"replies":[{"embeddable":true,"href":"https:\/\/esreviral.com\/index.php?rest_route=%2Fwp%2Fv2%2Fcomments&post=42283"}],"version-history":[{"count":0,"href":"https:\/\/esreviral.com\/index.php?rest_route=\/wp\/v2\/posts\/42283\/revisions"}],"wp:featuredmedia":[{"embeddable":true,"href":"https:\/\/esreviral.com\/index.php?rest_route=\/wp\/v2\/media\/42284"}],"wp:attachment":[{"href":"https:\/\/esreviral.com\/index.php?rest_route=%2Fwp%2Fv2%2Fmedia&parent=42283"}],"wp:term":[{"taxonomy":"category","embeddable":true,"href":"https:\/\/esreviral.com\/index.php?rest_route=%2Fwp%2Fv2%2Fcategories&post=42283"},{"taxonomy":"post_tag","embeddable":true,"href":"https:\/\/esreviral.com\/index.php?rest_route=%2Fwp%2Fv2%2Ftags&post=42283"}],"curies":[{"name":"wp","href":"https:\/\/api.w.org\/{rel}","templated":true}]}}