{"id":42263,"date":"2023-09-13T07:29:00","date_gmt":"2023-09-13T12:29:00","guid":{"rendered":"https:\/\/esreviral.com\/?p=42263"},"modified":"2023-09-13T07:29:01","modified_gmt":"2023-09-13T12:29:01","slug":"denuncian-por-abuso-sexual-a-gerardo-gonzalez-candidato-a-diputado-de-javier-milei-en-formosa","status":"publish","type":"post","link":"https:\/\/esreviral.com\/?p=42263","title":{"rendered":"Denuncian por abuso sexual a Gerardo Gonz\u00e1lez, candidato a diputado de Javier Milei en Formosa"},"content":{"rendered":"\n<p><strong>Gerardo Gonz\u00e1lez, quien ser\u00eda electo\u00a0diputado nacional\u00a0de repetirse los resultados de las\u00a0PASO, fue denunciado por\u00a0abuso sexual\u00a0por una mujer de 35 a\u00f1os que participa de la campa\u00f1a presidencial de\u00a0Javier Milei, por quien fiscaliz\u00f3 en las primarias.<\/strong><\/p>\n\n\n\n<p>La\u00a0denuncia por abuso sexual y laboral\u00a0fue realizada ante el\u00a0Ministerio P\u00fablico Fiscal\u00a0por parte de una mujer llamada\u00a0Leyla Naser\u00a0que, posteriormente, subi\u00f3 un video donde detall\u00f3 que en primera instancia fue <strong><em>\u00abdesestimada la acusaci\u00f3n en una dependencia policial\u00bb<\/em><\/strong>. <\/p>\n\n\n\n<p>En su denuncia -donde interviene el Juzgado de Instrucci\u00f3n y Correccional N\u00b0 4 de Formosa- tambi\u00e9n incluye a\u00a0Francisco Paoltroni, candidato a gobernador y actualmente candidato a senador nacional por\u00a0La Libertad Avanza.<\/p>\n\n\n\n<p>La denunciante se\u00f1al\u00f3 que de forma voluntaria fiscaliz\u00f3 para el partido de\u00a0La Libertad Avanza\u00a0en\u00a0Formosa\u00a0y que, en ese marco, fue invitada a participar de una reuni\u00f3n de organizaci\u00f3n de campa\u00f1a. All\u00ed es donde ingresa\u00a0Gerardo Gonz\u00e1lez, primer candidato a diputado nacional por el espacio de\u00a0Javier Milei, quien pas\u00f3 a buscar a\u00a0Naser\u00a0en su veh\u00edculo personal.<\/p>\n\n\n\n<blockquote class=\"wp-block-quote is-layout-flow wp-block-quote-is-layout-flow\">\n<p><strong><em>\u00abDurante el viaje, \u00e9l me pide que lo acompa\u00f1e a buscar algunas cosas y vino solo en el auto a buscarme. Yo acept\u00e9 sin problema, ya que me dijo que despu\u00e9s ir\u00edamos a la reuni\u00f3n\u00bb, <\/em><\/strong>precis\u00f3 la mujer quien se\u00f1al\u00f3 que <strong><em>\u00abla reuni\u00f3n nunca existi\u00f3\u00bb\u00a0<\/em><\/strong>y que\u00a0<strong>Gonz\u00e1lez\u00a0<\/strong>\u00ab<strong>me llev\u00f3 a un lugar muy retirado de la provincia donde sucedi\u00f3 una situaci\u00f3n de\u00a0acoso sexual\u00a0y\u00a0laboral. Yo no sab\u00eda qu\u00e9 hacer porque tampoco quer\u00eda complicar a mi partido,\u00a0La Libertad Avanza\u00bb.<\/strong><\/p>\n<\/blockquote>\n\n\n\n<p>En su descargo, la denunciante manifest\u00f3 que decidi\u00f3 <strong><em>\u00abllamar a los dirigentes del partido en\u00a0Formosa, la se\u00f1orita\u00a0Emilia Masiel\u00bb, pero \u00abestas personas, lejos de ayudarme y contenerme, se estaban riendo de la situaci\u00f3n. El se\u00f1or\u00a0Francisco Paoltroni\u00a0jam\u00e1s me llam\u00f3 por tel\u00e9fono, y la se\u00f1orita\u00a0Emilia Masiel\u00a0me envi\u00f3 mensajes de texto burl\u00e1ndose de la situaci\u00f3n y normaliz\u00e1ndola, alegando que &#8216;siempre pasa'\u00bb. \u00abMe dijo que\u00a0ten\u00eda que pensar en que Gerardo Gonz\u00e1lez ser\u00eda diputado nacional\u00bb<\/em><\/strong>, apunt\u00f3.<\/p>\n\n\n\n<p>Adem\u00e1s, afirm\u00f3: <strong><em>\u00abNo voy a parar porque no soy la \u00fanica a la que le ha sucedido esto, y el se\u00f1or tiene otras causas y situaciones similares\u00bb. \u00abEste partido atrae a muchos j\u00f3venes y jovencitas que participan porque un dirigente es quien los llama. En mi caso, esa persona fue\u00a0Francisco Paoltroni. Ni \u00e9l ni\u00a0Emilia Masiel\u00a0se han comunicado conmigo y me han bloqueado en el celular\u00bb,<\/em><\/strong> concluy\u00f3.<\/p>\n\n\n\n<p><strong><em>Tomado de \u00c1mbito<\/em><\/strong><\/p>\n","protected":false},"excerpt":{"rendered":"<p>Gerardo Gonz\u00e1lez, quien ser\u00eda electo\u00a0diputado nacional\u00a0de repetirse los resultados de las\u00a0PASO, fue denunciado por\u00a0abuso sexual\u00a0por una mujer de 35 a\u00f1os que participa de la campa\u00f1a presidencial de\u00a0Javier Milei, por quien fiscaliz\u00f3 en las primarias. La\u00a0denuncia por abuso sexual y laboral\u00a0fue realizada ante el\u00a0Ministerio P\u00fablico Fiscal\u00a0por parte de una mujer llamada\u00a0Leyla Naser\u00a0que, posteriormente, subi\u00f3 un video [&hellip;]<\/p>\n","protected":false},"author":5,"featured_media":42264,"comment_status":"closed","ping_status":"closed","sticky":false,"template":"","format":"standard","meta":{"jnews-multi-image_gallery":[],"jnews_single_post":{"subtitle":"","format":"standard","video":"","gallery":"","source_name":"","source_url":"","via_name":"","via_url":"","override_template":"0","override":[{"template":"4","single_blog_custom":"","parallax":"1","fullscreen":"1","layout":"right-sidebar","sidebar":"default-sidebar","second_sidebar":"default-sidebar","sticky_sidebar":"1","share_position":"top","share_float_style":"share-monocrhome","show_share_counter":"1","show_view_counter":"1","show_featured":"1","show_post_meta":"1","show_post_author":"1","show_post_author_image":"1","show_post_date":"1","post_date_format":"default","post_date_format_custom":"Y\/m\/d","show_post_category":"1","show_post_reading_time":"1","post_reading_time_wpm":"300","show_zoom_button":"1","zoom_button_out_step":"2","zoom_button_in_step":"3","show_post_tag":"1","show_prev_next_post":"1","show_popup_post":"1","number_popup_post":"1","show_author_box":"1","show_post_related":"1","show_inline_post_related":"0"}],"override_image_size":"0","image_override":[{"single_post_thumbnail_size":"crop-500","single_post_gallery_size":"crop-500"}],"trending_post":"0","trending_post_position":"meta","trending_post_label":"Trending","sponsored_post":"0","sponsored_post_label":"Sponsored by","sponsored_post_name":"","sponsored_post_url":"","sponsored_post_logo_enable":"0","sponsored_post_logo":"","sponsored_post_desc":"","disable_ad":"0"},"jnews_primary_category":{"id":"","hide":""},"jnews_social_meta":{"fb_title":"","fb_description":"","fb_image":"","twitter_title":"","twitter_description":"","twitter_image":""},"jnews_review":[],"enable_review":"0","type":"percentage","name":"","summary":"","brand":"","sku":"","good":[{"good_text":""}],"bad":[{"bad_text":""}],"score_override":"","override_value":"","rating":[{"rating_text":"","rating_number":"10"}],"price":[{"shop":"","price":"","link":"","icon":""}],"jnews_override_counter":{"override_view_counter":"0","view_counter_number":"0","override_share_counter":"0","share_counter_number":"0","override_like_counter":"0","like_counter_number":"0","override_dislike_counter":"0","dislike_counter_number":"0"},"jnews_post_split":{"enable_post_split":"0","post_split":[{"template":"1","tag":"h2","numbering":"asc","mode":"normal","first":"0","enable_toc":"0","toc_type":"normal"}]},"footnotes":""},"categories":[43,58,59],"tags":[44,1158],"class_list":["post-42263","post","type-post","status-publish","format-standard","has-post-thumbnail","hentry","category-actualidad","category-argentina","category-politica","tag-argentina","tag-javier-milei"],"amp_enabled":true,"_links":{"self":[{"href":"https:\/\/esreviral.com\/index.php?rest_route=\/wp\/v2\/posts\/42263"}],"collection":[{"href":"https:\/\/esreviral.com\/index.php?rest_route=\/wp\/v2\/posts"}],"about":[{"href":"https:\/\/esreviral.com\/index.php?rest_route=\/wp\/v2\/types\/post"}],"author":[{"embeddable":true,"href":"https:\/\/esreviral.com\/index.php?rest_route=\/wp\/v2\/users\/5"}],"replies":[{"embeddable":true,"href":"https:\/\/esreviral.com\/index.php?rest_route=%2Fwp%2Fv2%2Fcomments&post=42263"}],"version-history":[{"count":0,"href":"https:\/\/esreviral.com\/index.php?rest_route=\/wp\/v2\/posts\/42263\/revisions"}],"wp:featuredmedia":[{"embeddable":true,"href":"https:\/\/esreviral.com\/index.php?rest_route=\/wp\/v2\/media\/42264"}],"wp:attachment":[{"href":"https:\/\/esreviral.com\/index.php?rest_route=%2Fwp%2Fv2%2Fmedia&parent=42263"}],"wp:term":[{"taxonomy":"category","embeddable":true,"href":"https:\/\/esreviral.com\/index.php?rest_route=%2Fwp%2Fv2%2Fcategories&post=42263"},{"taxonomy":"post_tag","embeddable":true,"href":"https:\/\/esreviral.com\/index.php?rest_route=%2Fwp%2Fv2%2Ftags&post=42263"}],"curies":[{"name":"wp","href":"https:\/\/api.w.org\/{rel}","templated":true}]}}