{"id":42239,"date":"2023-09-12T15:25:32","date_gmt":"2023-09-12T20:25:32","guid":{"rendered":"https:\/\/esreviral.com\/?p=42239"},"modified":"2023-09-12T15:25:33","modified_gmt":"2023-09-12T20:25:33","slug":"fallecio-el-dramaturgo-y-director-de-cine-venezolano-roman-chalboud","status":"publish","type":"post","link":"https:\/\/esreviral.com\/?p=42239","title":{"rendered":"Falleci\u00f3 el dramaturgo y director de cine venezolano, Roman Chalboud"},"content":{"rendered":"\n<p>El veterano dramaturgo y director de cine venezolano Rom\u00e1n Chalbaud falleci\u00f3 este martes en Caracas a los 91 a\u00f1os de edad, inform\u00f3 el ministro de Cultura del pa\u00eds suramericano, Ernesto Villegas, sin precisar la causa de la muerte.<\/p>\n\n\n\n<p>C\u00e9sar Miguel Rond\u00f3n, lo inform\u00f3 a trav\u00e9s de sus redes sociales, \u00aba pesar de todas las diferencias que tuvimos, especialmente en los \u00faltimos a\u00f1os, lo recuerdo con cari\u00f1o y gratitud. Mi primer gui\u00f3n filmado (antes escrib\u00ed otros que no se hicieron) fue Cangrejo II. Luego, con su sobrina, M\u00f3nica Monta\u00f1\u00e9s, hicimos televisi\u00f3n. Era un buen hombre, llano y cordial. Paz a su alma\u00bb, escribi\u00f3 el locutor. <\/p>\n\n\n\n<p>Chalbaud, quien naci\u00f3 en el estado M\u00e9rida, en el oeste de Venezuela, el 10 de octubre de 1931, fue presidente del Instituto Latinoamericano de Teatro (ILAT), fundador del \u00abNuevo Grupo\u00bb y laureado con los premios nacionales venezolanos de Teatro (1984) y de Cine (1990).<\/p>\n\n\n\n<p>El cineasta, creador de pel\u00edculas emblem\u00e1ticas como \u00abEl pez que fuma\u00bb (1977) y \u00abCangrejo\u00bb (1982), present\u00f3 en 2011 en Pek\u00edn su filme \u00abD\u00edas de poder\u00bb, que refleja los cambios sociopol\u00edticos del pa\u00eds caribe\u00f1o en los a\u00f1os 50 a partir de la rivalidad entre un padre y su hijo.<\/p>\n","protected":false},"excerpt":{"rendered":"<p>El veterano dramaturgo y director de cine venezolano Rom\u00e1n Chalbaud falleci\u00f3 este martes en Caracas a los 91 a\u00f1os de edad, inform\u00f3 el ministro de Cultura del pa\u00eds suramericano, Ernesto Villegas, sin precisar la causa de la muerte. C\u00e9sar Miguel Rond\u00f3n, lo inform\u00f3 a trav\u00e9s de sus redes sociales, \u00aba pesar de todas las diferencias [&hellip;]<\/p>\n","protected":false},"author":2,"featured_media":42240,"comment_status":"open","ping_status":"closed","sticky":false,"template":"","format":"standard","meta":{"jnews-multi-image_gallery":[],"jnews_single_post":{"subtitle":"","format":"standard","video":"","gallery":"","source_name":"","source_url":"","via_name":"","via_url":"","override_template":"0","override":[{"template":"4","single_blog_custom":"","parallax":"1","fullscreen":"1","layout":"right-sidebar","sidebar":"default-sidebar","second_sidebar":"default-sidebar","sticky_sidebar":"1","share_position":"top","share_float_style":"share-monocrhome","show_share_counter":"1","show_view_counter":"1","show_featured":"1","show_post_meta":"1","show_post_author":"1","show_post_author_image":"1","show_post_date":"1","post_date_format":"default","post_date_format_custom":"Y\/m\/d","show_post_category":"1","show_post_reading_time":"1","post_reading_time_wpm":"300","show_zoom_button":"1","zoom_button_out_step":"2","zoom_button_in_step":"3","show_post_tag":"1","show_prev_next_post":"1","show_popup_post":"1","number_popup_post":"1","show_author_box":"1","show_post_related":"1","show_inline_post_related":"0"}],"override_image_size":"0","image_override":[{"single_post_thumbnail_size":"crop-500","single_post_gallery_size":"crop-500"}],"trending_post":"0","trending_post_position":"meta","trending_post_label":"Trending","sponsored_post":"0","sponsored_post_label":"Sponsored by","sponsored_post_name":"","sponsored_post_url":"","sponsored_post_logo_enable":"0","sponsored_post_logo":"","sponsored_post_desc":"","disable_ad":"0"},"jnews_primary_category":{"id":"","hide":""},"jnews_social_meta":{"fb_title":"","fb_description":"","fb_image":"","twitter_title":"","twitter_description":"","twitter_image":""},"jnews_review":[],"enable_review":"0","type":"percentage","name":"","summary":"","brand":"","sku":"","good":[{"good_text":""}],"bad":[{"bad_text":""}],"score_override":"","override_value":"","rating":[{"rating_text":"","rating_number":"10"}],"price":[{"shop":"","price":"","link":"","icon":""}],"jnews_override_counter":{"override_view_counter":"0","view_counter_number":"0","override_share_counter":"0","share_counter_number":"0","override_like_counter":"0","like_counter_number":"0","override_dislike_counter":"0","dislike_counter_number":"0"},"jnews_post_split":{"enable_post_split":"0","post_split":[{"template":"1","tag":"h2","numbering":"asc","mode":"normal","first":"0","enable_toc":"0","toc_type":"normal"}]},"footnotes":""},"categories":[1069],"tags":[95,45,12244,56],"class_list":["post-42239","post","type-post","status-publish","format-standard","has-post-thumbnail","hentry","category-cine-y-series","tag-cine","tag-noticias","tag-romand-chalboud","tag-venezuela"],"amp_enabled":true,"_links":{"self":[{"href":"https:\/\/esreviral.com\/index.php?rest_route=\/wp\/v2\/posts\/42239"}],"collection":[{"href":"https:\/\/esreviral.com\/index.php?rest_route=\/wp\/v2\/posts"}],"about":[{"href":"https:\/\/esreviral.com\/index.php?rest_route=\/wp\/v2\/types\/post"}],"author":[{"embeddable":true,"href":"https:\/\/esreviral.com\/index.php?rest_route=\/wp\/v2\/users\/2"}],"replies":[{"embeddable":true,"href":"https:\/\/esreviral.com\/index.php?rest_route=%2Fwp%2Fv2%2Fcomments&post=42239"}],"version-history":[{"count":0,"href":"https:\/\/esreviral.com\/index.php?rest_route=\/wp\/v2\/posts\/42239\/revisions"}],"wp:featuredmedia":[{"embeddable":true,"href":"https:\/\/esreviral.com\/index.php?rest_route=\/wp\/v2\/media\/42240"}],"wp:attachment":[{"href":"https:\/\/esreviral.com\/index.php?rest_route=%2Fwp%2Fv2%2Fmedia&parent=42239"}],"wp:term":[{"taxonomy":"category","embeddable":true,"href":"https:\/\/esreviral.com\/index.php?rest_route=%2Fwp%2Fv2%2Fcategories&post=42239"},{"taxonomy":"post_tag","embeddable":true,"href":"https:\/\/esreviral.com\/index.php?rest_route=%2Fwp%2Fv2%2Ftags&post=42239"}],"curies":[{"name":"wp","href":"https:\/\/api.w.org\/{rel}","templated":true}]}}