{"id":42233,"date":"2023-09-12T15:03:14","date_gmt":"2023-09-12T20:03:14","guid":{"rendered":"https:\/\/esreviral.com\/?p=42233"},"modified":"2023-09-12T16:03:34","modified_gmt":"2023-09-12T21:03:34","slug":"ya-salio-el-iphone-15-esto-es-todo-lo-que-tienes-que-saber","status":"publish","type":"post","link":"https:\/\/esreviral.com\/?p=42233","title":{"rendered":"Ya sali\u00f3 el iPhone 15: esto es todo lo que tienes que saber"},"content":{"rendered":"\n<p><strong>Apple&nbsp;<\/strong>present\u00f3, junto a los<strong>&nbsp;iPhone 15<\/strong>,&nbsp;<strong>Apple Watch Ultra 2<\/strong>, y&nbsp;<strong>Apple Watch Series 9,<\/strong>&nbsp;el&nbsp;<strong>iPhone 15 Pro<\/strong>, la renovaci\u00f3n de su producto estrella en la gama premium de la marca. Seg\u00fan la empresa, el nuevo smartphone re\u00fane una \u00abcombinaci\u00f3n ideal\u00bb.<\/p>\n\n\n\n<p>Entre las ventajas que tienen los nuevos dispositivos, se destaca el&nbsp;<strong>mayor tiempo de duraci\u00f3n de la bater\u00eda<\/strong>&nbsp;(hasta un 20%) gracias a una transici\u00f3n en este componente de 4.323 mAh a 4.422 mAh para la versi\u00f3n&nbsp;<strong>Pro Max<\/strong>. A su vez, cuentan con la incorporaci\u00f3n de los&nbsp;<strong>cargadores con cable USB tipo C&nbsp;<\/strong>para todos los modelos de iPhone (adem\u00e1s del resto de productos como<strong>&nbsp;Mac<\/strong>,&nbsp;<strong>iPad&nbsp;<\/strong>e incluso los&nbsp;<strong>AirPods<\/strong>).<\/p>\n\n\n\n<h3 class=\"wp-block-heading\"><strong><mark style=\"background-color:rgba(0, 0, 0, 0)\" class=\"has-inline-color has-vivid-red-color\">Cambios en la pantalla, nuevos botones y comandos<\/mark><\/strong><\/h3>\n\n\n\n<p>La versi\u00f3n \u00abPro\u00bb&nbsp;<strong>gozar\u00e1 de una pantalla m\u00e1s amplia (6,7 pulgadas).&nbsp;<\/strong>La pantalla Super Retina XDR dispone de un brillo m\u00e1ximo de 2.000 nits (Dolby Vision con 1.600 nots),&nbsp;<strong>el doble del brillo que ofrec\u00edan los iPhone 14<\/strong>.<\/p>\n\n\n\n<p>Esas pantallas est\u00e1n protegidas por un \u201cescudo cer\u00e1mico\u201d que seg\u00fan la empresa de la manzanita los hace \u201cm\u00e1s duros que cualquier cristal para smartphones\u201d. Los marcos laterales cambian y suman una sutil curva en los bordes.<\/p>\n\n\n\n<p>Debuta en estos nuevos dispositivos, adem\u00e1s, el reemplazo al cl\u00e1sico conmutador de silencio. Pese a que se puede seguir manteniendo esa funci\u00f3n, ahora se suman otras posibilidades como poder abrir r\u00e1pidamente la c\u00e1mara o la linterna e incluso ejecutar atajos previamente configurados.<\/p>\n\n\n\n<figure class=\"wp-block-image\"><img decoding=\"async\" src=\"https:\/\/media.ambito.com\/p\/bfd0a6fafca3322280e8ce22b82f283e\/adjuntos\/239\/imagenes\/040\/974\/0040974928\/730x0\/smart\/imagepng.png\" alt=\"iPhone 15\" title=\"iPhone 15\"\/><\/figure>\n\n\n\n<p>iPhone 15<\/p>\n\n\n\n<h3 class=\"wp-block-heading\"><strong><mark style=\"background-color:rgba(0, 0, 0, 0)\" class=\"has-inline-color has-vivid-red-color\">Nueva c\u00e1mara<\/mark><\/strong><\/h3>\n\n\n\n<p>Permanece en este nuevo dispositivo el&nbsp;<strong>sensor principal de 48 megap\u00edxeles<\/strong>, acompa\u00f1ado otra vez por dos lentes de 12 megap\u00edxeles.<\/p>\n\n\n\n<p>El&nbsp;<strong>iPhone 15<\/strong>&nbsp;permitir\u00e1 cambiar el foco de las fotograf\u00edas incluso luego de haberlas tomado gracias al procesamiento de im\u00e1genes incorporado en su sistema.<\/p>\n\n\n\n<h3 class=\"wp-block-heading\"><strong><mark style=\"background-color:rgba(0, 0, 0, 0)\" class=\"has-inline-color has-vivid-red-color\">Telephoto<\/mark><\/strong><\/h3>\n\n\n\n<p><strong>IPhone incorporar\u00e1 la funci\u00f3n \u201cTelephoto\u201d&nbsp;<\/strong>que mejorar\u00e1 la calidad de las fotos est\u00e1ticas y videos, con mayor acercamiento sin sacrificar la nitidez.<\/p>\n\n\n\n<figure class=\"wp-block-image\"><img decoding=\"async\" src=\"https:\/\/media.ambito.com\/p\/db10afd630b672696c119c436b82e363\/adjuntos\/239\/imagenes\/040\/974\/0040974951\/730x0\/smart\/imagepng.png\" alt=\"\" title=\"\"\/><\/figure>\n\n\n\n<h3 class=\"wp-block-heading\"><strong><mark style=\"background-color:rgba(0, 0, 0, 0)\" class=\"has-inline-color has-vivid-red-color\">Inteligencia Artificial<\/mark><\/strong><\/h3>\n\n\n\n<p>El dispositivo incluye un sistema de machine learning para identificar&nbsp;<strong>cu\u00e1ndo una persona aparece frente a la c\u00e1mara del iPhone 15<\/strong>&nbsp;para cambiar al modo retrato, que tendr\u00e1 mejoras con respecto a su aplicaci\u00f3n.<\/p>\n\n\n\n<h2 class=\"wp-block-heading\"><strong><mark style=\"background-color:rgba(0, 0, 0, 0)\" class=\"has-inline-color has-vivid-red-color\">Cambios en los materiales de iPhone<\/mark><\/strong><\/h2>\n\n\n\n<p>La presentaci\u00f3n de este 12 de septiembre trajo novedades en lo relativo a<strong>&nbsp;materiales del dispositivo<\/strong>&nbsp;ya que los dise\u00f1adores dejaron de lado el acedo para cederle el protagonismo al titanio.<\/p>\n\n\n\n<p>Este material sigue permitiendo opciones como la&nbsp;<strong>carga inal\u00e1mbrica<\/strong>&nbsp;(y por MagSafe), pero suma otro elemento ser\u00e1 amado por todos: mayor resistencia a huellas.<\/p>\n\n\n\n<p>Los tel\u00e9fonos estar\u00e1n disponibles en colores \u00abtitanio\u00bb, negro, azul, plata y \u00abtitanio natural\u00bb.<\/p>\n\n\n\n<h3 class=\"wp-block-heading\"><strong><mark style=\"background-color:rgba(0, 0, 0, 0)\" class=\"has-inline-color has-vivid-red-color\">Precios oficiales del nuevo iPhone 15<\/mark><\/strong><\/h3>\n\n\n\n<ul class=\"wp-block-list\">\n<li>iPhone 15: 799 d\u00f3lares<\/li>\n\n\n\n<li>iPhone 15 Plus: 899 d\u00f3lares<\/li>\n\n\n\n<li>iPhone 15 Pro: 999 d\u00f3lares<\/li>\n\n\n\n<li>iPhone 15 Pro Max: 1199 d\u00f3lares<\/li>\n<\/ul>\n\n\n\n<p><strong>Apple<\/strong>&nbsp;se\u00f1al\u00f3 que&nbsp;<strong>todos los modelos podr\u00e1n reservarse a partir del viernes 15 de septiembre&nbsp;<\/strong>y estar\u00e1 disponible en tiendas (empezando en Estados Unidos) a partir del viernes 22.<\/p>\n","protected":false},"excerpt":{"rendered":"<p>Apple&nbsp;present\u00f3, junto a los&nbsp;iPhone 15,&nbsp;Apple Watch Ultra 2, y&nbsp;Apple Watch Series 9,&nbsp;el&nbsp;iPhone 15 Pro, la renovaci\u00f3n de su producto estrella en la gama premium de la marca. Seg\u00fan la empresa, el nuevo smartphone re\u00fane una \u00abcombinaci\u00f3n ideal\u00bb. Entre las ventajas que tienen los nuevos dispositivos, se destaca el&nbsp;mayor tiempo de duraci\u00f3n de la bater\u00eda&nbsp;(hasta un [&hellip;]<\/p>\n","protected":false},"author":2,"featured_media":42234,"comment_status":"open","ping_status":"closed","sticky":false,"template":"","format":"standard","meta":{"jnews-multi-image_gallery":[],"jnews_single_post":{"subtitle":"","format":"standard","video":"","gallery":"","source_name":"","source_url":"","via_name":"","via_url":"","override_template":"0","override":[{"template":"4","single_blog_custom":"","parallax":"1","fullscreen":"1","layout":"right-sidebar","sidebar":"default-sidebar","second_sidebar":"default-sidebar","sticky_sidebar":"1","share_position":"top","share_float_style":"share-monocrhome","show_share_counter":"1","show_view_counter":"1","show_featured":"1","show_post_meta":"1","show_post_author":"1","show_post_author_image":"1","show_post_date":"1","post_date_format":"default","post_date_format_custom":"Y\/m\/d","show_post_category":"1","show_post_reading_time":"1","post_reading_time_wpm":"300","show_zoom_button":"1","zoom_button_out_step":"2","zoom_button_in_step":"3","show_post_tag":"1","show_prev_next_post":"1","show_popup_post":"1","number_popup_post":"1","show_author_box":"1","show_post_related":"1","show_inline_post_related":"0"}],"override_image_size":"0","image_override":[{"single_post_thumbnail_size":"crop-500","single_post_gallery_size":"crop-500"}],"trending_post":"0","trending_post_position":"meta","trending_post_label":"Trending","sponsored_post":"0","sponsored_post_label":"Sponsored by","sponsored_post_name":"","sponsored_post_url":"","sponsored_post_logo_enable":"0","sponsored_post_logo":"","sponsored_post_desc":"","disable_ad":"0"},"jnews_primary_category":{"id":"","hide":""},"jnews_social_meta":{"fb_title":"","fb_description":"","fb_image":"","twitter_title":"","twitter_description":"","twitter_image":""},"jnews_review":[],"enable_review":"0","type":"percentage","name":"","summary":"","brand":"","sku":"","good":[{"good_text":""}],"bad":[{"bad_text":""}],"score_override":"","override_value":"","rating":[{"rating_text":"","rating_number":"10"}],"price":[{"shop":"","price":"","link":"","icon":""}],"jnews_override_counter":{"override_view_counter":"0","view_counter_number":"0","override_share_counter":"0","share_counter_number":"0","override_like_counter":"0","like_counter_number":"0","override_dislike_counter":"0","dislike_counter_number":"0"},"jnews_post_split":{"enable_post_split":"0","post_split":[{"template":"1","tag":"h2","numbering":"asc","mode":"normal","first":"0","enable_toc":"0","toc_type":"normal"}]},"footnotes":""},"categories":[1165],"tags":[3264,12243,45],"class_list":["post-42233","post","type-post","status-publish","format-standard","has-post-thumbnail","hentry","category-tecnologia","tag-iphone","tag-iphone15","tag-noticias"],"amp_enabled":true,"_links":{"self":[{"href":"https:\/\/esreviral.com\/index.php?rest_route=\/wp\/v2\/posts\/42233"}],"collection":[{"href":"https:\/\/esreviral.com\/index.php?rest_route=\/wp\/v2\/posts"}],"about":[{"href":"https:\/\/esreviral.com\/index.php?rest_route=\/wp\/v2\/types\/post"}],"author":[{"embeddable":true,"href":"https:\/\/esreviral.com\/index.php?rest_route=\/wp\/v2\/users\/2"}],"replies":[{"embeddable":true,"href":"https:\/\/esreviral.com\/index.php?rest_route=%2Fwp%2Fv2%2Fcomments&post=42233"}],"version-history":[{"count":0,"href":"https:\/\/esreviral.com\/index.php?rest_route=\/wp\/v2\/posts\/42233\/revisions"}],"wp:featuredmedia":[{"embeddable":true,"href":"https:\/\/esreviral.com\/index.php?rest_route=\/wp\/v2\/media\/42234"}],"wp:attachment":[{"href":"https:\/\/esreviral.com\/index.php?rest_route=%2Fwp%2Fv2%2Fmedia&parent=42233"}],"wp:term":[{"taxonomy":"category","embeddable":true,"href":"https:\/\/esreviral.com\/index.php?rest_route=%2Fwp%2Fv2%2Fcategories&post=42233"},{"taxonomy":"post_tag","embeddable":true,"href":"https:\/\/esreviral.com\/index.php?rest_route=%2Fwp%2Fv2%2Ftags&post=42233"}],"curies":[{"name":"wp","href":"https:\/\/api.w.org\/{rel}","templated":true}]}}