{"id":42184,"date":"2023-09-12T07:16:00","date_gmt":"2023-09-12T12:16:00","guid":{"rendered":"https:\/\/esreviral.com\/?p=42184"},"modified":"2023-09-12T07:16:01","modified_gmt":"2023-09-12T12:16:01","slug":"la-ruta-terrestre-mas-letal-casi-700-migrantes-murieron-en-frontera-eeuu-mexico-en-2022","status":"publish","type":"post","link":"https:\/\/esreviral.com\/?p=42184","title":{"rendered":"\u00abLa ruta terrestre m\u00e1s letal\u00bb: Casi 700 migrantes murieron en frontera EEUU-M\u00e9xico en 2022"},"content":{"rendered":"\n<p>La Organizaci\u00f3n Internacional para las Migraciones (OIM) registr\u00f3 en 2022 la muerte o desaparici\u00f3n de 686 migrantes en la frontera entre EEUU y M\u00e9xico, que se confirma un a\u00f1o m\u00e1s como la ruta terrestre m\u00e1s mortal para los migrantes, seg\u00fan destac\u00f3 hoy esa agencia de Naciones Unidas.<\/p>\n\n\n\n<p>La cifra es la segunda peor desde que la agencia de las Naciones Unidas elabora estad\u00edsticas de este tipo, hace 10 a\u00f1os (en 2021 hubo 729 muertos y desaparecidos en esa misma ruta), aunque seg\u00fan la OIM las cifras reales de 2022 pudieron ser en realidad mayores ya que faltan datos de algunas agencias migratorias importantes, incluidas la del Estado de Texas y la de b\u00fasqueda y rescate de M\u00e9xico.<\/p>\n\n\n\n<p>La OIM tambi\u00e9n indic\u00f3 que 2022 fue el a\u00f1o con m\u00e1s muertes y desapariciones de migrantes en todo el continente americano, 1.457 en total, casi la mitad de ellas registradas en la citada frontera, seg\u00fan se\u00f1al\u00f3 la agencia con datos de su Proyecto Migrantes Desaparecidos, que hace un seguimiento constante de v\u00edctimas en rutas migratorias.<\/p>\n\n\n\n<p>Desde el comienzo de este proyecto en 2014, la OIM ha registrado al menos 4.664 muertes y desapariciones en la frontera entre EEUU y M\u00e9xico, mientras que ha habido 499 en la ruta hacia Estados Unidos por el Caribe, 328 entre Rep\u00fablica Dominicana y Puerto Rico y 320 en el tap\u00f3n de Dari\u00e9n, en Panam\u00e1, que separa Sudam\u00e9rica de Am\u00e9rica Central.<\/p>\n\n\n\n<p><strong><em>Con informaci\u00f3n de Panas en Utah &#8211; EFE<\/em><\/strong><\/p>\n","protected":false},"excerpt":{"rendered":"<p>La Organizaci\u00f3n Internacional para las Migraciones (OIM) registr\u00f3 en 2022 la muerte o desaparici\u00f3n de 686 migrantes en la frontera entre EEUU y M\u00e9xico, que se confirma un a\u00f1o m\u00e1s como la ruta terrestre m\u00e1s mortal para los migrantes, seg\u00fan destac\u00f3 hoy esa agencia de Naciones Unidas. La cifra es la segunda peor desde que [&hellip;]<\/p>\n","protected":false},"author":5,"featured_media":42185,"comment_status":"closed","ping_status":"closed","sticky":false,"template":"","format":"standard","meta":{"jnews-multi-image_gallery":[],"jnews_single_post":{"subtitle":"","format":"standard","video":"","gallery":"","source_name":"","source_url":"","via_name":"","via_url":"","override_template":"0","override":[{"template":"4","single_blog_custom":"","parallax":"1","fullscreen":"1","layout":"right-sidebar","sidebar":"default-sidebar","second_sidebar":"default-sidebar","sticky_sidebar":"1","share_position":"top","share_float_style":"share-monocrhome","show_share_counter":"1","show_view_counter":"1","show_featured":"1","show_post_meta":"1","show_post_author":"1","show_post_author_image":"1","show_post_date":"1","post_date_format":"default","post_date_format_custom":"Y\/m\/d","show_post_category":"1","show_post_reading_time":"1","post_reading_time_wpm":"300","show_zoom_button":"1","zoom_button_out_step":"2","zoom_button_in_step":"3","show_post_tag":"1","show_prev_next_post":"1","show_popup_post":"1","number_popup_post":"1","show_author_box":"1","show_post_related":"1","show_inline_post_related":"0"}],"override_image_size":"0","image_override":[{"single_post_thumbnail_size":"crop-500","single_post_gallery_size":"crop-500"}],"trending_post":"0","trending_post_position":"meta","trending_post_label":"Trending","sponsored_post":"0","sponsored_post_label":"Sponsored by","sponsored_post_name":"","sponsored_post_url":"","sponsored_post_logo_enable":"0","sponsored_post_logo":"","sponsored_post_desc":"","disable_ad":"0"},"jnews_primary_category":{"id":"","hide":""},"jnews_social_meta":{"fb_title":"","fb_description":"","fb_image":"","twitter_title":"","twitter_description":"","twitter_image":""},"jnews_review":[],"enable_review":"0","type":"percentage","name":"","summary":"","brand":"","sku":"","good":[{"good_text":""}],"bad":[{"bad_text":""}],"score_override":"","override_value":"","rating":[{"rating_text":"","rating_number":"10"}],"price":[{"shop":"","price":"","link":"","icon":""}],"jnews_override_counter":{"override_view_counter":"0","view_counter_number":"0","override_share_counter":"0","share_counter_number":"0","override_like_counter":"0","like_counter_number":"0","override_dislike_counter":"0","dislike_counter_number":"0"},"jnews_post_split":{"enable_post_split":"0","post_split":[{"template":"1","tag":"h2","numbering":"asc","mode":"normal","first":"0","enable_toc":"0","toc_type":"normal"}]},"footnotes":""},"categories":[43,54,88],"tags":[136,3003,457],"class_list":["post-42184","post","type-post","status-publish","format-standard","has-post-thumbnail","hentry","category-actualidad","category-inmigracion","category-internacionales","tag-estados-unidos","tag-frontera","tag-mexico"],"amp_enabled":true,"_links":{"self":[{"href":"https:\/\/esreviral.com\/index.php?rest_route=\/wp\/v2\/posts\/42184"}],"collection":[{"href":"https:\/\/esreviral.com\/index.php?rest_route=\/wp\/v2\/posts"}],"about":[{"href":"https:\/\/esreviral.com\/index.php?rest_route=\/wp\/v2\/types\/post"}],"author":[{"embeddable":true,"href":"https:\/\/esreviral.com\/index.php?rest_route=\/wp\/v2\/users\/5"}],"replies":[{"embeddable":true,"href":"https:\/\/esreviral.com\/index.php?rest_route=%2Fwp%2Fv2%2Fcomments&post=42184"}],"version-history":[{"count":0,"href":"https:\/\/esreviral.com\/index.php?rest_route=\/wp\/v2\/posts\/42184\/revisions"}],"wp:featuredmedia":[{"embeddable":true,"href":"https:\/\/esreviral.com\/index.php?rest_route=\/wp\/v2\/media\/42185"}],"wp:attachment":[{"href":"https:\/\/esreviral.com\/index.php?rest_route=%2Fwp%2Fv2%2Fmedia&parent=42184"}],"wp:term":[{"taxonomy":"category","embeddable":true,"href":"https:\/\/esreviral.com\/index.php?rest_route=%2Fwp%2Fv2%2Fcategories&post=42184"},{"taxonomy":"post_tag","embeddable":true,"href":"https:\/\/esreviral.com\/index.php?rest_route=%2Fwp%2Fv2%2Ftags&post=42184"}],"curies":[{"name":"wp","href":"https:\/\/api.w.org\/{rel}","templated":true}]}}