{"id":42181,"date":"2023-09-12T07:09:42","date_gmt":"2023-09-12T12:09:42","guid":{"rendered":"https:\/\/esreviral.com\/?p=42181"},"modified":"2023-09-12T07:09:43","modified_gmt":"2023-09-12T12:09:43","slug":"un-kinesiologo-abuso-de-una-mujer-de-85-anos-con-alzheimer-y-la-hija-de-la-victima-lo-descubrio-en-flagrancia-por-una-camara","status":"publish","type":"post","link":"https:\/\/esreviral.com\/?p=42181","title":{"rendered":"Un kinesi\u00f3logo abus\u00f3 de una mujer de 85 a\u00f1os con Alzheimer y la hija de la v\u00edctima lo descubri\u00f3 en flagrancia por una c\u00e1mara"},"content":{"rendered":"\n<p>Una mujer de 85 a\u00f1os que sufre de Alzheimer fue\u00a0abusada sexualmente por un\u00a0kinesi\u00f3logo que la atend\u00eda en su casa de Lan\u00fas tras una ca\u00edda. <\/p>\n\n\n\n<p>La violaci\u00f3n fue\u00a0descubierta al momento en el que ocurr\u00eda por la hija de la v\u00edctima, que hab\u00eda instalado c\u00e1maras de seguridad en el domicilio para monitorearla, mientras ella se iba a trabajar.<\/p>\n\n\n\n<h3 class=\"wp-block-heading\"><strong><em>Lee tambi\u00e9n: <a href=\"https:\/\/esreviral.com\/protestan-para-exigir-justicia-por-la-muerte-del-venezolano-atropellado-en-lanus-oeste\/\" data-type=\"post\" data-id=\"38923\">Protestan para exigir justicia por la muerte del venezolano atropellado en Lan\u00fas Oeste<\/a><\/em><\/strong><\/h3>\n\n\n\n<p>El agresor escap\u00f3 del lugar pero fue detenido horas despu\u00e9s cuando caminaba por la calle Corval\u00e1n al 2100,\u00a0se neg\u00f3 a declarar y seguir\u00e1 preso\u00a0por el delito de <strong><em>\u201cabuso sexual con acceso carnal agravado\u201d<\/em><\/strong>.<\/p>\n\n\n\n<p>El hecho que se conoci\u00f3 en las \u00faltimas horas tuvo lugar a mediados del mes de julio y caus\u00f3 gran conmoci\u00f3n por el deterioro f\u00edsico y cognitivo de la v\u00edctima, que sufre un\u00a0avanzado cuadro de demencia senil\u00a0y tampoco puede movilizarse con normalidad, sino que usa un bast\u00f3n tr\u00edpode como apoyo.<\/p>\n\n\n\n<p><strong><em>Con informaci\u00f3n de TN <\/em><\/strong><\/p>\n","protected":false},"excerpt":{"rendered":"<p>Una mujer de 85 a\u00f1os que sufre de Alzheimer fue\u00a0abusada sexualmente por un\u00a0kinesi\u00f3logo que la atend\u00eda en su casa de Lan\u00fas tras una ca\u00edda. La violaci\u00f3n fue\u00a0descubierta al momento en el que ocurr\u00eda por la hija de la v\u00edctima, que hab\u00eda instalado c\u00e1maras de seguridad en el domicilio para monitorearla, mientras ella se iba a [&hellip;]<\/p>\n","protected":false},"author":5,"featured_media":42182,"comment_status":"closed","ping_status":"closed","sticky":false,"template":"","format":"standard","meta":{"jnews-multi-image_gallery":[],"jnews_single_post":{"subtitle":"","format":"standard","video":"","gallery":"","source_name":"","source_url":"","via_name":"","via_url":"","override_template":"0","override":[{"template":"4","single_blog_custom":"","parallax":"1","fullscreen":"1","layout":"right-sidebar","sidebar":"default-sidebar","second_sidebar":"default-sidebar","sticky_sidebar":"1","share_position":"top","share_float_style":"share-monocrhome","show_share_counter":"1","show_view_counter":"1","show_featured":"1","show_post_meta":"1","show_post_author":"1","show_post_author_image":"1","show_post_date":"1","post_date_format":"default","post_date_format_custom":"Y\/m\/d","show_post_category":"1","show_post_reading_time":"1","post_reading_time_wpm":"300","show_zoom_button":"1","zoom_button_out_step":"2","zoom_button_in_step":"3","show_post_tag":"1","show_prev_next_post":"1","show_popup_post":"1","number_popup_post":"1","show_author_box":"1","show_post_related":"1","show_inline_post_related":"0"}],"override_image_size":"0","image_override":[{"single_post_thumbnail_size":"crop-500","single_post_gallery_size":"crop-500"}],"trending_post":"0","trending_post_position":"meta","trending_post_label":"Trending","sponsored_post":"0","sponsored_post_label":"Sponsored by","sponsored_post_name":"","sponsored_post_url":"","sponsored_post_logo_enable":"0","sponsored_post_logo":"","sponsored_post_desc":"","disable_ad":"0"},"jnews_primary_category":{"id":"","hide":""},"jnews_social_meta":{"fb_title":"","fb_description":"","fb_image":"","twitter_title":"","twitter_description":"","twitter_image":""},"jnews_review":[],"enable_review":"0","type":"percentage","name":"","summary":"","brand":"","sku":"","good":[{"good_text":""}],"bad":[{"bad_text":""}],"score_override":"","override_value":"","rating":[{"rating_text":"","rating_number":"10"}],"price":[{"shop":"","price":"","link":"","icon":""}],"jnews_override_counter":{"override_view_counter":"0","view_counter_number":"0","override_share_counter":"0","share_counter_number":"0","override_like_counter":"0","like_counter_number":"0","override_dislike_counter":"0","dislike_counter_number":"0"},"jnews_post_split":{"enable_post_split":"0","post_split":[{"template":"1","tag":"h2","numbering":"asc","mode":"normal","first":"0","enable_toc":"0","toc_type":"normal"}]},"footnotes":""},"categories":[43,64],"tags":[529,398,12237,12238],"class_list":["post-42181","post","type-post","status-publish","format-standard","has-post-thumbnail","hentry","category-actualidad","category-sucesos","tag-abuso","tag-abuso-sexual","tag-alzheimer","tag-kinesiologo"],"amp_enabled":true,"_links":{"self":[{"href":"https:\/\/esreviral.com\/index.php?rest_route=\/wp\/v2\/posts\/42181"}],"collection":[{"href":"https:\/\/esreviral.com\/index.php?rest_route=\/wp\/v2\/posts"}],"about":[{"href":"https:\/\/esreviral.com\/index.php?rest_route=\/wp\/v2\/types\/post"}],"author":[{"embeddable":true,"href":"https:\/\/esreviral.com\/index.php?rest_route=\/wp\/v2\/users\/5"}],"replies":[{"embeddable":true,"href":"https:\/\/esreviral.com\/index.php?rest_route=%2Fwp%2Fv2%2Fcomments&post=42181"}],"version-history":[{"count":0,"href":"https:\/\/esreviral.com\/index.php?rest_route=\/wp\/v2\/posts\/42181\/revisions"}],"wp:featuredmedia":[{"embeddable":true,"href":"https:\/\/esreviral.com\/index.php?rest_route=\/wp\/v2\/media\/42182"}],"wp:attachment":[{"href":"https:\/\/esreviral.com\/index.php?rest_route=%2Fwp%2Fv2%2Fmedia&parent=42181"}],"wp:term":[{"taxonomy":"category","embeddable":true,"href":"https:\/\/esreviral.com\/index.php?rest_route=%2Fwp%2Fv2%2Fcategories&post=42181"},{"taxonomy":"post_tag","embeddable":true,"href":"https:\/\/esreviral.com\/index.php?rest_route=%2Fwp%2Fv2%2Ftags&post=42181"}],"curies":[{"name":"wp","href":"https:\/\/api.w.org\/{rel}","templated":true}]}}