{"id":42062,"date":"2023-09-08T15:04:09","date_gmt":"2023-09-08T20:04:09","guid":{"rendered":"https:\/\/esreviral.com\/?p=42062"},"modified":"2023-09-08T15:04:10","modified_gmt":"2023-09-08T20:04:10","slug":"panama-anuncia-deportaciones-ante-crisis-migratoria-en-el-darien","status":"publish","type":"post","link":"https:\/\/esreviral.com\/?p=42062","title":{"rendered":"Panam\u00e1 anuncia deportaciones ante crisis migratoria en el Dari\u00e9n"},"content":{"rendered":"\n<p>Panam\u00e1 anunci\u00f3 este viernes medidas para enfrentar la crisis migratoria en el Dari\u00e9n, que ha llevado \u00abal l\u00edmite\u00bb las capacidades del pa\u00eds, entre las que est\u00e1&nbsp;<strong>aumentar las deportaciones y mover los puntos de control a los que llegan los viajeros<\/strong>&nbsp;para reducir el impacto en las peque\u00f1as comunidades de este flujo imparable que se mueve hacia Norteam\u00e9rica.<\/p>\n\n\n\n<p>La \u00abprimera\u00bb de estas medidas administrativas en vigor \u00aba partir de este anuncio, es la protecci\u00f3n a los pueblos de acogida, pues\u00a0<strong>vamos a remover los puntos de control y asistencia migratoria de las mismas comunidades de Bajo Chiquito y de Cana\u00e1n Membrillo a fin de mitigar el impacto sanitario y de seguridad\u00bb, dijo la directora del Servicio Nacional de Migraci\u00f3n de Panam\u00e1, Samira Gozaine.<\/strong><\/p>\n\n\n\n<p>Se van a \u00abconstruir al lado de estos lugares de acogida espacios donde podamos integrar y tener contenidos a los migrantes, (para) que no afecten el diario vivir de todas las personas de las comunidades\u00bb, los primeros pueblos que llegan los migrantes tras atravesar la selva por la que acceden desde la vecina Colombia.<\/p>\n\n\n\n<p>Este primer paquete de medidas tambi\u00e9n incluye\u00a0<strong>reforzar \u00ablas deportaciones y las expulsiones de los ciudadanos irregulares que tengan antecedentes penales, a trav\u00e9s de contrataciones de vuelos ch\u00e1rter\u00bb<\/strong>, seg\u00fan Gozaine.<\/p>\n\n\n\n<p>Desde el pasado abril hasta la fecha,\u00a0<strong>Panam\u00e1 ha deportado 452 personas<\/strong>, un reducido grupo frente a los m\u00e1s de 350.000 migrantes irregulares que han cruzado la peligrosa selva fronteriza con Colombia.<\/p>\n\n\n\n<p>Desde el 1 de enero y hasta el 7 de septiembre al menos<strong>\u00a0350.841 migrantes\u00a0<\/strong>llegaron a las estaciones migratorias del Dari\u00e9n en su camino hacia Norteam\u00e9rica.\u00a0<strong>La mayor\u00eda son venezolanos, seguido de ecuatorianos y haitianos, seg\u00fan la informaci\u00f3n oficial.<\/strong><\/p>\n\n\n\n<p class=\"has-text-align-right\"><strong><em>Oficina de informaci\u00f3n.-<\/em><\/strong><\/p>\n\n\n\n<p><a href=\"https:\/\/unionradio.net\/category\/mundo\/\"><\/a><\/p>\n","protected":false},"excerpt":{"rendered":"<p>Panam\u00e1 anunci\u00f3 este viernes medidas para enfrentar la crisis migratoria en el Dari\u00e9n, que ha llevado \u00abal l\u00edmite\u00bb las capacidades del pa\u00eds, entre las que est\u00e1&nbsp;aumentar las deportaciones y mover los puntos de control a los que llegan los viajeros&nbsp;para reducir el impacto en las peque\u00f1as comunidades de este flujo imparable que se mueve hacia [&hellip;]<\/p>\n","protected":false},"author":2,"featured_media":42063,"comment_status":"open","ping_status":"closed","sticky":false,"template":"","format":"standard","meta":{"jnews-multi-image_gallery":[],"jnews_single_post":{"subtitle":"","format":"standard","video":"","gallery":"","source_name":"","source_url":"","via_name":"","via_url":"","override_template":"0","override":[{"template":"4","single_blog_custom":"","parallax":"1","fullscreen":"1","layout":"right-sidebar","sidebar":"default-sidebar","second_sidebar":"default-sidebar","sticky_sidebar":"1","share_position":"top","share_float_style":"share-monocrhome","show_share_counter":"1","show_view_counter":"1","show_featured":"1","show_post_meta":"1","show_post_author":"1","show_post_author_image":"1","show_post_date":"1","post_date_format":"default","post_date_format_custom":"Y\/m\/d","show_post_category":"1","show_post_reading_time":"1","post_reading_time_wpm":"300","show_zoom_button":"1","zoom_button_out_step":"2","zoom_button_in_step":"3","show_post_tag":"1","show_prev_next_post":"1","show_popup_post":"1","number_popup_post":"1","show_author_box":"1","show_post_related":"1","show_inline_post_related":"0"}],"override_image_size":"0","image_override":[{"single_post_thumbnail_size":"crop-500","single_post_gallery_size":"crop-500"}],"trending_post":"0","trending_post_position":"meta","trending_post_label":"Trending","sponsored_post":"0","sponsored_post_label":"Sponsored by","sponsored_post_name":"","sponsored_post_url":"","sponsored_post_logo_enable":"0","sponsored_post_logo":"","sponsored_post_desc":"","disable_ad":"0"},"jnews_primary_category":{"id":"","hide":""},"jnews_social_meta":{"fb_title":"","fb_description":"","fb_image":"","twitter_title":"","twitter_description":"","twitter_image":""},"jnews_review":[],"enable_review":"0","type":"percentage","name":"","summary":"","brand":"","sku":"","good":[{"good_text":""}],"bad":[{"bad_text":""}],"score_override":"","override_value":"","rating":[{"rating_text":"","rating_number":"10"}],"price":[{"shop":"","price":"","link":"","icon":""}],"jnews_override_counter":{"override_view_counter":"0","view_counter_number":"0","override_share_counter":"0","share_counter_number":"0","override_like_counter":"0","like_counter_number":"0","override_dislike_counter":"0","dislike_counter_number":"0"},"jnews_post_split":{"enable_post_split":"0","post_split":[{"template":"1","tag":"h2","numbering":"asc","mode":"normal","first":"0","enable_toc":"0","toc_type":"normal"}]},"footnotes":""},"categories":[54],"tags":[45,1002,3253,1003],"class_list":["post-42062","post","type-post","status-publish","format-standard","has-post-thumbnail","hentry","category-inmigracion","tag-noticias","tag-panama","tag-selva-del-darien","tag-venezolanos-en-panama"],"amp_enabled":true,"_links":{"self":[{"href":"https:\/\/esreviral.com\/index.php?rest_route=\/wp\/v2\/posts\/42062"}],"collection":[{"href":"https:\/\/esreviral.com\/index.php?rest_route=\/wp\/v2\/posts"}],"about":[{"href":"https:\/\/esreviral.com\/index.php?rest_route=\/wp\/v2\/types\/post"}],"author":[{"embeddable":true,"href":"https:\/\/esreviral.com\/index.php?rest_route=\/wp\/v2\/users\/2"}],"replies":[{"embeddable":true,"href":"https:\/\/esreviral.com\/index.php?rest_route=%2Fwp%2Fv2%2Fcomments&post=42062"}],"version-history":[{"count":0,"href":"https:\/\/esreviral.com\/index.php?rest_route=\/wp\/v2\/posts\/42062\/revisions"}],"wp:featuredmedia":[{"embeddable":true,"href":"https:\/\/esreviral.com\/index.php?rest_route=\/wp\/v2\/media\/42063"}],"wp:attachment":[{"href":"https:\/\/esreviral.com\/index.php?rest_route=%2Fwp%2Fv2%2Fmedia&parent=42062"}],"wp:term":[{"taxonomy":"category","embeddable":true,"href":"https:\/\/esreviral.com\/index.php?rest_route=%2Fwp%2Fv2%2Fcategories&post=42062"},{"taxonomy":"post_tag","embeddable":true,"href":"https:\/\/esreviral.com\/index.php?rest_route=%2Fwp%2Fv2%2Ftags&post=42062"}],"curies":[{"name":"wp","href":"https:\/\/api.w.org\/{rel}","templated":true}]}}