{"id":41903,"date":"2023-09-06T07:54:22","date_gmt":"2023-09-06T12:54:22","guid":{"rendered":"https:\/\/esreviral.com\/?p=41903"},"modified":"2023-09-06T07:54:23","modified_gmt":"2023-09-06T12:54:23","slug":"se-cumple-un-ano-estas-fueron-las-ultimas-fotos-de-la-reina-isabel-ii","status":"publish","type":"post","link":"https:\/\/esreviral.com\/?p=41903","title":{"rendered":"Se cumple un a\u00f1o: Estas fueron las \u00faltimas fotos de la Reina Isabel II"},"content":{"rendered":"\n<p><strong><em>CIS.- <\/em><\/strong>El 6 de septiembre del 2022, <strong>la Reina Isabel II recib\u00eda en el Castillo de Balmoral <\/strong>a Boris Johnson y Liz TruSS en lo que ser\u00eda la primera audiencia oficial de ella y la \u00faltima de \u00e9l.<\/p>\n\n\n\n<p>\u00abLa reina fue fotografiada en el Castillo de Balmoral esperando recibir a Boris Johnson y Liz Truss m<strong>ientras llevaba a cabo su \u00faltimo deber despu\u00e9s de cumplir 70 a\u00f1os como Monarca \ud83d\udc51<\/strong>\u00ab, fu el texto que acompa\u00f1\u00f3 a las fotograf\u00edas que publicaron en la cuenta oficial de Instagram.<br>La casa real difundi\u00f3 las fotos en las que se ve\u00eda a una reina sana y tranquila con casi 100 a\u00f1os de edad y 70 de reinado.<\/p>\n\n\n\n<figure class=\"wp-block-image size-large\"><img decoding=\"async\" src=\"https:\/\/pbs.twimg.com\/media\/F5V-nBNXkAABvms?format=jpg&amp;name=large\" alt=\"\"\/><\/figure>\n\n\n\n<p>Para la ocasi\u00f3n, Isabel II, <strong>visti\u00f3 una falda a cuadros con pliegues, camisa blanca y su\u00e9ter beige<\/strong> que combin\u00f3 con su t\u00edpico bolso negro. Para el momento, ya usaba un bast\u00f3n que la ayudaba a mantener la estabilidad. <\/p>\n\n\n\n<p>Lo que nadie imaginar\u00eda es que dos d\u00edas despu\u00e9s llegar\u00eda el famoso <strong>\u201cpuente roto\u201d <\/strong>que era el c\u00f3digo para informar que la reina hab\u00eda muerto.<\/p>\n\n\n\n<p>Lea tambi\u00e9n: <strong><a href=\"https:\/\/esreviral.com\/canciller-mexicano-fue-duramente-criticado-por-su-selfie-en-el-velorio-de-la-reina-isabel\/\">Canciller mexicano fue duramente criticado por su selfie en el velorio de la reina Isabel<\/a><\/strong><\/p>\n\n\n\n<figure class=\"wp-block-image size-large\"><img decoding=\"async\" src=\"https:\/\/pbs.twimg.com\/media\/F5V-nBKWsAADeOR?format=jpg&amp;name=large\" alt=\"\"\/><\/figure>\n","protected":false},"excerpt":{"rendered":"<p>CIS.- El 6 de septiembre del 2022, la Reina Isabel II recib\u00eda en el Castillo de Balmoral a Boris Johnson y Liz TruSS en lo que ser\u00eda la primera audiencia oficial de ella y la \u00faltima de \u00e9l. \u00abLa reina fue fotografiada en el Castillo de Balmoral esperando recibir a Boris Johnson y Liz Truss [&hellip;]<\/p>\n","protected":false},"author":2,"featured_media":41920,"comment_status":"open","ping_status":"closed","sticky":false,"template":"","format":"standard","meta":{"jnews-multi-image_gallery":[],"jnews_single_post":{"subtitle":"","format":"standard","video":"","gallery":"","source_name":"","source_url":"","via_name":"","via_url":"","override_template":"0","override":[{"template":"4","single_blog_custom":"","parallax":"1","fullscreen":"1","layout":"right-sidebar","sidebar":"default-sidebar","second_sidebar":"default-sidebar","sticky_sidebar":"1","share_position":"top","share_float_style":"share-monocrhome","show_share_counter":"1","show_view_counter":"1","show_featured":"1","show_post_meta":"1","show_post_author":"1","show_post_author_image":"1","show_post_date":"1","post_date_format":"default","post_date_format_custom":"Y\/m\/d","show_post_category":"1","show_post_reading_time":"1","post_reading_time_wpm":"300","show_zoom_button":"1","zoom_button_out_step":"2","zoom_button_in_step":"3","show_post_tag":"1","show_prev_next_post":"1","show_popup_post":"1","number_popup_post":"1","show_author_box":"1","show_post_related":"1","show_inline_post_related":"0"}],"override_image_size":"0","image_override":[{"single_post_thumbnail_size":"crop-500","single_post_gallery_size":"crop-500"}],"trending_post":"0","trending_post_position":"meta","trending_post_label":"Trending","sponsored_post":"0","sponsored_post_label":"Sponsored by","sponsored_post_name":"","sponsored_post_url":"","sponsored_post_logo_enable":"0","sponsored_post_logo":"","sponsored_post_desc":"","disable_ad":"0"},"jnews_primary_category":{"id":"","hide":""},"jnews_social_meta":{"fb_title":"","fb_description":"","fb_image":"","twitter_title":"","twitter_description":"","twitter_image":""},"jnews_review":[],"enable_review":"0","type":"percentage","name":"","summary":"","brand":"","sku":"","good":[{"good_text":""}],"bad":[{"bad_text":""}],"score_override":"","override_value":"","rating":[{"rating_text":"","rating_number":"10"}],"price":[{"shop":"","price":"","link":"","icon":""}],"jnews_override_counter":{"override_view_counter":"0","view_counter_number":"0","override_share_counter":"0","share_counter_number":"0","override_like_counter":"0","like_counter_number":"0","override_dislike_counter":"0","dislike_counter_number":"0"},"jnews_post_split":{"enable_post_split":"0","post_split":[{"template":"1","tag":"h2","numbering":"asc","mode":"normal","first":"0","enable_toc":"0","toc_type":"normal"}]},"footnotes":""},"categories":[50],"tags":[471,45,89,4203],"class_list":["post-41903","post","type-post","status-publish","format-standard","has-post-thumbnail","hentry","category-entretenimiento","tag-inglaterra","tag-noticias","tag-reina-isabel","tag-reina-isabel-ii-del-reino-unido"],"amp_enabled":true,"_links":{"self":[{"href":"https:\/\/esreviral.com\/index.php?rest_route=\/wp\/v2\/posts\/41903"}],"collection":[{"href":"https:\/\/esreviral.com\/index.php?rest_route=\/wp\/v2\/posts"}],"about":[{"href":"https:\/\/esreviral.com\/index.php?rest_route=\/wp\/v2\/types\/post"}],"author":[{"embeddable":true,"href":"https:\/\/esreviral.com\/index.php?rest_route=\/wp\/v2\/users\/2"}],"replies":[{"embeddable":true,"href":"https:\/\/esreviral.com\/index.php?rest_route=%2Fwp%2Fv2%2Fcomments&post=41903"}],"version-history":[{"count":0,"href":"https:\/\/esreviral.com\/index.php?rest_route=\/wp\/v2\/posts\/41903\/revisions"}],"wp:featuredmedia":[{"embeddable":true,"href":"https:\/\/esreviral.com\/index.php?rest_route=\/wp\/v2\/media\/41920"}],"wp:attachment":[{"href":"https:\/\/esreviral.com\/index.php?rest_route=%2Fwp%2Fv2%2Fmedia&parent=41903"}],"wp:term":[{"taxonomy":"category","embeddable":true,"href":"https:\/\/esreviral.com\/index.php?rest_route=%2Fwp%2Fv2%2Fcategories&post=41903"},{"taxonomy":"post_tag","embeddable":true,"href":"https:\/\/esreviral.com\/index.php?rest_route=%2Fwp%2Fv2%2Ftags&post=41903"}],"curies":[{"name":"wp","href":"https:\/\/api.w.org\/{rel}","templated":true}]}}