{"id":41887,"date":"2023-09-06T06:19:45","date_gmt":"2023-09-06T11:19:45","guid":{"rendered":"https:\/\/esreviral.com\/?p=41887"},"modified":"2023-09-06T15:55:47","modified_gmt":"2023-09-06T20:55:47","slug":"simon-la-pelicula-que-retrata-el-drama-de-los-perseguidos-politicos-venezolanos-se-presenta-en-unica-funcion-en-buenos-aires-trailer","status":"publish","type":"post","link":"https:\/\/esreviral.com\/?p=41887","title":{"rendered":"SIM\u00d3N, la pel\u00edcula que retrata el drama de los perseguidos pol\u00edticos venezolanos, se presenta en \u00fanica funci\u00f3n en Buenos Aires (+Tr\u00e1iler)"},"content":{"rendered":"\n<p><strong>SIM\u00d3N<\/strong>, escrita y dirigida por&nbsp;<strong>Diego Vicentini&nbsp;<\/strong>(su \u00f3pera prima), es una pel\u00edcula que est\u00e1 inspirada en hechos reales. Trata sobre la vida de un joven venezolano que particip\u00f3 en las&nbsp;<strong>protestas del a\u00f1o 2017 en contra del r\u00e9gimen de Nicol\u00e1s Maduro.<\/strong>&nbsp;Tras ser detenido por las autoridades, se convierte en v\u00edctima de tortura.<\/p>\n\n\n\n<p>El largometraje, que ha recibido m\u00faltiples reconocimientos en festivales de Estados Unidos y Venezuela, llega para presentarse en un cine-foro con su director, en&nbsp;<strong>UNA \u00daNICA FUNCI\u00d3N en Buenos Aires, el pr\u00f3ximo 19 de septiembre a las 19:30 hs en el Cinemark Palermo.&nbsp;<\/strong>Las entradas est\u00e1n a la venta en&nbsp;<a rel=\"noreferrer noopener\" href=\"https:\/\/www.eventbrite.com\/e\/simon-buenos-aires-premiere-tickets-690688847937?aff=oddtdtcreator&amp;utm_source=perfit&amp;utm_medium=email&amp;utm_campaign=LA%20MALA%20lo%20nuevo%20de%20Steffania%20Uttaro\" target=\"_blank\">simonmovie.com<\/a><\/p>\n\n\n\n<figure class=\"wp-block-embed is-type-video is-provider-youtube wp-block-embed-youtube wp-embed-aspect-16-9 wp-has-aspect-ratio\"><div class=\"wp-block-embed__wrapper\">\n<div class=\"jeg_video_container jeg_video_content\"><iframe title=\"SIM\u00d3N | Teaser Trailer 4K\" width=\"500\" height=\"281\" src=\"https:\/\/www.youtube.com\/embed\/ERuMy7tpfNY?feature=oembed\" frameborder=\"0\" allow=\"accelerometer; autoplay; clipboard-write; encrypted-media; gyroscope; picture-in-picture; web-share\" referrerpolicy=\"strict-origin-when-cross-origin\" allowfullscreen><\/iframe><\/div>\n<\/div><\/figure>\n\n\n\n<p><br><strong>Parte de los ingresos por taquilla ser\u00e1n donados a fundaciones que alimentan a ni\u00f1os en Venezuela.<\/strong><\/p>\n\n\n\n<h4 class=\"wp-block-heading\"><mark style=\"background-color:rgba(0, 0, 0, 0)\" class=\"has-inline-color has-vivid-red-color\"><strong>SIM\u00d3N, la pel\u00edcula<\/strong><\/mark><\/h4>\n\n\n\n<p>La ola de protestas masivas que se vivi\u00f3 en Venezuela durante el a\u00f1o 2017, en contra del r\u00e9gimen de Nicol\u00e1s Maduro, arrojaron un saldo de m\u00e1s de 150 muertos, casi tres mil heridos y m\u00e1s de 1.300 detenidos, seg\u00fan datos del Foro Penal Venezolano.<\/p>\n\n\n\n<p>Los sucesos ocurridos durante ese a\u00f1o han sido condenados e investigados por distintas instituciones y organismos, entre ellos, Amnist\u00eda Internacional,<\/p>\n\n\n\n<p>Human Rights Watch, la Organizaci\u00f3n de las Naciones Unidas, la Organizaci\u00f3n de los Estados Americanos y La Corte Penal Internacional. Estos han denunciado la pol\u00edtica de represi\u00f3n del gobierno de Nicol\u00e1s Maduro, documentando pruebas y miles de testimonios que dan cuenta del uso excesivo de las fuerzas para reprimir a manifestantes, delitos de asesinato, encarcelamiento, privaci\u00f3n grave de la libertad f\u00edsica, tortura, actos inhumanos, persecuci\u00f3n por motivos pol\u00edticos y otras formas de violaci\u00f3n de los derechos humanos cometidas por las fuerzas de seguridad contra opositores al r\u00e9gimen venezolano.<\/p>\n\n\n\n<p>Las im\u00e1genes de protestas y violencia vividas en Venezuela durante aquel 2017, dieron la vuelta al mundo. Estos sucesos fueron seguidos desde la distancia por Diego Vicentini, un joven venezolano, quien desde el 2009 estaba radicado en Estados Unidos y se encontraba por terminar de cursar una maestr\u00eda en cine en el New York Film Academy.<\/p>\n\n\n\n<p>El ver desde la distancia la lucha que realizaba su generaci\u00f3n en el pa\u00eds donde vivi\u00f3 hasta los 15 a\u00f1os, y el contraste con su realidad, lo llev\u00f3 a sentirse culpable. Es entonces cuando decide recurrir al cine como una herramienta para luchar por el pa\u00eds, pero desde el punto de vista de un emigrante.<\/p>\n\n\n\n<p>Bajo esta premisa, nace en el 2018 el cortometraje de \u00abSIM\u00d3N\u00bb, con el que Vicentini recorrI\u00f3 diversos festivales y visit\u00f3 la ciudad de Buenos Aires en 2019, junto al actor Christian McGaffney (Sim\u00f3n), para ofrecer un cine-foro en el que participaron alrededor de 200 personas.<\/p>\n\n\n\n<p>Un a\u00f1o despu\u00e9s de su presentaci\u00f3n en Argentina, y en medio de la pandemia del Covid-19, comenzar\u00eda el rodaje del largometraje del mismo nombre. Hoy, luego de tres a\u00f1os de producci\u00f3n, podremos disfrutar en Buenos Aires de \u00abSIM\u00d3N\u00bb, esta vez en forma de largometraje. La funci\u00f3n ser\u00e1 el pr\u00f3ximo 19 de septiembre.<\/p>\n\n\n<div class=\"wp-block-image\">\n<figure class=\"aligncenter size-large\"><img fetchpriority=\"high\" decoding=\"async\" width=\"1024\" height=\"683\" src=\"https:\/\/esreviral.com\/wp-content\/uploads\/2023\/09\/unnamed-1-1-1024x683.webp\" alt=\"\" class=\"wp-image-41889\" srcset=\"https:\/\/esreviral.com\/wp-content\/uploads\/2023\/09\/unnamed-1-1-1024x683.webp 1024w, https:\/\/esreviral.com\/wp-content\/uploads\/2023\/09\/unnamed-1-1-300x200.webp 300w, https:\/\/esreviral.com\/wp-content\/uploads\/2023\/09\/unnamed-1-1-768x512.webp 768w, https:\/\/esreviral.com\/wp-content\/uploads\/2023\/09\/unnamed-1-1-1536x1024.webp 1536w, https:\/\/esreviral.com\/wp-content\/uploads\/2023\/09\/unnamed-1-1-750x500.webp 750w, https:\/\/esreviral.com\/wp-content\/uploads\/2023\/09\/unnamed-1-1-1140x760.webp 1140w, https:\/\/esreviral.com\/wp-content\/uploads\/2023\/09\/unnamed-1-1.webp 2048w\" sizes=\"(max-width: 1024px) 100vw, 1024px\" \/><\/figure><\/div>\n\n\n<h4 class=\"wp-block-heading\"><strong><mark style=\"background-color:rgba(0, 0, 0, 0)\" class=\"has-inline-color has-vivid-red-color\">SIM\u00d3N representar\u00e1 a Venezuela en los Premios Goya 2024<\/mark><\/strong><\/h4>\n\n\n\n<p>SIM\u00d3N, escrita y dirigida por Diego Vicentini y protagonizada por Christian McGaffney, representar\u00e1 a Venezuela en la edici\u00f3n n\u00famero 38 de los Premios Goya. La decisi\u00f3n fue anunciada por La Academia de Ciencias y Artes Cinematogr\u00e1ficas de Venezuela.<\/p>\n\n\n\n<p>El film no para de acumular \u00e9xitos y reconocimientos tras su paso por diversos festivales. La historia de SIM\u00d3N conmovi\u00f3 al p\u00fablico y al jurado del Festival de Cine de Florida, conquist\u00f3 el t\u00edtulo a Mejor Pel\u00edcula Internacional Premio de Audiencia en el Dallas International Film Festival y fue premiada en el Festival del Cine Venezolano de M\u00e9rida este a\u00f1o, con los galardones a Mejor Pel\u00edcula, Mejor Director, Mejor Gui\u00f3n, Mejor Fotograf\u00eda, Mejor Edici\u00f3n y Mejor Actor de Reparto.<\/p>\n\n\n\n<p>Adem\u00e1s, la cinta es parte de la selecci\u00f3n oficial de largometrajes del New York Latino Film Festival, Los Angeles Independent Film Festival y otros tres festivales a\u00fan por anunciar.<\/p>\n\n\n\n<p>De igual manera, SIM\u00d3N ha sido muy halagada por la cr\u00edtica especializada, lo cual puede verse a trav\u00e9s del reconocido sitio web de rese\u00f1as y revisi\u00f3n para cine y televisi\u00f3n, Rotten Tomatoes, que a la fecha acumula s\u00f3lo opiniones positivas, d\u00e1ndole el 100% del \u201cTomatometer\u201d.<\/p>\n\n\n<div class=\"wp-block-image\">\n<figure class=\"aligncenter size-large\"><img decoding=\"async\" width=\"1024\" height=\"683\" src=\"https:\/\/esreviral.com\/wp-content\/uploads\/2023\/09\/unnamed-2-1-1024x683.webp\" alt=\"\" class=\"wp-image-41890\" srcset=\"https:\/\/esreviral.com\/wp-content\/uploads\/2023\/09\/unnamed-2-1-1024x683.webp 1024w, https:\/\/esreviral.com\/wp-content\/uploads\/2023\/09\/unnamed-2-1-300x200.webp 300w, https:\/\/esreviral.com\/wp-content\/uploads\/2023\/09\/unnamed-2-1-768x512.webp 768w, https:\/\/esreviral.com\/wp-content\/uploads\/2023\/09\/unnamed-2-1-1536x1024.webp 1536w, https:\/\/esreviral.com\/wp-content\/uploads\/2023\/09\/unnamed-2-1-750x500.webp 750w, https:\/\/esreviral.com\/wp-content\/uploads\/2023\/09\/unnamed-2-1-1140x760.webp 1140w, https:\/\/esreviral.com\/wp-content\/uploads\/2023\/09\/unnamed-2-1.webp 2048w\" sizes=\"(max-width: 1024px) 100vw, 1024px\" \/><\/figure><\/div>\n\n\n<h4 class=\"wp-block-heading\"><strong><mark style=\"background-color:rgba(0, 0, 0, 0)\" class=\"has-inline-color has-vivid-red-color\">Sinopsis<\/mark><\/strong><\/h4>\n\n\n\n<p>Sim\u00f3n, un l\u00edder estudiantil venezolano, escapa a Miami en busca de asilo pol\u00edtico. All\u00ed conoce a Melissa, una joven estudiante de derecho americana que decide ayudarlo con su caso. Pedir asilo significa revivir los crudos eventos que lo hicieron salir de Venezuela y Sim\u00f3n no est\u00e1 preparado para reabrir esa herida.<\/p>\n\n\n\n<p>Sim\u00f3n tendr\u00e1 que confrontar su propia rabia, su propia culpa y su propia tristeza; adem\u00e1s de darle la cara a su grupo de amigos y compa\u00f1eros de lucha que siente que abandon\u00f3 en Venezuela. El tiempo se acaba y Sim\u00f3n debe decidir si olvidar para siempre su pasado y empezar una nueva vida, o volver a su pa\u00eds y retomar la lucha por la libertad.<\/p>\n\n\n\n<h2 class=\"wp-block-heading\">Conecta con Sim\u00f3n en redes:<\/h2>\n\n\n\n<p><strong>Twitter (X)<\/strong>:&nbsp;<a href=\"https:\/\/twitter.com\/simonthefilm?utm_source=perfit&amp;utm_medium=email&amp;utm_campaign=LA%20MALA%20lo%20nuevo%20de%20Steffania%20Uttaro\" rel=\"noreferrer noopener\" target=\"_blank\">https:\/\/twitter.com\/simonthefilm<\/a><br><strong>Facebook:<\/strong>&nbsp;<a href=\"https:\/\/www.facebook.com\/simonthefilm?utm_source=perfit&amp;utm_medium=email&amp;utm_campaign=LA%20MALA%20lo%20nuevo%20de%20Steffania%20Uttaro\" rel=\"noreferrer noopener\" target=\"_blank\">https:\/\/www.facebook.com\/simonthefilm<\/a><br><strong>Instagram:&nbsp;<\/strong><a href=\"https:\/\/www.instagram.com\/simonthefilm?utm_source=perfit&amp;utm_medium=email&amp;utm_campaign=LA%20MALA%20lo%20nuevo%20de%20Steffania%20Uttaro\" rel=\"noreferrer noopener\" target=\"_blank\">https:\/\/www.instagram.com\/simonthefilm<\/a><\/p>\n\n\n\n<p><strong>TikTok:&nbsp;<\/strong><a rel=\"noreferrer noopener\" href=\"https:\/\/www.tiktok.com\/@simonthefilm?utm_source=perfit&amp;utm_medium=email&amp;utm_campaign=LA%20MALA%20lo%20nuevo%20de%20Steffania%20Uttaro\" target=\"_blank\">https:\/\/www.tiktok.com\/@simonthefilm<\/a><br><strong>YouTube:<\/strong>&nbsp;<a rel=\"noreferrer noopener\" href=\"https:\/\/www.youtube.com\/@simonthefilm\/?utm_source=perfit&amp;utm_medium=email&amp;utm_campaign=LA%20MALA%20lo%20nuevo%20de%20Steffania%20Uttaro\" target=\"_blank\">https:\/\/www.youtube.com\/@simonthefilm\/<\/a><\/p>\n\n\n\n<figure class=\"wp-block-table\"><table><tbody><tr><td>Prensa:<strong>&nbsp;DANIELA FLORES<\/strong>&nbsp;|&nbsp;<a href=\"https:\/\/agenciasiete.com.ar\/?utm_source=perfit&amp;utm_medium=email&amp;utm_campaign=LA%20MALA%20lo%20nuevo%20de%20Steffania%20Uttaro\" rel=\"noreferrer noopener\" target=\"_blank\">Agencia Siete<\/a><\/td><\/tr><\/tbody><\/table><\/figure>\n","protected":false},"excerpt":{"rendered":"<p>SIM\u00d3N, escrita y dirigida por&nbsp;Diego Vicentini&nbsp;(su \u00f3pera prima), es una pel\u00edcula que est\u00e1 inspirada en hechos reales. Trata sobre la vida de un joven venezolano que particip\u00f3 en las&nbsp;protestas del a\u00f1o 2017 en contra del r\u00e9gimen de Nicol\u00e1s Maduro.&nbsp;Tras ser detenido por las autoridades, se convierte en v\u00edctima de tortura. El largometraje, que ha recibido [&hellip;]<\/p>\n","protected":false},"author":5,"featured_media":41888,"comment_status":"closed","ping_status":"closed","sticky":false,"template":"","format":"standard","meta":{"jnews-multi-image_gallery":[],"jnews_single_post":{"subtitle":"","format":"standard","video":"","gallery":"","source_name":"","source_url":"","via_name":"","via_url":"","override_template":"0","override":[{"template":"4","single_blog_custom":"","parallax":"1","fullscreen":"1","layout":"right-sidebar","sidebar":"default-sidebar","second_sidebar":"default-sidebar","sticky_sidebar":"1","share_position":"top","share_float_style":"share-monocrhome","show_share_counter":"1","show_view_counter":"1","show_featured":"1","show_post_meta":"1","show_post_author":"1","show_post_author_image":"1","show_post_date":"1","post_date_format":"default","post_date_format_custom":"Y\/m\/d","show_post_category":"1","show_post_reading_time":"1","post_reading_time_wpm":"300","show_zoom_button":"1","zoom_button_out_step":"2","zoom_button_in_step":"3","show_post_tag":"1","show_prev_next_post":"1","show_popup_post":"1","number_popup_post":"1","show_author_box":"1","show_post_related":"1","show_inline_post_related":"0"}],"override_image_size":"0","image_override":[{"single_post_thumbnail_size":"crop-500","single_post_gallery_size":"crop-500"}],"trending_post":"0","trending_post_position":"meta","trending_post_label":"Trending","sponsored_post":"0","sponsored_post_label":"Sponsored by","sponsored_post_name":"","sponsored_post_url":"","sponsored_post_logo_enable":"0","sponsored_post_logo":"","sponsored_post_desc":"","disable_ad":"0"},"jnews_primary_category":{"id":"","hide":""},"jnews_social_meta":{"fb_title":"","fb_description":"","fb_image":"","twitter_title":"","twitter_description":"","twitter_image":""},"jnews_review":[],"enable_review":"0","type":"percentage","name":"","summary":"","brand":"","sku":"","good":[{"good_text":""}],"bad":[{"bad_text":""}],"score_override":"","override_value":"","rating":[{"rating_text":"","rating_number":"10"}],"price":[{"shop":"","price":"","link":"","icon":""}],"jnews_override_counter":{"override_view_counter":"0","view_counter_number":"0","override_share_counter":"0","share_counter_number":"0","override_like_counter":"0","like_counter_number":"0","override_dislike_counter":"0","dislike_counter_number":"0"},"jnews_post_split":{"enable_post_split":"0","post_split":[{"template":"1","tag":"h2","numbering":"asc","mode":"normal","first":"0","enable_toc":"0","toc_type":"normal"}]},"footnotes":""},"categories":[1069,50],"tags":[12190,12188],"class_list":["post-41887","post","type-post","status-publish","format-standard","has-post-thumbnail","hentry","category-cine-y-series","category-entretenimiento","tag-premios-goya","tag-simon"],"amp_enabled":true,"_links":{"self":[{"href":"https:\/\/esreviral.com\/index.php?rest_route=\/wp\/v2\/posts\/41887"}],"collection":[{"href":"https:\/\/esreviral.com\/index.php?rest_route=\/wp\/v2\/posts"}],"about":[{"href":"https:\/\/esreviral.com\/index.php?rest_route=\/wp\/v2\/types\/post"}],"author":[{"embeddable":true,"href":"https:\/\/esreviral.com\/index.php?rest_route=\/wp\/v2\/users\/5"}],"replies":[{"embeddable":true,"href":"https:\/\/esreviral.com\/index.php?rest_route=%2Fwp%2Fv2%2Fcomments&post=41887"}],"version-history":[{"count":0,"href":"https:\/\/esreviral.com\/index.php?rest_route=\/wp\/v2\/posts\/41887\/revisions"}],"wp:featuredmedia":[{"embeddable":true,"href":"https:\/\/esreviral.com\/index.php?rest_route=\/wp\/v2\/media\/41888"}],"wp:attachment":[{"href":"https:\/\/esreviral.com\/index.php?rest_route=%2Fwp%2Fv2%2Fmedia&parent=41887"}],"wp:term":[{"taxonomy":"category","embeddable":true,"href":"https:\/\/esreviral.com\/index.php?rest_route=%2Fwp%2Fv2%2Fcategories&post=41887"},{"taxonomy":"post_tag","embeddable":true,"href":"https:\/\/esreviral.com\/index.php?rest_route=%2Fwp%2Fv2%2Ftags&post=41887"}],"curies":[{"name":"wp","href":"https:\/\/api.w.org\/{rel}","templated":true}]}}