{"id":41869,"date":"2023-09-05T09:18:25","date_gmt":"2023-09-05T14:18:25","guid":{"rendered":"https:\/\/esreviral.com\/?p=41869"},"modified":"2023-09-05T09:21:30","modified_gmt":"2023-09-05T14:21:30","slug":"se-fugaron-cinco-detenidos-por-el-techo-de-una-comisaria-de-lanus","status":"publish","type":"post","link":"https:\/\/esreviral.com\/?p=41869","title":{"rendered":"Se fugaron cinco detenidos por el techo de una comisar\u00eda de Lan\u00fas (+FOTO)"},"content":{"rendered":"\n<p>Cinco detenidos se\u00a0fugaron\u00a0de la Comisar\u00eda N\u00b02 de\u00a0Lan\u00fas\u00a0Este, luego de\u00a0romper los candados de las celdas\u00a0en las que se encontraban alojados. <\/p>\n\n\n\n<p>El gobierno municipal orden\u00f3 un operativo de manera urgente para poder atraparlos.<\/p>\n\n\n\n<p>Los fugados quedaron identificados como Juan Marcelo Fascio, acusado de robo agravado por empleo de arma; Horacio Gabriel Rold\u00e1n (39), imputado por tentativa de robo; Jonathan Gabriel Fern\u00e1ndez (28), encubrimiento y resistencia a la autoridad; Marco Antonio Ram\u00edrez (21), detenido por robo agravado, y Marcelo Nicol\u00e1s Antonio Sol\u00eds (22), tambi\u00e9n por robo.<\/p>\n\n\n<div class=\"wp-block-image\">\n<figure class=\"aligncenter size-large\"><img fetchpriority=\"high\" decoding=\"async\" width=\"1024\" height=\"637\" src=\"https:\/\/esreviral.com\/wp-content\/uploads\/2023\/09\/imagen-noticias-4-2-1024x637.webp\" alt=\"\" class=\"wp-image-41873\" srcset=\"https:\/\/esreviral.com\/wp-content\/uploads\/2023\/09\/imagen-noticias-4-2-1024x637.webp 1024w, https:\/\/esreviral.com\/wp-content\/uploads\/2023\/09\/imagen-noticias-4-2-300x187.webp 300w, https:\/\/esreviral.com\/wp-content\/uploads\/2023\/09\/imagen-noticias-4-2-768x478.webp 768w, https:\/\/esreviral.com\/wp-content\/uploads\/2023\/09\/imagen-noticias-4-2-1536x955.webp 1536w, https:\/\/esreviral.com\/wp-content\/uploads\/2023\/09\/imagen-noticias-4-2-750x466.webp 750w, https:\/\/esreviral.com\/wp-content\/uploads\/2023\/09\/imagen-noticias-4-2-1140x709.webp 1140w, https:\/\/esreviral.com\/wp-content\/uploads\/2023\/09\/imagen-noticias-4-2.webp 1920w\" sizes=\"(max-width: 1024px) 100vw, 1024px\" \/><\/figure><\/div>\n\n\n<p>Seg\u00fan informaron fuentes policiales, creen que los presos se escaparon por los techos de la dependencia policial.<\/p>\n\n\n\n<p>El episodio ocurri\u00f3 cerca de las 00:00 de esta madrugada en la dependencia ubicada sobre la Gral. Bernardo O\u2019Higgins al 1800, en el centro de la mencionada localidad. <\/p>\n\n\n\n<p><strong>En ese momento, los oficiales de turno comenzaron a escuchar ruidos en los techos del lugar y al llegar a los calabozos notaron que las puertas estaban apoyadas y\u00a0los candados hab\u00edan sido violentados.<\/strong><\/p>\n\n\n\n<p>Tras realizar un conteo cara a cara de los detenidos alojados, descubrieron lo que hab\u00eda ocurrido.<strong><em> \u201cSe escucharon ruidos en los calabozos, los efectivos que estaban de turno fueron hasta all\u00ed y\u00a0se encontraron con que faltaban cinco detenidos\u201d<\/em><\/strong>, explic\u00f3 a\u00a0<em>T\u00e9lam\u00a0<\/em>una fuente consultada.<\/p>\n\n\n\n<p><strong><em>Con informaci\u00f3n de TN <\/em><\/strong><\/p>\n","protected":false},"excerpt":{"rendered":"<p>Cinco detenidos se\u00a0fugaron\u00a0de la Comisar\u00eda N\u00b02 de\u00a0Lan\u00fas\u00a0Este, luego de\u00a0romper los candados de las celdas\u00a0en las que se encontraban alojados. El gobierno municipal orden\u00f3 un operativo de manera urgente para poder atraparlos. Los fugados quedaron identificados como Juan Marcelo Fascio, acusado de robo agravado por empleo de arma; Horacio Gabriel Rold\u00e1n (39), imputado por tentativa de [&hellip;]<\/p>\n","protected":false},"author":5,"featured_media":41870,"comment_status":"closed","ping_status":"closed","sticky":false,"template":"","format":"standard","meta":{"jnews-multi-image_gallery":[],"jnews_single_post":{"subtitle":"","format":"standard","video":"","gallery":"","source_name":"","source_url":"","via_name":"","via_url":"","override_template":"0","override":[{"template":"4","single_blog_custom":"","parallax":"1","fullscreen":"1","layout":"right-sidebar","sidebar":"default-sidebar","second_sidebar":"default-sidebar","sticky_sidebar":"1","share_position":"top","share_float_style":"share-monocrhome","show_share_counter":"1","show_view_counter":"1","show_featured":"1","show_post_meta":"1","show_post_author":"1","show_post_author_image":"1","show_post_date":"1","post_date_format":"default","post_date_format_custom":"Y\/m\/d","show_post_category":"1","show_post_reading_time":"1","post_reading_time_wpm":"300","show_zoom_button":"1","zoom_button_out_step":"2","zoom_button_in_step":"3","show_post_tag":"1","show_prev_next_post":"1","show_popup_post":"1","number_popup_post":"1","show_author_box":"1","show_post_related":"1","show_inline_post_related":"0"}],"override_image_size":"0","image_override":[{"single_post_thumbnail_size":"crop-500","single_post_gallery_size":"crop-500"}],"trending_post":"0","trending_post_position":"meta","trending_post_label":"Trending","sponsored_post":"0","sponsored_post_label":"Sponsored by","sponsored_post_name":"","sponsored_post_url":"","sponsored_post_logo_enable":"0","sponsored_post_logo":"","sponsored_post_desc":"","disable_ad":"0"},"jnews_primary_category":{"id":"","hide":""},"jnews_social_meta":{"fb_title":"","fb_description":"","fb_image":"","twitter_title":"","twitter_description":"","twitter_image":""},"jnews_review":[],"enable_review":"0","type":"percentage","name":"","summary":"","brand":"","sku":"","good":[{"good_text":""}],"bad":[{"bad_text":""}],"score_override":"","override_value":"","rating":[{"rating_text":"","rating_number":"10"}],"price":[{"shop":"","price":"","link":"","icon":""}],"jnews_override_counter":{"override_view_counter":"0","view_counter_number":"0","override_share_counter":"0","share_counter_number":"0","override_like_counter":"0","like_counter_number":"0","override_dislike_counter":"0","dislike_counter_number":"0"},"jnews_post_split":{"enable_post_split":"0","post_split":[{"template":"1","tag":"h2","numbering":"asc","mode":"normal","first":"0","enable_toc":"0","toc_type":"normal"}]},"footnotes":""},"categories":[43,64],"tags":[1958,3142],"class_list":["post-41869","post","type-post","status-publish","format-standard","has-post-thumbnail","hentry","category-actualidad","category-sucesos","tag-detenidos","tag-lanus-2"],"amp_enabled":true,"_links":{"self":[{"href":"https:\/\/esreviral.com\/index.php?rest_route=\/wp\/v2\/posts\/41869"}],"collection":[{"href":"https:\/\/esreviral.com\/index.php?rest_route=\/wp\/v2\/posts"}],"about":[{"href":"https:\/\/esreviral.com\/index.php?rest_route=\/wp\/v2\/types\/post"}],"author":[{"embeddable":true,"href":"https:\/\/esreviral.com\/index.php?rest_route=\/wp\/v2\/users\/5"}],"replies":[{"embeddable":true,"href":"https:\/\/esreviral.com\/index.php?rest_route=%2Fwp%2Fv2%2Fcomments&post=41869"}],"version-history":[{"count":0,"href":"https:\/\/esreviral.com\/index.php?rest_route=\/wp\/v2\/posts\/41869\/revisions"}],"wp:featuredmedia":[{"embeddable":true,"href":"https:\/\/esreviral.com\/index.php?rest_route=\/wp\/v2\/media\/41870"}],"wp:attachment":[{"href":"https:\/\/esreviral.com\/index.php?rest_route=%2Fwp%2Fv2%2Fmedia&parent=41869"}],"wp:term":[{"taxonomy":"category","embeddable":true,"href":"https:\/\/esreviral.com\/index.php?rest_route=%2Fwp%2Fv2%2Fcategories&post=41869"},{"taxonomy":"post_tag","embeddable":true,"href":"https:\/\/esreviral.com\/index.php?rest_route=%2Fwp%2Fv2%2Ftags&post=41869"}],"curies":[{"name":"wp","href":"https:\/\/api.w.org\/{rel}","templated":true}]}}