{"id":41861,"date":"2023-09-05T08:31:58","date_gmt":"2023-09-05T13:31:58","guid":{"rendered":"https:\/\/esreviral.com\/?p=41861"},"modified":"2023-09-05T08:36:52","modified_gmt":"2023-09-05T13:36:52","slug":"la-confesion-del-principal-sospechoso-del-asesinato-del-ingeniero-se-me-paro-de-manos-y-le-tuve-que-dar-un-puntazo","status":"publish","type":"post","link":"https:\/\/esreviral.com\/?p=41861","title":{"rendered":"La confesi\u00f3n del principal sospechoso del asesinato del ingeniero: \u201cSe me par\u00f3 de manos y le tuve que dar un puntazo\u201d"},"content":{"rendered":"\n<p>En el marco de la investigaci\u00f3n que busca saber\u00a0qui\u00e9n o qui\u00e9nes participaron en el crimen de\u00a0Mariano Barbieri, el ingeniero civil que fue asesinado de una pu\u00f1alada el pasado mi\u00e9rcoles por la noche en Palermo,\u00a0uno de los detenidos lanz\u00f3 una contundente frase en relaci\u00f3n al hecho.<\/p>\n\n\n\n<p>Se trata de un cartonero que, seg\u00fan indicaron los investigadores, la noche del crimen le confes\u00f3 a un grupo de amigos del Barrio 31:\u00a0<strong><em>\u201cUno se me par\u00f3 de manos y le tuve que dar un puntazo\u201d.<\/em><\/strong><\/p>\n\n\n\n<p>El hombre de 29 a\u00f1os posee antecedentes penales y su vestimenta se asemeja a la del agresor,\u00a0presuntamente identificado en un video captado por una c\u00e1mara de seguridad.\u00a0Entre su ropa,\u00a0una bufanda parece tener manchas de sangre y ser\u00e1 analizada.<\/p>\n\n\n<div class=\"wp-block-image\">\n<figure class=\"aligncenter size-large\"><img fetchpriority=\"high\" decoding=\"async\" width=\"1024\" height=\"637\" src=\"https:\/\/esreviral.com\/wp-content\/uploads\/2023\/09\/imagen-noticias-1-2-1024x637.webp\" alt=\"\" class=\"wp-image-41867\" srcset=\"https:\/\/esreviral.com\/wp-content\/uploads\/2023\/09\/imagen-noticias-1-2-1024x637.webp 1024w, https:\/\/esreviral.com\/wp-content\/uploads\/2023\/09\/imagen-noticias-1-2-300x187.webp 300w, https:\/\/esreviral.com\/wp-content\/uploads\/2023\/09\/imagen-noticias-1-2-768x478.webp 768w, https:\/\/esreviral.com\/wp-content\/uploads\/2023\/09\/imagen-noticias-1-2-1536x955.webp 1536w, https:\/\/esreviral.com\/wp-content\/uploads\/2023\/09\/imagen-noticias-1-2-750x466.webp 750w, https:\/\/esreviral.com\/wp-content\/uploads\/2023\/09\/imagen-noticias-1-2-1140x709.webp 1140w, https:\/\/esreviral.com\/wp-content\/uploads\/2023\/09\/imagen-noticias-1-2.webp 1920w\" sizes=\"(max-width: 1024px) 100vw, 1024px\" \/><\/figure><\/div>\n\n\n<p><strong>La Polic\u00eda de la Ciudad de Buenos Aires confirm\u00f3 que\u00a0hay dos personas detenidas por el caso.\u00a0El primero fue aprehendido en horas del mediod\u00eda por la Divisi\u00f3n Homicidios y el segundo fue puesto a disposici\u00f3n de la Justicia durante la tarde por la Divisi\u00f3n Antidrogas Norte.<\/strong><\/p>\n\n\n\n<p>El primero de los sospechosos, que\u00a0ten\u00eda una gorra y una bufanda similares a las que se ven en las filmaciones, fue visto antes de ingresar a la Plaza Sicilia por el Jard\u00edn Japon\u00e9s. El horario coincide con el mismo que hizo Barbieri la noche de ese mi\u00e9rcoles 30 de agosto.<\/p>\n\n\n\n<p><strong><em>Con informaci\u00f3n de TN<\/em><\/strong><\/p>\n","protected":false},"excerpt":{"rendered":"<p>En el marco de la investigaci\u00f3n que busca saber\u00a0qui\u00e9n o qui\u00e9nes participaron en el crimen de\u00a0Mariano Barbieri, el ingeniero civil que fue asesinado de una pu\u00f1alada el pasado mi\u00e9rcoles por la noche en Palermo,\u00a0uno de los detenidos lanz\u00f3 una contundente frase en relaci\u00f3n al hecho. Se trata de un cartonero que, seg\u00fan indicaron los investigadores, [&hellip;]<\/p>\n","protected":false},"author":5,"featured_media":41863,"comment_status":"closed","ping_status":"closed","sticky":false,"template":"","format":"standard","meta":{"jnews-multi-image_gallery":[],"jnews_single_post":{"subtitle":"","format":"standard","video":"","gallery":"","source_name":"","source_url":"","via_name":"","via_url":"","override_template":"0","override":[{"template":"4","single_blog_custom":"","parallax":"1","fullscreen":"1","layout":"right-sidebar","sidebar":"default-sidebar","second_sidebar":"default-sidebar","sticky_sidebar":"1","share_position":"top","share_float_style":"share-monocrhome","show_share_counter":"1","show_view_counter":"1","show_featured":"1","show_post_meta":"1","show_post_author":"1","show_post_author_image":"1","show_post_date":"1","post_date_format":"default","post_date_format_custom":"Y\/m\/d","show_post_category":"1","show_post_reading_time":"1","post_reading_time_wpm":"300","show_zoom_button":"1","zoom_button_out_step":"2","zoom_button_in_step":"3","show_post_tag":"1","show_prev_next_post":"1","show_popup_post":"1","number_popup_post":"1","show_author_box":"1","show_post_related":"1","show_inline_post_related":"0"}],"override_image_size":"0","image_override":[{"single_post_thumbnail_size":"crop-500","single_post_gallery_size":"crop-500"}],"trending_post":"0","trending_post_position":"meta","trending_post_label":"Trending","sponsored_post":"0","sponsored_post_label":"Sponsored by","sponsored_post_name":"","sponsored_post_url":"","sponsored_post_logo_enable":"0","sponsored_post_logo":"","sponsored_post_desc":"","disable_ad":"0"},"jnews_primary_category":{"id":"","hide":""},"jnews_social_meta":{"fb_title":"","fb_description":"","fb_image":"","twitter_title":"","twitter_description":"","twitter_image":""},"jnews_review":[],"enable_review":"0","type":"percentage","name":"","summary":"","brand":"","sku":"","good":[{"good_text":""}],"bad":[{"bad_text":""}],"score_override":"","override_value":"","rating":[{"rating_text":"","rating_number":"10"}],"price":[{"shop":"","price":"","link":"","icon":""}],"jnews_override_counter":{"override_view_counter":"0","view_counter_number":"0","override_share_counter":"0","share_counter_number":"0","override_like_counter":"0","like_counter_number":"0","override_dislike_counter":"0","dislike_counter_number":"0"},"jnews_post_split":{"enable_post_split":"0","post_split":[{"template":"1","tag":"h2","numbering":"asc","mode":"normal","first":"0","enable_toc":"0","toc_type":"normal"}]},"footnotes":""},"categories":[43,58,64],"tags":[12184,12143],"class_list":["post-41861","post","type-post","status-publish","format-standard","has-post-thumbnail","hentry","category-actualidad","category-argentina","category-sucesos","tag-cartonero","tag-mariano-barbieri"],"amp_enabled":true,"_links":{"self":[{"href":"https:\/\/esreviral.com\/index.php?rest_route=\/wp\/v2\/posts\/41861"}],"collection":[{"href":"https:\/\/esreviral.com\/index.php?rest_route=\/wp\/v2\/posts"}],"about":[{"href":"https:\/\/esreviral.com\/index.php?rest_route=\/wp\/v2\/types\/post"}],"author":[{"embeddable":true,"href":"https:\/\/esreviral.com\/index.php?rest_route=\/wp\/v2\/users\/5"}],"replies":[{"embeddable":true,"href":"https:\/\/esreviral.com\/index.php?rest_route=%2Fwp%2Fv2%2Fcomments&post=41861"}],"version-history":[{"count":0,"href":"https:\/\/esreviral.com\/index.php?rest_route=\/wp\/v2\/posts\/41861\/revisions"}],"wp:featuredmedia":[{"embeddable":true,"href":"https:\/\/esreviral.com\/index.php?rest_route=\/wp\/v2\/media\/41863"}],"wp:attachment":[{"href":"https:\/\/esreviral.com\/index.php?rest_route=%2Fwp%2Fv2%2Fmedia&parent=41861"}],"wp:term":[{"taxonomy":"category","embeddable":true,"href":"https:\/\/esreviral.com\/index.php?rest_route=%2Fwp%2Fv2%2Fcategories&post=41861"},{"taxonomy":"post_tag","embeddable":true,"href":"https:\/\/esreviral.com\/index.php?rest_route=%2Fwp%2Fv2%2Ftags&post=41861"}],"curies":[{"name":"wp","href":"https:\/\/api.w.org\/{rel}","templated":true}]}}