{"id":41854,"date":"2023-09-05T08:19:57","date_gmt":"2023-09-05T13:19:57","guid":{"rendered":"https:\/\/esreviral.com\/?p=41854"},"modified":"2023-09-05T08:19:58","modified_gmt":"2023-09-05T13:19:58","slug":"bus-electrico-el-primer-proyecto-de-movilidad-inteligente-de-la-ciudad-ya-es-una-realidad-destaco-rodriguez-larreta","status":"publish","type":"post","link":"https:\/\/esreviral.com\/?p=41854","title":{"rendered":"Bus el\u00e9ctrico: \u00abEl \u00a0primer proyecto de movilidad inteligente de la Ciudad ya es una realidad\u00bb, destac\u00f3 Rodr\u00edguez Larreta"},"content":{"rendered":"\n<p>Horacio Rodr\u00edguez Larreta asisti\u00f3 hoy a la inauguraci\u00f3n del Centro de Inmersividad ubicado en el Parque de la Innovaci\u00f3n, en el barrio de N\u00fa\u00f1ez, donde se hizo la presentaci\u00f3n del bus el\u00e9ctrico aut\u00f3nomo como primer paso de un proyecto de investigaci\u00f3n para la creaci\u00f3n de una plataforma de movilidad urbana inteligente.<\/p>\n\n\n\n<p>El Jefe de Gobierno sostuvo que ver el avance de esta iniciativa <strong><em>\u00abes un sue\u00f1o hecho realidad\u00bb <\/em><\/strong>y destac\u00f3 que<strong><em> \u00abes el primer proyecto de movilidad inteligente que tenemos en la Ciudad\u00bb.<\/em><\/strong><\/p>\n\n\n\n<p>El modelo de bus aplicado al proyecto tiene capacidad para 15 personas (11 sentados y 4 de pie), una longitud de 4,78 metros y pesa 2.600 kilos.<\/p>\n\n\n\n<p>El veh\u00edculo no tripulado es dirigido por tecnolog\u00edas GNSS que se georreferencian con el uso de sat\u00e9lites. El tiempo de carga de la bater\u00eda dura entre 4 y 5 horas y la autonom\u00eda es de 9 horas. Actualmente se est\u00e1n desarrollando las pruebas de circulaci\u00f3n.<\/p>\n\n\n\n<p>Rodr\u00edguez Larreta record\u00f3 que <strong><em>\u00able hemos puesto mucho empuje al desarrollo del Parque de la Innovaci\u00f3n en esta zona de la Ciudad, con el foco orientado a la tecnolog\u00eda, y es una enorme alegr\u00eda comprobar que el objetivo que busc\u00e1bamos empieza a tomar forma\u00bb.<\/em><\/strong><\/p>\n\n\n\n<p>Tambi\u00e9n manifest\u00f3 su satisfacci\u00f3n y agradecimiento por \u00abel acompa\u00f1amiento de las empresas tecnol\u00f3gicas y de las universidades\u00bb.<\/p>\n\n\n\n<p>Se\u00f1al\u00f3 que<strong><em> \u00abal principio cuesta mucho generar convencimiento para que proyectos estrat\u00e9gicos de esta magnitud arranquen y avancen\u00bb<\/em><\/strong>, pero apunt\u00f3 que <strong><em>\u00abuna vez que empieza a funcionar el c\u00edrculo virtuoso, las cosa prende, se van sumando los distintos actores y se termina consolidando la idea fuerza del ecosistema, que es lo que hoy vemos aqu\u00ed\u00bb.<\/em><\/strong><\/p>\n\n\n\n<p>Rodr\u00edguez Larreta estuvo acompa\u00f1ado por el jefe de Gabinete, Felipe Miguel; el ministro de Desarrollo Econ\u00f3mico y Producci\u00f3n, Jos\u00e9 Luis Giusti, el secretario de Asuntos P\u00fablicos, Waldo Wolff; el presidente del Parque, Luis Bullrich, y el rector del Instituto Tecnol\u00f3gico de Buenos Aires (ITBA), Andr\u00e9s Agres.<\/p>\n\n\n\n<p>El Centro de Inmersividad es un espacio multiprop\u00f3sito que, a trav\u00e9s de cuatro domos con tecnolog\u00eda de realidad virtual aumentada y mixta, combina diferentes propuestas con el objetivo de transformarse en un motor de actividades de formaci\u00f3n, culturales, entretenimiento y tecnol\u00f3gicas, que pueden aplicarse a las industrias basadas en el conocimiento.<\/p>\n\n\n\n<p>Fue desarrollado por el Gobierno de la Ciudad, con el apoyo de la Universidad Tecnol\u00f3gica Nacional, que cuenta con una vasta experiencia en tecnolog\u00edas visuales de inmersividad, como las que desde hace a\u00f1os se realizan en el Planetario Galileo Galilei.<\/p>\n\n\n\n<p>Durante la jornada inaugural realizada hoy las primeras 34 startups seleccionadas para desarrollar sus proyectos participaron de un &#8216;demo day&#8217;, tal como se conoce a los eventos en los que participan las compa\u00f1\u00edas de este sector para facilitar el acercamiento y la interacci\u00f3n con los inversionistas.<\/p>\n\n\n\n<p>En este marco, y luego de que Rodr\u00edguez Larreta charl\u00f3 con representantes de las startups para conocer en detalle los distintos emprendimientos y desarrollos, se hizo la presentaci\u00f3n del proyecto de movilidad inteligente, que surgi\u00f3 a partir de una convocatoria del Parque de la Innovaci\u00f3n al ITBA con el objetivo de avanzar en el an\u00e1lisis de alternativas de transporte de este tipo.<\/p>\n\n\n\n<p>El objetivo final del proyecto apunta a evaluar su viabilidad con la idea de que pueda ser utilizado en la Ciudad en el futuro.<\/p>\n\n\n\n<p>El bus el\u00e9ctrico recorrer\u00e1 el corredor central del Parque de Innovaci\u00f3n, con una programaci\u00f3n que se ir\u00e1 adaptando a la demanda a medida que avancen las condiciones de adoptabilidad e implementaci\u00f3n. Tendr\u00e1 cinco paradas con distancias de entre 175 y 265 metros en cada plaza del predio.<\/p>\n\n\n\n<p>La investigaci\u00f3n tiene como fundamento central la idea de que ante la aceleraci\u00f3n del crecimiento urbano y las necesidades de transporte el reto para los pr\u00f3ximos a\u00f1os es desarrollar nuevas soluciones de movilidad que sean eficientes y sostenibles.<\/p>\n\n\n\n<p>La movilidad aut\u00f3noma es una modalidad por la cual el m\u00f3vil circula sin intervenci\u00f3n humana, aunque hay diferentes niveles seg\u00fan el grado de autonom\u00eda que tienen. La plataforma presentada hoy es de nivel 3, de automatizaci\u00f3n condicional, por la cual un operador permanece en la unidad, pero no se requiere que monitoree el entorno ni tiene un rol activo.<\/p>\n\n\n\n<p><strong><em>Nota de prensa<\/em><\/strong><\/p>\n","protected":false},"excerpt":{"rendered":"<p>Horacio Rodr\u00edguez Larreta asisti\u00f3 hoy a la inauguraci\u00f3n del Centro de Inmersividad ubicado en el Parque de la Innovaci\u00f3n, en el barrio de N\u00fa\u00f1ez, donde se hizo la presentaci\u00f3n del bus el\u00e9ctrico aut\u00f3nomo como primer paso de un proyecto de investigaci\u00f3n para la creaci\u00f3n de una plataforma de movilidad urbana inteligente. El Jefe de Gobierno [&hellip;]<\/p>\n","protected":false},"author":5,"featured_media":41858,"comment_status":"closed","ping_status":"closed","sticky":false,"template":"","format":"standard","meta":{"jnews-multi-image_gallery":[],"jnews_single_post":{"subtitle":"","format":"standard","video":"","gallery":"","source_name":"","source_url":"","via_name":"","via_url":"","override_template":"0","override":[{"template":"4","single_blog_custom":"","parallax":"1","fullscreen":"1","layout":"right-sidebar","sidebar":"default-sidebar","second_sidebar":"default-sidebar","sticky_sidebar":"1","share_position":"top","share_float_style":"share-monocrhome","show_share_counter":"1","show_view_counter":"1","show_featured":"1","show_post_meta":"1","show_post_author":"1","show_post_author_image":"1","show_post_date":"1","post_date_format":"default","post_date_format_custom":"Y\/m\/d","show_post_category":"1","show_post_reading_time":"1","post_reading_time_wpm":"300","show_zoom_button":"1","zoom_button_out_step":"2","zoom_button_in_step":"3","show_post_tag":"1","show_prev_next_post":"1","show_popup_post":"1","number_popup_post":"1","show_author_box":"1","show_post_related":"1","show_inline_post_related":"0"}],"override_image_size":"0","image_override":[{"single_post_thumbnail_size":"crop-500","single_post_gallery_size":"crop-500"}],"trending_post":"0","trending_post_position":"meta","trending_post_label":"Trending","sponsored_post":"0","sponsored_post_label":"Sponsored by","sponsored_post_name":"","sponsored_post_url":"","sponsored_post_logo_enable":"0","sponsored_post_logo":"","sponsored_post_desc":"","disable_ad":"0"},"jnews_primary_category":{"id":"","hide":""},"jnews_social_meta":{"fb_title":"","fb_description":"","fb_image":"","twitter_title":"","twitter_description":"","twitter_image":""},"jnews_review":[],"enable_review":"0","type":"percentage","name":"","summary":"","brand":"","sku":"","good":[{"good_text":""}],"bad":[{"bad_text":""}],"score_override":"","override_value":"","rating":[{"rating_text":"","rating_number":"10"}],"price":[{"shop":"","price":"","link":"","icon":""}],"jnews_override_counter":{"override_view_counter":"0","view_counter_number":"0","override_share_counter":"0","share_counter_number":"0","override_like_counter":"0","like_counter_number":"0","override_dislike_counter":"0","dislike_counter_number":"0"},"jnews_post_split":{"enable_post_split":"0","post_split":[{"template":"1","tag":"h2","numbering":"asc","mode":"normal","first":"0","enable_toc":"0","toc_type":"normal"}]},"footnotes":""},"categories":[43,58],"tags":[12183,158],"class_list":["post-41854","post","type-post","status-publish","format-standard","has-post-thumbnail","hentry","category-actualidad","category-argentina","tag-bus-electrico","tag-rodriguez-larreta"],"amp_enabled":true,"_links":{"self":[{"href":"https:\/\/esreviral.com\/index.php?rest_route=\/wp\/v2\/posts\/41854"}],"collection":[{"href":"https:\/\/esreviral.com\/index.php?rest_route=\/wp\/v2\/posts"}],"about":[{"href":"https:\/\/esreviral.com\/index.php?rest_route=\/wp\/v2\/types\/post"}],"author":[{"embeddable":true,"href":"https:\/\/esreviral.com\/index.php?rest_route=\/wp\/v2\/users\/5"}],"replies":[{"embeddable":true,"href":"https:\/\/esreviral.com\/index.php?rest_route=%2Fwp%2Fv2%2Fcomments&post=41854"}],"version-history":[{"count":0,"href":"https:\/\/esreviral.com\/index.php?rest_route=\/wp\/v2\/posts\/41854\/revisions"}],"wp:featuredmedia":[{"embeddable":true,"href":"https:\/\/esreviral.com\/index.php?rest_route=\/wp\/v2\/media\/41858"}],"wp:attachment":[{"href":"https:\/\/esreviral.com\/index.php?rest_route=%2Fwp%2Fv2%2Fmedia&parent=41854"}],"wp:term":[{"taxonomy":"category","embeddable":true,"href":"https:\/\/esreviral.com\/index.php?rest_route=%2Fwp%2Fv2%2Fcategories&post=41854"},{"taxonomy":"post_tag","embeddable":true,"href":"https:\/\/esreviral.com\/index.php?rest_route=%2Fwp%2Fv2%2Ftags&post=41854"}],"curies":[{"name":"wp","href":"https:\/\/api.w.org\/{rel}","templated":true}]}}